{"id":663681,"date":"2026-01-14T20:03:28","date_gmt":"2026-01-14T20:03:28","guid":{"rendered":"https:\/\/www.europesays.com\/fr\/663681\/"},"modified":"2026-01-14T20:03:28","modified_gmt":"2026-01-14T20:03:28","slug":"saint-etienne-les-nuits-de-la-lecture-2026-lunion-entre-la-ville-et-la-campagne","status":"publish","type":"post","link":"https:\/\/www.europesays.com\/fr\/663681\/","title":{"rendered":"Saint-\u00c9tienne. Les Nuits de la lecture 2026, l\u2019union entre la ville et la campagne"},"content":{"rendered":"<p>Les 23 et 24\u00a0janvier, Saint-\u00c9tienne vivra au rythme de la litt\u00e9rature \u00e0 l\u2019occasion des Nuits de la lecture. Port\u00e9e par les m\u00e9diath\u00e8ques municipales, cette nouvelle \u00e9dition explore une th\u00e9matique li\u00e9e \u00e0 l\u2019identit\u00e9 locale\u00a0: \u00ab\u00a0Ville et campagne\u00a0\u00bb. Bal folk, escape game, d\u00e9gustations culinaires, lectures sont au programme de ces Nuits de la lecture ouvertes \u00e0 tous les publics.<\/p>\n<p>D\u00e8s le vendredi 23\u00a0janvier, les festivit\u00e9s d\u00e9buteront&#8230;<\/p>\n","protected":false},"excerpt":{"rendered":"Les 23 et 24\u00a0janvier, Saint-\u00c9tienne vivra au rythme de la litt\u00e9rature \u00e0 l\u2019occasion des Nuits de la lecture.&hellip;\n","protected":false},"author":2,"featured_media":663682,"comment_status":"","ping_status":"","sticky":false,"template":"","format":"standard","meta":{"footnotes":""},"categories":[9653],"tags":[1111,11,2430,6211,1687,7539,1777,674,1011,27,12,5486,25,4001,7538],"class_list":{"0":"post-663681","1":"post","2":"type-post","3":"status-publish","4":"format-standard","5":"has-post-thumbnail","7":"category-saint-etienne","8":"tag-actu","9":"tag-actualites","10":"tag-auvergne-rhone-alpes","11":"tag-conference","12":"tag-culture-loisirs","13":"tag-edition-loire-sud","14":"tag-eu","15":"tag-europe","16":"tag-fr","17":"tag-france","18":"tag-news","19":"tag-rencontre","20":"tag-republique-francaise","21":"tag-saint-etienne","22":"tag-saint-etienne-ville"},"share_on_mastodon":{"url":"https:\/\/pubeurope.com\/@fr\/115895245439687928","error":""},"_links":{"self":[{"href":"https:\/\/www.europesays.com\/fr\/wp-json\/wp\/v2\/posts\/663681","targetHints":{"allow":["GET"]}}],"collection":[{"href":"https:\/\/www.europesays.com\/fr\/wp-json\/wp\/v2\/posts"}],"about":[{"href":"https:\/\/www.europesays.com\/fr\/wp-json\/wp\/v2\/types\/post"}],"author":[{"embeddable":true,"href":"https:\/\/www.europesays.com\/fr\/wp-json\/wp\/v2\/users\/2"}],"replies":[{"embeddable":true,"href":"https:\/\/www.europesays.com\/fr\/wp-json\/wp\/v2\/comments?post=663681"}],"version-history":[{"count":0,"href":"https:\/\/www.europesays.com\/fr\/wp-json\/wp\/v2\/posts\/663681\/revisions"}],"wp:featuredmedia":[{"embeddable":true,"href":"https:\/\/www.europesays.com\/fr\/wp-json\/wp\/v2\/media\/663682"}],"wp:attachment":[{"href":"https:\/\/www.europesays.com\/fr\/wp-json\/wp\/v2\/media?parent=663681"}],"wp:term":[{"taxonomy":"category","embeddable":true,"href":"https:\/\/www.europesays.com\/fr\/wp-json\/wp\/v2\/categories?post=663681"},{"taxonomy":"post_tag","embeddable":true,"href":"https:\/\/www.europesays.com\/fr\/wp-json\/wp\/v2\/tags?post=663681"}],"curies":[{"name":"wp","href":"https:\/\/api.w.org\/{rel}","templated":true}]}}