{"id":663702,"date":"2026-01-14T20:17:19","date_gmt":"2026-01-14T20:17:19","guid":{"rendered":"https:\/\/www.europesays.com\/fr\/663702\/"},"modified":"2026-01-14T20:17:19","modified_gmt":"2026-01-14T20:17:19","slug":"r1-la-ta-rennes-a-t-elle-deja-plie-laffaire-dans-la-poule-b","status":"publish","type":"post","link":"https:\/\/www.europesays.com\/fr\/663702\/","title":{"rendered":"R1\u00a0: la TA Rennes a-t-elle d\u00e9j\u00e0 pli\u00e9 l\u2019affaire dans la poule B\u00a0?"},"content":{"rendered":"<p>R\u00e9gional 1, poule B<\/p>\n<p>Manifestement, la rel\u00e9gation a \u00e9t\u00e9 bien dig\u00e9r\u00e9e. Pensionnaire de National 3 pendant douze saisons cons\u00e9cutives, l\u2019\u00e9quipe masculine seniors du club bretillien a vu son bail s\u2019achever en mai 2025. Il s\u2019agissait donc de repartir du bon pied \u00e0 l\u2019\u00e9tage inf\u00e9rieur. Pour lancer ce nouveau cycle, K\u00e9vin Plantet a remplac\u00e9 Ludovic Royer au poste d\u2019entra\u00eeneur principal. \u00ab Apr\u00e8s une saison compliqu\u00e9e, il fallait d\u00e9j\u00e0 soigner l\u2019aspect humain, retrouver le sourire dans le vestiaire, explique le nouveau coach ta\u00efste. On a gard\u00e9 l\u2019ossature de l\u2019\u00e9quipe N3, renforc\u00e9e par quelques recrues qualitatives et des jeunes issus de la formation, et la mayonnaise a pris tout de suite. \u00bb<\/p>\n<p>\u00ab Je ne vois pas ce qui peut l\u2019emp\u00eacher de finir devant \u00bb<\/p>\n<p>Ce retour au niveau r\u00e9gional n\u2019\u00e9tait donc pas synonyme de d\u00e9gringolade, <a href=\"https:\/\/footamateur.letelegramme.fr\/clubs\/fc-guipry-messac\/on-lance-un-nouveau-cycle-comment-le-fc-guipry-messac-se-reconstruit-en-r3-apres-trois-descentes-daffilee-6931919.php\" target=\"_blank\" rel=\"noopener\">comme cela peut parfois \u00eatre le cas<\/a>. En effet, apr\u00e8s onze journ\u00e9es (sur 26), la Tour d\u2019Auvergne domine larement les d\u00e9bats (dix victoires pour une d\u00e9faite, diff\u00e9rence de buts \u00e0 + 18). Ancien joueur du club d\u00e9sormais chez le rival du FCAV Redon, Th\u00e9o Duch\u00e9 n\u2019est pas franchement surpris par ce sc\u00e9nario. \u00ab Ils n\u2019auraient m\u00eame pas d\u00fb descendre, estime-t-il. Depuis quelques saisons, ils devaient s\u2019arracher en se maintenir en N3 mais c\u2019\u00e9tait solide mentalement. L\u2019\u00e9quipe a su rester mobilis\u00e9e dans le contexte R1, sans temps d\u2019adaptation. Si elle continue \u00e0 jouer \u00e0 100 % de ses capacit\u00e9s, je ne vois pas ce qui peut l\u2019emp\u00eacher de finir devant. \u00bb<\/p>\n<p>Il y a eu malgr\u00e9 tout quelques accrocs, comme cette \u00e9limination pr\u00e9coce au 4e tour de Coupe de France, aux tirs au but face \u00e0 Ch\u00e2teau-Malo (R3), ou ce revers inattendu sur le terrain de Plo\u00ebrmel (2-0), d\u00e9but novembre. \u00ab Autant la d\u00e9faite \u00e0 Plo\u00ebrmel est logique, autant celle en Coupe de France reste une \u00e9norme d\u00e9ception, \u00e9value a posteriori K\u00e9vin Plantet. Mais dans les deux cas, les gars ont bien r\u00e9agi derri\u00e8re, pour continuer \u00e0 progresser tous ensemble \u00e0 chaque entra\u00eenement et \u00e0 chaque match. \u00bb<\/p>\n<p>Projection sur le long terme<\/p>\n<p>Avec sept points d\u2019avance sur son dauphin (Plo\u00ebrmel) avant de se rendre \u00e0 Bains-sur-Oust, dimanche, la TA Rennes est en position de force, presque intouchable. Cet hiver, elle compte aussi deux renforts offensifs : le prometteur Desty Silunsitisa (23 ans) et <a href=\"https:\/\/www.letelegramme.fr\/sports\/football\/stade-brestois\/cet-ancien-joueur-du-stade-brestois-est-aujourdhui-entraineur-adjoint-aux-etats-unis-6847882.php\" target=\"_blank\" rel=\"noopener\">l\u2019exp\u00e9riment\u00e9 Alexandre Horveno<\/a> (31 ans). \u00ab Cela montre bien qu\u2019il y a l\u2019ambition de viser plus haut \u00bb, appuie Th\u00e9o Duch\u00e9, presque r\u00e9sign\u00e9 \u00e0 voir son ancienne \u00e9curie remonter en N3 (seul le premier des deux poules de R1 acc\u00e8de au N3).<\/p>\n<p>En interne, l\u2019objectif s&rsquo;av\u00e8re plus mesur\u00e9. \u00ab On voulait jouer le haut de tableau, on y est, ent\u00e9rine K\u00e9vin Plantet. Maintenant, \u00e0 nous de garder la m\u00eame exigence de travail jusqu\u2019au bout, quel que soit notre classement. Le projet vise surtout le long terme \u00bb. Bon courage, en tout cas, \u00e0 ceux qui croiseront la route des redoutables Rennais d\u2019ici la fin mai\u2026<\/p>\n","protected":false},"excerpt":{"rendered":"R\u00e9gional 1, poule B Manifestement, la rel\u00e9gation a \u00e9t\u00e9 bien dig\u00e9r\u00e9e. Pensionnaire de National 3 pendant douze saisons&hellip;\n","protected":false},"author":2,"featured_media":663703,"comment_status":"","ping_status":"","sticky":false,"template":"","format":"standard","meta":{"footnotes":""},"categories":[2821],"tags":[328,1111,11,829,1777,674,1011,27,64405,12,50773,584,25],"class_list":{"0":"post-663702","1":"post","2":"type-post","3":"status-publish","4":"format-standard","5":"has-post-thumbnail","7":"category-rennes","8":"tag-a-la-une","9":"tag-actu","10":"tag-actualites","11":"tag-bretagne","12":"tag-eu","13":"tag-europe","14":"tag-fr","15":"tag-france","16":"tag-la-tour-dauvergne-rennes","17":"tag-news","18":"tag-regional-1","19":"tag-rennes","20":"tag-republique-francaise"},"share_on_mastodon":{"url":"https:\/\/pubeurope.com\/@fr\/115895300633659752","error":""},"_links":{"self":[{"href":"https:\/\/www.europesays.com\/fr\/wp-json\/wp\/v2\/posts\/663702","targetHints":{"allow":["GET"]}}],"collection":[{"href":"https:\/\/www.europesays.com\/fr\/wp-json\/wp\/v2\/posts"}],"about":[{"href":"https:\/\/www.europesays.com\/fr\/wp-json\/wp\/v2\/types\/post"}],"author":[{"embeddable":true,"href":"https:\/\/www.europesays.com\/fr\/wp-json\/wp\/v2\/users\/2"}],"replies":[{"embeddable":true,"href":"https:\/\/www.europesays.com\/fr\/wp-json\/wp\/v2\/comments?post=663702"}],"version-history":[{"count":0,"href":"https:\/\/www.europesays.com\/fr\/wp-json\/wp\/v2\/posts\/663702\/revisions"}],"wp:featuredmedia":[{"embeddable":true,"href":"https:\/\/www.europesays.com\/fr\/wp-json\/wp\/v2\/media\/663703"}],"wp:attachment":[{"href":"https:\/\/www.europesays.com\/fr\/wp-json\/wp\/v2\/media?parent=663702"}],"wp:term":[{"taxonomy":"category","embeddable":true,"href":"https:\/\/www.europesays.com\/fr\/wp-json\/wp\/v2\/categories?post=663702"},{"taxonomy":"post_tag","embeddable":true,"href":"https:\/\/www.europesays.com\/fr\/wp-json\/wp\/v2\/tags?post=663702"}],"curies":[{"name":"wp","href":"https:\/\/api.w.org\/{rel}","templated":true}]}}