{"id":663704,"date":"2026-01-14T20:18:22","date_gmt":"2026-01-14T20:18:22","guid":{"rendered":"https:\/\/www.europesays.com\/fr\/663704\/"},"modified":"2026-01-14T20:18:22","modified_gmt":"2026-01-14T20:18:22","slug":"la-nouvelle-librairie-kleber-ephemere-ouvre-ses-portes-ce-matin-a-9h","status":"publish","type":"post","link":"https:\/\/www.europesays.com\/fr\/663704\/","title":{"rendered":"la nouvelle librairie \u00ab Kl\u00e9ber \u00c9ph\u00e9m\u00e8re \u00bb ouvre ses portes ce matin \u00e0 9h"},"content":{"rendered":"<p>    <img loading=\"lazy\" width=\"1800\" height=\"900\" src=\"https:\/\/www.europesays.com\/fr\/wp-content\/uploads\/2025\/11\/jeanne-callthepolice.jpg\" class=\"attachment-full size-full\" alt=\"\" id=\"imageLove\" decoding=\"async\"  \/><\/p>\n<p id=\"breadcrumbs\"><a href=\"https:\/\/pokaa.fr\/\" target=\"_blank\" rel=\"noopener\">Accueil<\/a> \/ <a href=\"https:\/\/pokaa.fr\/categories\/actu\/\" target=\"_blank\" rel=\"noopener\">Info locale<\/a> \/ Strasbourg : la nouvelle librairie \u00ab Kl\u00e9ber \u00c9ph\u00e9m\u00e8re \u00bb ouvre ses portes ce matin \u00e0 9h<\/p>\n<p>                    Info locale<\/p>\n<p><b>Ce 15 janvier \u00e0 9h, la Librairie Kl\u00e9ber devient \u00ab Kl\u00e9ber \u00c9ph\u00e9m\u00e8re \u00bb pour 11 mois. Situ\u00e9e dans les locaux de l\u2019ex-Boulanger au 30 rue du 22-Novembre le temps des travaux dans le b\u00e2timent embl\u00e9matique, la librairie entame une deuxi\u00e8me vie. Pour l\u2019occasion, une petite surprise attend les premier(e)s client(e)s.<\/b><\/p>\n<p class=\"p1\">Pour les 11 prochains mois, il ne faudra plus parler de Librairie Kl\u00e9ber, mais bien de \u00ab\u00a0Kl\u00e9ber \u00c9ph\u00e9m\u00e8re\u00a0\u00bb. Apr\u00e8s un d\u00e9m\u00e9nagement express ces derniers jours, <b>les \u00e9quipes et les 190 000 livres sont pr\u00eats \u00e0 accueillir les Strasbourgeois(es) en manque de litt\u00e9rature<\/b>.<\/p>\n<p>                <a href=\"https:\/\/pokaa.fr\/2026\/01\/02\/deplacer-190-000-livres-a-strasbourg-la-librairie-kleber-ferme-ses-portes-et-demenage\/\" target=\"_blank\" rel=\"noopener\"><br \/>\n                    <img width=\"450\" height=\"270\" src=\"https:\/\/www.europesays.com\/fr\/wp-content\/uploads\/2026\/01\/img-7029-grande-450x270.jpeg\" class=\"attachment-card-horizontal--same-subject size-card-horizontal--same-subject wp-post-image\" alt=\"\" decoding=\"async\" loading=\"lazy\"\/>                <\/a><\/p>\n<p>                <img width=\"667\" height=\"500\" src=\"https:\/\/www.europesays.com\/fr\/wp-content\/uploads\/2026\/01\/img-4999-667x500.jpeg\" class=\"attachment-gallery size-gallery\" alt=\"librairie Kl\u00e9ber\" data-full-url=\"https:\/\/pokaa.fr\/wp-content\/uploads\/2026\/01\/01\/img-4999.jpeg\" decoding=\"async\" loading=\"lazy\"  \/>            <\/p>\n<p>                <img width=\"375\" height=\"500\" src=\"https:\/\/www.europesays.com\/fr\/wp-content\/uploads\/2026\/01\/img-4033-375x500.jpg\" class=\"attachment-gallery size-gallery\" alt=\"Librairie Kl\u00e9ber\" data-full-url=\"https:\/\/pokaa.fr\/wp-content\/uploads\/2026\/01\/09\/img-4033.jpg\" decoding=\"async\" loading=\"lazy\"  \/>            <\/p>\n<p>                    1. \u00a9 Anthony Jilli \/ Pokaa ; 2. \u00a9 Vivien Latuner \/ Pokaa<\/p>\n<p><b>Le nouveau lieu, situ\u00e9 dans les 1 400 m2 de l\u2019ex-Boulanger au 30 rue du 22-Novembre, ouvre ses portes ce jeudi 15 janvier \u00e0 9h<\/b>. Les Strasbourgeois(es) pourront ainsi d\u00e9couvrir la nouvelle, et \u00e9ph\u00e9m\u00e8re, direction artistique de la Librairie Kl\u00e9ber, le temps des 11 mois de travaux pr\u00e9vus dans le b\u00e2timent embl\u00e9matique de la place Kl\u00e9ber.<\/p>\n<p>D\u2019ailleurs,\u00a0les premier(e)s client(e)s \u00e0 franchir le pas de \u00ab\u00a0Kl\u00e9ber \u00c9ph\u00e9m\u00e8re\u00a0\u00bb auront le droit \u00e0 une petite surprise, pas encore d\u00e9voil\u00e9e par les \u00e9quipes de la librairie.<\/p>\n<p>                <img width=\"667\" height=\"500\" src=\"https:\/\/www.europesays.com\/fr\/wp-content\/uploads\/2026\/01\/img-5372-667x500.jpeg\" class=\"attachment-gallery size-gallery\" alt=\"Librairie Kl\u00e9ber \u00e9ph\u00e9m\u00e8re\" data-full-url=\"https:\/\/pokaa.fr\/wp-content\/uploads\/2026\/01\/14\/img-5372.jpeg\" decoding=\"async\" loading=\"lazy\"  \/>            <\/p>\n<p>                <img width=\"375\" height=\"500\" src=\"https:\/\/www.europesays.com\/fr\/wp-content\/uploads\/2026\/01\/img-5374-375x500.jpeg\" class=\"attachment-gallery size-gallery\" alt=\"Librairie Kl\u00e9ber \u00e9ph\u00e9m\u00e8re\" data-full-url=\"https:\/\/pokaa.fr\/wp-content\/uploads\/2026\/01\/14\/img-5374.jpeg\" decoding=\"async\" loading=\"lazy\"  \/>            <\/p>\n<p>                <img width=\"667\" height=\"500\" src=\"https:\/\/www.europesays.com\/fr\/wp-content\/uploads\/2026\/01\/img-5366-667x500.jpeg\" class=\"attachment-gallery size-gallery\" alt=\"Librairie Kl\u00e9ber \u00e9ph\u00e9m\u00e8re\" data-full-url=\"https:\/\/pokaa.fr\/wp-content\/uploads\/2026\/01\/14\/img-5366.jpeg\" decoding=\"async\" loading=\"lazy\"  \/>            <\/p>\n<p>                    La Librairie Kl\u00e9ber \u00e9ph\u00e9m\u00e8re. \u00a9 Anthony Jilli \/ Pokaa<\/p>\n<p>Le rappel des travaux<\/p>\n<p class=\"p1\">Alors que \u00ab Kl\u00e9ber \u00c9ph\u00e9m\u00e8re \u00bb commence sa nouvelle vie ce 15 janvier \u00e0 partir de 9h, les travaux dans le b\u00e2timent de la place Kl\u00e9ber vont quant \u00e0 eux d\u00e9marrer. Comme expos\u00e9 par Syamak Agha Babaei lors de la pr\u00e9sentation de la r\u00e9novation le 6 novembre dernier, <strong>l\u2019objectif est simple : \u00ab Il faut qu\u2019on sache que, quand on est \u00e0 la Librairie Kl\u00e9ber, on est \u00e0 Strasbourg et nulle part ailleurs. \u00bb<\/strong><\/p>\n<p class=\"p1\">Concr\u00e8tement, <b>cela passera par une \u00ab Librairie Kl\u00e9ber 2.0 \u00bb s\u2019organisant sur un rez-de-chauss\u00e9e et deux \u00e9tages, beaucoup plus faciles d\u2019acc\u00e8s que les d\u00e9dales actuels, avec un accent mis sur la d\u00e9ambulation<\/b>. On retrouvera au rez-de-chauss\u00e9e un am\u00e9nagement\u00a0avec des colonnes et un grand escalier central.<\/p>\n<p>                <a href=\"https:\/\/pokaa.fr\/2025\/11\/06\/strasbourg-en-travaux-voici-a-quoi-ressemblera-la-nouvelle-librairie-kleber-en-2027\/\" target=\"_blank\" rel=\"noopener\"><br \/>\n                    <img width=\"450\" height=\"270\" src=\"https:\/\/www.europesays.com\/fr\/wp-content\/uploads\/2026\/01\/kleber-vue3d1-c-satellite-paris-450x270.jpg\" class=\"attachment-card-horizontal--same-subject size-card-horizontal--same-subject wp-post-image\" alt=\"\" decoding=\"async\" loading=\"lazy\"\/>                <\/a><\/p>\n<p>                <img width=\"888\" height=\"500\" src=\"https:\/\/www.europesays.com\/fr\/wp-content\/uploads\/2026\/01\/kleber-vue3d1-c-satellite-paris-888x500.jpg\" class=\"attachment-gallery size-gallery\" alt=\"librairie kl\u00e9ber travaux\" data-full-url=\"https:\/\/pokaa.fr\/wp-content\/uploads\/2025\/11\/06\/kleber-vue3d1-c-satellite-paris.jpg\" decoding=\"async\" loading=\"lazy\"  \/>            <\/p>\n<p>                <img width=\"888\" height=\"500\" src=\"https:\/\/www.europesays.com\/fr\/wp-content\/uploads\/2026\/01\/kleber-vue3d2-c-satellite-paris-888x500.jpg\" class=\"attachment-gallery size-gallery\" alt=\"librairie kl\u00e9ber travaux\" data-full-url=\"https:\/\/pokaa.fr\/wp-content\/uploads\/2025\/11\/06\/kleber-vue3d2-c-satellite-paris.jpg\" decoding=\"async\" loading=\"lazy\"  \/>            <\/p>\n<p>                    \u00a9 Satellite PARIS \/ Document remis<\/p>\n<p class=\"p1\">Au 1er, on<b> foulera du parquet, des tapis et on l\u00e8vera les yeux vers les moulures, en parcourant les rayons des essais et des livres d\u2019art<\/b>. Ce sera aussi l\u2019espace de rencontres, o\u00f9 l\u2019on trouvera le lieu de retrait des commandes, appel\u00e9 Pic-Pic. Enfin, le 2e \u00e9tage sera organis\u00e9 comme un petit appartement, o\u00f9 l\u2019on d\u00e9couvrira l\u2019espace BD, livres pour enfants et mangas. Le tout, autour de mises en sc\u00e8ne color\u00e9es mettant en valeur le patrimoine alsacien.<\/p>\n<p class=\"p1\"><b>Un chantier ambitieux et imposant, d\u2019un budget total de 12,1 millions d\u2019euros, r\u00e9partis entre la Ville (8,1 millions) et les \u00e9ditions Gallimard (4 millions)<\/b>. Il ne reste plus qu\u2019\u00e0 patienter 11 mois avant de d\u00e9couvrir la nouvelle Librairie Kl\u00e9ber.<\/p>\n","protected":false},"excerpt":{"rendered":"Accueil \/ Info locale \/ Strasbourg : la nouvelle librairie \u00ab Kl\u00e9ber \u00c9ph\u00e9m\u00e8re \u00bb ouvre ses portes ce&hellip;\n","protected":false},"author":2,"featured_media":663705,"comment_status":"","ping_status":"","sticky":false,"template":"","format":"standard","meta":{"footnotes":""},"categories":[2820],"tags":[1111,11,1777,674,1011,27,775,76477,14783,33675,2003,12,25,640,58524],"class_list":{"0":"post-663704","1":"post","2":"type-post","3":"status-publish","4":"format-standard","5":"has-post-thumbnail","7":"category-strasbourg","8":"tag-actu","9":"tag-actualites","10":"tag-eu","11":"tag-europe","12":"tag-fr","13":"tag-france","14":"tag-grand-est","15":"tag-kleber-ephemere","16":"tag-librairie","17":"tag-librairie-kleber","18":"tag-livre","19":"tag-news","20":"tag-republique-francaise","21":"tag-strasbourg","22":"tag-strasbourg-actualite"},"share_on_mastodon":{"url":"https:\/\/pubeurope.com\/@fr\/115895305000586435","error":""},"_links":{"self":[{"href":"https:\/\/www.europesays.com\/fr\/wp-json\/wp\/v2\/posts\/663704","targetHints":{"allow":["GET"]}}],"collection":[{"href":"https:\/\/www.europesays.com\/fr\/wp-json\/wp\/v2\/posts"}],"about":[{"href":"https:\/\/www.europesays.com\/fr\/wp-json\/wp\/v2\/types\/post"}],"author":[{"embeddable":true,"href":"https:\/\/www.europesays.com\/fr\/wp-json\/wp\/v2\/users\/2"}],"replies":[{"embeddable":true,"href":"https:\/\/www.europesays.com\/fr\/wp-json\/wp\/v2\/comments?post=663704"}],"version-history":[{"count":0,"href":"https:\/\/www.europesays.com\/fr\/wp-json\/wp\/v2\/posts\/663704\/revisions"}],"wp:featuredmedia":[{"embeddable":true,"href":"https:\/\/www.europesays.com\/fr\/wp-json\/wp\/v2\/media\/663705"}],"wp:attachment":[{"href":"https:\/\/www.europesays.com\/fr\/wp-json\/wp\/v2\/media?parent=663704"}],"wp:term":[{"taxonomy":"category","embeddable":true,"href":"https:\/\/www.europesays.com\/fr\/wp-json\/wp\/v2\/categories?post=663704"},{"taxonomy":"post_tag","embeddable":true,"href":"https:\/\/www.europesays.com\/fr\/wp-json\/wp\/v2\/tags?post=663704"}],"curies":[{"name":"wp","href":"https:\/\/api.w.org\/{rel}","templated":true}]}}