{"id":663706,"date":"2026-01-14T20:19:17","date_gmt":"2026-01-14T20:19:17","guid":{"rendered":"https:\/\/www.europesays.com\/fr\/663706\/"},"modified":"2026-01-14T20:19:17","modified_gmt":"2026-01-14T20:19:17","slug":"a-strasbourg-catherine-trautmann-ps-mise-sur-le-pouvoir-de-vivre","status":"publish","type":"post","link":"https:\/\/www.europesays.com\/fr\/663706\/","title":{"rendered":"\u00e0 Strasbourg, Catherine Trautmann (PS) mise sur le \u00ab pouvoir de vivre \u00bb"},"content":{"rendered":"<p>    <img loading=\"lazy\" width=\"1800\" height=\"900\" src=\"https:\/\/www.europesays.com\/fr\/wp-content\/uploads\/2025\/11\/jeanne-callthepolice.jpg\" class=\"attachment-full size-full\" alt=\"\" id=\"imageLove\" decoding=\"async\"  \/><\/p>\n<p id=\"breadcrumbs\"><a href=\"https:\/\/pokaa.fr\/\" target=\"_blank\" rel=\"noopener\">Accueil<\/a> \/ <a href=\"https:\/\/pokaa.fr\/categories\/municipales-2026\/\" target=\"_blank\" rel=\"noopener\">Municipales 2026<\/a> \/ Municipales 2026 : \u00e0 Strasbourg, Catherine Trautmann (PS) mise sur le \u00ab pouvoir de vivre \u00bb<\/p>\n<p>                    Municipales 2026<\/p>\n<p><b>Ce 13 janvier, Catherine Trautmann a pr\u00e9sent\u00e9 \u00e0 la presse diff\u00e9rentes mesures sur les domaines du logement, de la sant\u00e9, des mobilit\u00e9s, de l\u2019\u00e9ducation et des services publics. Insistant sur l\u2019id\u00e9e qu\u2019\u00ab\u00a0au-del\u00e0 du pouvoir d\u2019achat, c\u2019est le\u00a0pouvoir de vivre\u00a0qui est en jeu\u00a0\u00bb, la candidate PS souhaite la gratuit\u00e9 des transports pour les + de 65 ans et des 15 premiers m3 d\u2019eau, mais \u00e9galement un stationnement moins cher.<\/b><\/p>\n<p class=\"p1\">\u00ab Les fins de mois deviennent impossibles, et l\u2019acc\u00e8s aux droits les plus fondamentaux ressemble trop souvent \u00e0 un parcours d\u2019obstacles.\u00a0\u00bb Apr\u00e8s la s\u00e9curit\u00e9, <b>Catherine Trautmann a d\u00e9voil\u00e9 plusieurs mesures pour garantir les droits des Strasbourgeois(es) sur plusieurs sujets<\/b>, allant du logement \u00e0 l\u2019\u00e9nergie, en passant par l\u2019eau, l\u2019\u00e9ducation, la sant\u00e9, la culture ou les mobilit\u00e9s.<\/p>\n<p class=\"p1\">Axant son troisi\u00e8me rendez-vous presse sur la th\u00e9matique du social, <a href=\"https:\/\/pokaa.fr\/2026\/01\/08\/municipales-2026-paul-meyer-et-nawel-rafik-elmrini-soutiennent-catherine-trautmann\/\" target=\"_blank\" rel=\"noopener\">quelques jours apr\u00e8s le ralliement de Paul Meyer et Nawel Rafik-Elmrini<\/a>, <b>la candidate annonce aller plus loin que le pouvoir d\u2019achat, voulant plut\u00f4t parler de \u00ab\u00a0pouvoir de vivre\u00a0\u00bb<\/b>. Un pouvoir de vivre dont Catherine Trautmann souhaite qu\u2019il puisse \u00ab\u00a0prot\u00e9ger les plus fragiles sans opposer les g\u00e9n\u00e9rations ni les situations de vie.\u00a0\u00bb<\/p>\n<p>                <a href=\"https:\/\/pokaa.fr\/2025\/12\/12\/municipales-2026-a-strasbourg-catherine-trautmann-veut-simposer-sur-la-securite\/\" target=\"_blank\" rel=\"noopener\"><br \/>\n                    <img width=\"450\" height=\"270\" src=\"https:\/\/www.europesays.com\/fr\/wp-content\/uploads\/2026\/01\/kkk-450x270.png\" class=\"attachment-card-horizontal--same-subject size-card-horizontal--same-subject wp-post-image\" alt=\"\" decoding=\"async\" loading=\"lazy\"\/>                <\/a><\/p>\n<p>Gratuit\u00e9, nouveaux tarifs de stationnement et encadrement des loyers : les mesures principales<\/p>\n<p class=\"p1\">En premier lieu, <b>Catherine Trautmann annonce plusieurs mesures sociales portant sur diff\u00e9rentes gratuit\u00e9s<\/b>. Dans le d\u00e9tail :<\/p>\n<ul class=\"ul1\">\n<li class=\"li1\"><b>La gratuit\u00e9 des transports en commun pour les + 65 ans<\/b>. Une mesure qui va plus loin que celle propos\u00e9e par Jean-Philippe Vetter, <a href=\"https:\/\/pokaa.fr\/2025\/12\/07\/municipales-2026-jean-philippe-vetter-propose-un-abonnement-cts-a-1e-pour-les-de-65-ans\/\" target=\"_blank\" rel=\"noopener\">qui avait propos\u00e9 un abonnement \u00e0 1\u20ac\/mois<\/a>.<\/li>\n<li class=\"li1\"><b>La gratuit\u00e9 des 15 premiers m3 d\u2019eau<\/b>.<\/li>\n<li class=\"li1\"><b>La gratuit\u00e9 des fournitures scolaires pour tous les enfants, \u00e0 chaque rentr\u00e9e<\/b>.<\/li>\n<li class=\"li1\">Enfin, <b>rendre gratuites les 30 premi\u00e8res minutes de stationnement en voirie<\/b>, dans les zones payantes.<\/li>\n<\/ul>\n<blockquote><p>\n        Il faut agir vite, d\u00e8s la premi\u00e8re ann\u00e9e, avec des d\u00e9cisions concr\u00e8tes qui rel\u00e8vent des comp\u00e9tences de la Ville et de l\u2019Eurom\u00e9tropole.    <\/p><\/blockquote>\n<p>            Catherine Trautmann<\/p>\n<p>    <img width=\"400\" height=\"600\" src=\"https:\/\/www.europesays.com\/fr\/wp-content\/uploads\/2026\/01\/car06824-400x600.jpg\" class=\"attachment-image-size-M size-image-size-M\" alt=\"catherine trautmann\" decoding=\"async\" loading=\"lazy\"  \/>         \u00a9 Manon Jensen \/ Pokaa <\/p>\n<p class=\"p6\">Toujours dans cette optique d\u2019am\u00e9liorer les fins de mois, <b>Catherine Trautmann a annonc\u00e9 d\u2019autres mesures. Il y a par exemple le renforcement de la tarification solidaire et la refonte de l\u2019ensemble des tarifs municipaux<\/b>, notamment ceux des transports et du stationnement. Cette volont\u00e9 de ma\u00eetriser les tarifs, quels qu\u2019ils soient, passe \u00e9galement par un encadrement des loyers, la r\u00e9novation thermique des b\u00e2timents et la cr\u00e9ation d\u2019un service public de l\u2019\u00e9nergie.<\/p>\n<p class=\"p6\">Enfin, la candidate propose de simplifier les tarifs des tickets de bus et trams : <b>2\u20ac les 2h et 4\u20ac les 24h pour 1 personne [contre 1,90\u20ac l\u2019heure et 4,60\u20ac les 24h actuellement, ndlr] ; 4\u20ac les 2h et 8\u20ac les 24h pour 2 \u00e0 5 personnes<\/b>. Elle souhaite baisser les prix du stationnement r\u00e9sident, allant de 5\u20ac \u00e0 20\u20ac\/mois selon les zones et le quotient familial, contre de 15 \u00e0 40\u20ac actuellement. Le prix du stationnement sera sans doute un sujet des municipales, Jeanne Barseghian ayant d\u00e9j\u00e0 r\u00e9cemment propos\u00e9 une tranche \u00e0 5\u20ac\/mois.<\/p>\n<p>    <img width=\"800\" height=\"600\" src=\"https:\/\/www.europesays.com\/fr\/wp-content\/uploads\/2026\/01\/img-2495-800x600.jpg\" class=\"attachment-image-size-L size-image-size-L\" alt=\"stationnement horodateur\" decoding=\"async\" loading=\"lazy\"  \/>         \u00a9 Nicolas Kaspar \/ Pokaa <\/p>\n<p>Le reste des mesures pour favoriser les acc\u00e8s aux droits<\/p>\n<p class=\"p6\">En plus de ces mesures, Catherine Trautmann compl\u00e8te son \u00e9ventail de propositions sociales. <b>La candidate PS compte d\u00e9velopper plusieurs plans, notamment un Plan livre et un Plan \u00e9t\u00e9<\/b>.<\/p>\n<p class=\"p6\">Le premier consiste en une carte de m\u00e9diath\u00e8que remise \u00e0 chaque enfant \u00e0 l\u2019entr\u00e9e en CP, un livre offert \u00e0 chaque \u00e9l\u00e8ve de CM2, et des horaires \u00e9largis pour les m\u00e9diath\u00e8ques. Le second sanctuarise le droit aux vacances et aux loisirs, pour proposer aux enfants et aux jeunes des s\u00e9jours.<\/p>\n<blockquote><p>\n        Il n\u2019est pas acceptable que\u00a0le logement, l\u2019eau, l\u2019\u00e9nergie, la sant\u00e9, l\u2019\u00e9ducation, la culture, la mobilit\u00e9\u00a0soient trait\u00e9s comme des privil\u00e8ges.    <\/p><\/blockquote>\n<p>            Catherine Trautmann<\/p>\n<p class=\"p6\">Pour favoriser l\u2019acc\u00e8s aux droits, <b>la candidate veut d\u00e9velopper dans les mairies de quartier des accueils num\u00e9riques et juridiques,<\/b> mettre en place un m\u00e9diateur du logement pour lutter contre le non-recours aux droits et renforcer la lutte contre l\u2019habitat indigne.<\/p>\n<p class=\"p6\">Enfin, dans le domaine de la sant\u00e9, Catherine Trautmann veut ouvrir une maison m\u00e9dicale de garde, accessible le soir et le week-end, mettre en place des consultations v\u00e9t\u00e9rinaires solidaires, et<b>\u00a0cr\u00e9er une mutuelle communale pour faciliter l\u2019acc\u00e8s aux soins<\/b>. C\u2019est \u00e7a, le \u00ab\u00a0pouvoir de vivre\u00a0\u00bb fa\u00e7on Catherine Trautmann.<\/p>\n<p>    <img width=\"800\" height=\"466\" src=\"https:\/\/www.europesays.com\/fr\/wp-content\/uploads\/2026\/01\/img-1775-grande-1-800x466.jpeg\" class=\"attachment-image-size-L size-image-size-L\" alt=\"catherine trautmann\" decoding=\"async\" loading=\"lazy\"  \/>         \u00a9 Nicolas Kaspar \/ Pokaa <\/p>\n","protected":false},"excerpt":{"rendered":"Accueil \/ Municipales 2026 \/ Municipales 2026 : \u00e0 Strasbourg, Catherine Trautmann (PS) mise sur le \u00ab pouvoir&hellip;\n","protected":false},"author":2,"featured_media":663707,"comment_status":"","ping_status":"","sticky":false,"template":"","format":"standard","meta":{"footnotes":""},"categories":[2820],"tags":[1111,11,5848,1777,674,1011,27,775,3434,64946,12,25,640,58524],"class_list":{"0":"post-663706","1":"post","2":"type-post","3":"status-publish","4":"format-standard","5":"has-post-thumbnail","7":"category-strasbourg","8":"tag-actu","9":"tag-actualites","10":"tag-catherine-trautmann","11":"tag-eu","12":"tag-europe","13":"tag-fr","14":"tag-france","15":"tag-grand-est","16":"tag-municipales-2026","17":"tag-municipales-2026-strasbourg","18":"tag-news","19":"tag-republique-francaise","20":"tag-strasbourg","21":"tag-strasbourg-actualite"},"share_on_mastodon":{"url":"https:\/\/pubeurope.com\/@fr\/115895308820096262","error":""},"_links":{"self":[{"href":"https:\/\/www.europesays.com\/fr\/wp-json\/wp\/v2\/posts\/663706","targetHints":{"allow":["GET"]}}],"collection":[{"href":"https:\/\/www.europesays.com\/fr\/wp-json\/wp\/v2\/posts"}],"about":[{"href":"https:\/\/www.europesays.com\/fr\/wp-json\/wp\/v2\/types\/post"}],"author":[{"embeddable":true,"href":"https:\/\/www.europesays.com\/fr\/wp-json\/wp\/v2\/users\/2"}],"replies":[{"embeddable":true,"href":"https:\/\/www.europesays.com\/fr\/wp-json\/wp\/v2\/comments?post=663706"}],"version-history":[{"count":0,"href":"https:\/\/www.europesays.com\/fr\/wp-json\/wp\/v2\/posts\/663706\/revisions"}],"wp:featuredmedia":[{"embeddable":true,"href":"https:\/\/www.europesays.com\/fr\/wp-json\/wp\/v2\/media\/663707"}],"wp:attachment":[{"href":"https:\/\/www.europesays.com\/fr\/wp-json\/wp\/v2\/media?parent=663706"}],"wp:term":[{"taxonomy":"category","embeddable":true,"href":"https:\/\/www.europesays.com\/fr\/wp-json\/wp\/v2\/categories?post=663706"},{"taxonomy":"post_tag","embeddable":true,"href":"https:\/\/www.europesays.com\/fr\/wp-json\/wp\/v2\/tags?post=663706"}],"curies":[{"name":"wp","href":"https:\/\/api.w.org\/{rel}","templated":true}]}}