{"id":66371,"date":"2025-05-01T07:35:08","date_gmt":"2025-05-01T07:35:08","guid":{"rendered":"https:\/\/www.europesays.com\/fr\/66371\/"},"modified":"2025-05-01T07:35:08","modified_gmt":"2025-05-01T07:35:08","slug":"le-reseau-tcl-a-larret-ce-1er-mai-a-une-exception-pres","status":"publish","type":"post","link":"https:\/\/www.europesays.com\/fr\/66371\/","title":{"rendered":"le r\u00e9seau TCL \u00e0 l\u2019arr\u00eat ce 1er mai, \u00e0 une exception pr\u00e8s"},"content":{"rendered":"<p itemprop=\"description\"><strong>C\u2019est le cas chaque ann\u00e9e \u00e0 l\u2019occasion de la f\u00eate du Travail.<\/strong><\/p>\n<p>Le r\u00e9seau TCL sera \u00e0 l\u2019arr\u00eat ce jeudi 1er mai \u00e0 Lyon comme c\u2019est traditionnellement le cas. Les usagers des quatre lignes du m\u00e9tro, des funiculaires, des trams ou encore des bus devront marcher, prendre un v\u00e9lo ou m\u00eame la voiture pour se d\u00e9placer dans les rues de l\u2019agglom\u00e9ration lyonnaise. Une bonne fa\u00e7on de profiter du beau temps annonc\u00e9 en ce jour f\u00e9ri\u00e9.<\/p>\n<p>A noter que la desserte de l\u2019a\u00e9roport Saint-Exup\u00e9ry sera assur\u00e9e par des bus relais alors que le T3, le T7 et le Rh\u00f4nexpress ne circulent plus depuis le 19 avril dans le cadre de travaux. La reprise normale du trafic est d\u2019ailleurs pr\u00e9vue le 8 mai.<\/p>\n<p>Le r\u00e9seau TCL fonctionnera de nouveau normalement ce vendredi 2 mai.<\/p>\n<blockquote class=\"twitter-tweet\"><p>&#13;<\/p>\n<p dir=\"ltr\" lang=\"fr\">R\u00e9seau TCL &#8211; Jeudi 1er mai &#8211; Les lignes de m\u00e9tro, funiculaire, tram et bus ne circuleront pas &#8211; Seuls les bus relais Rh\u00f4nexpress circuleront<\/p>\n<p>&#13;<br \/>\n\u2014 TCL Lyon InfoTrafic (@LyonTcl) <a href=\"https:\/\/twitter.com\/LyonTcl\/status\/1917406329439769056?ref_src=twsrc%5Etfw\" target=\"_blank\" rel=\"noopener\">April 30, 2025<\/a><\/p><\/blockquote>\n<p>\t\t  <script async src=\"https:\/\/platform.twitter.com\/widgets.js\" charset=\"utf-8\"><\/script><\/p>\n","protected":false},"excerpt":{"rendered":"C\u2019est le cas chaque ann\u00e9e \u00e0 l\u2019occasion de la f\u00eate du Travail. Le r\u00e9seau TCL sera \u00e0 l\u2019arr\u00eat&hellip;\n","protected":false},"author":2,"featured_media":66372,"comment_status":"","ping_status":"","sticky":false,"template":"","format":"standard","meta":{"footnotes":""},"categories":[1889],"tags":[1111,11,2813,2190,2430,1109,251,1112,2811,1777,674,118,1011,27,1922,1110,1114,2428,2810,12,241,316,25,2812,517,800],"class_list":{"0":"post-66371","1":"post","2":"type-post","3":"status-publish","4":"format-standard","5":"has-post-thumbnail","7":"category-lyon","8":"tag-actu","9":"tag-actualites","10":"tag-article","11":"tag-asvel","12":"tag-auvergne-rhone-alpes","13":"tag-breves","14":"tag-culture","15":"tag-depeches","16":"tag-economique","17":"tag-eu","18":"tag-europe","19":"tag-faits-divers","20":"tag-fr","21":"tag-france","22":"tag-info","23":"tag-informations","24":"tag-infos","25":"tag-lyon","26":"tag-lyonmag","27":"tag-news","28":"tag-ol","29":"tag-politique","30":"tag-republique-francaise","31":"tag-sociale","32":"tag-sport","33":"tag-transports"},"share_on_mastodon":{"url":"https:\/\/pubeurope.com\/@fr\/114431428060949003","error":""},"_links":{"self":[{"href":"https:\/\/www.europesays.com\/fr\/wp-json\/wp\/v2\/posts\/66371","targetHints":{"allow":["GET"]}}],"collection":[{"href":"https:\/\/www.europesays.com\/fr\/wp-json\/wp\/v2\/posts"}],"about":[{"href":"https:\/\/www.europesays.com\/fr\/wp-json\/wp\/v2\/types\/post"}],"author":[{"embeddable":true,"href":"https:\/\/www.europesays.com\/fr\/wp-json\/wp\/v2\/users\/2"}],"replies":[{"embeddable":true,"href":"https:\/\/www.europesays.com\/fr\/wp-json\/wp\/v2\/comments?post=66371"}],"version-history":[{"count":0,"href":"https:\/\/www.europesays.com\/fr\/wp-json\/wp\/v2\/posts\/66371\/revisions"}],"wp:featuredmedia":[{"embeddable":true,"href":"https:\/\/www.europesays.com\/fr\/wp-json\/wp\/v2\/media\/66372"}],"wp:attachment":[{"href":"https:\/\/www.europesays.com\/fr\/wp-json\/wp\/v2\/media?parent=66371"}],"wp:term":[{"taxonomy":"category","embeddable":true,"href":"https:\/\/www.europesays.com\/fr\/wp-json\/wp\/v2\/categories?post=66371"},{"taxonomy":"post_tag","embeddable":true,"href":"https:\/\/www.europesays.com\/fr\/wp-json\/wp\/v2\/tags?post=66371"}],"curies":[{"name":"wp","href":"https:\/\/api.w.org\/{rel}","templated":true}]}}