{"id":663723,"date":"2026-01-14T20:29:23","date_gmt":"2026-01-14T20:29:23","guid":{"rendered":"https:\/\/www.europesays.com\/fr\/663723\/"},"modified":"2026-01-14T20:29:23","modified_gmt":"2026-01-14T20:29:23","slug":"disney-sur-glace-revient-au-zenith-de-lille-pour-un-nouveau-spectacle-inedit-et-feerique","status":"publish","type":"post","link":"https:\/\/www.europesays.com\/fr\/663723\/","title":{"rendered":"Disney sur Glace revient au Z\u00e9nith de Lille pour un nouveau spectacle in\u00e9dit et f\u00e9\u00e9rique"},"content":{"rendered":"<p style=\"text-align: justify;\"><strong>Jusqu\u2019\u00e0 dimanche, <\/strong>le<strong> Z\u00e9nith de Lille <\/strong>accueille <strong>le spectacle \u00ab\u00a0Disney sur Glace\u00a0\u00bb <\/strong>pour un voyage riche en \u00e9motions \u00e0 travers <strong>les univers les plus magiques de Disney. Pr\u00e9parez-vous \u00e0 vivre une exp\u00e9rience inoubliable en famille !<\/strong><\/p>\n<p>\u00a0<br \/>\n<strong>Un voyage f\u00e9\u00e9rique au c\u0153ur des plus grands classiques Disney<\/strong><\/p>\n<p data-wp-editing=\"1\"><a href=\"https:\/\/www.zoomsurlille.fr\/wp-content\/uploads\/2026\/01\/disney-sur-glace-2026-affiche-scaled.jpg\" data-wp-editing=\"1\" target=\"_blank\" rel=\"noopener\"><img loading=\"lazy\" decoding=\"async\" class=\"alignright size-medium wp-image-89721\" src=\"https:\/\/www.europesays.com\/fr\/wp-content\/uploads\/2026\/01\/disney-sur-glace-2026-affiche-267x400.jpg\" alt=\"Disney sur Glace 2026 Lille\" width=\"267\" height=\"400\"  \/><\/a>Apr\u00e8s avoir \u00e9merveill\u00e9 <strong>plus de 30 millions de spectateurs<\/strong> dans <strong>80 pays<\/strong>, Disney Sur Glace continue de faire r\u00eaver petits et grands avec un spectacle in\u00e9dit \u00ab\u00a0Revons ensemble\u00a0\u00bb m\u00ealant les performances \u00e9poustouflantes des patineurs artistiques, d\u00e9cors grandioses et costumes magiques sans oublier les chansons inoubliables de Disney.<\/p>\n<p>Cette ann\u00e9e, nous retrouverons bien s\u00fbr les personnages de <strong>Mickey, Minnie, Donald et Dingo<\/strong> mais aussi tous l\u2019univers de :<\/p>\n<ul>\n<li data-start=\"1491\" data-end=\"1519\">La Reine des Neiges<\/li>\n<li data-start=\"1491\" data-end=\"1519\">Vaiana<\/li>\n<li data-start=\"1491\" data-end=\"1519\">La Belle et la B\u00eate<\/li>\n<li data-start=\"1571\" data-end=\"1584\">Coco<\/li>\n<li data-start=\"1571\" data-end=\"1584\">Raiponce<\/li>\n<li data-start=\"1571\" data-end=\"1584\">Cendrillon<\/li>\n<\/ul>\n<p>\t\t\t <strong>Le spectacle en quelques chiffres<\/strong><br \/>\u2022 Plus de 50 artistes sur sc\u00e8ne<br \/>\u2022 Plus de 200 costumes<br \/>\u2022 Plus de 180 accessoires<br \/>\u2022 14 camions pour le mat\u00e9riel <br \/>\u2022\u00a0 5 bus pour l\u2019\u00e9quipe<\/p>\n<p>Un dispositif technique impressionnant qui fait de Disney sur Glace l\u2019un des spectacles familiaux les plus spectaculaires de l\u2019ann\u00e9e.\n\t\t\t<\/p>\n<p>\u00a0<br \/>\n<strong>Dates, horaires et billetterie<\/strong><\/p>\n<p><img loading=\"lazy\" decoding=\"async\" src=\"https:\/\/www.europesays.com\/fr\/wp-content\/uploads\/2025\/10\/1761856156_880_arrow.png\" alt=\"Puce\" width=\"9\" height=\"9\"\/>\u00a0<strong>9 s\u00e9ances<\/strong> sont pr\u00e9vues au Z\u00e9nith de Lille du mercredi 14 janvier au dimanche 18 janvier 2026 :<\/p>\n<ul>\n<li>Mercredi 14 janvier 2026 \u00e0 14h et 17h30<\/li>\n<li>Vendredi 16 janvier 2026 \u00e0 19h30<\/li>\n<li>Samedi 17 janvier 2026 \u00e0 10h15, 14h00 et 17h30<\/li>\n<li>Dimanche 20 janvier 2026 \u00e0 10h15, 14h00 et 17h30<\/li>\n<\/ul>\n<p><img loading=\"lazy\" decoding=\"async\" src=\"https:\/\/www.europesays.com\/fr\/wp-content\/uploads\/2025\/10\/1761856156_880_arrow.png\" alt=\"Puce\" width=\"9\" height=\"9\"\/> <strong>Tarif : <\/strong>\u00e0 partir de 28\u20ac<br \/><img loading=\"lazy\" decoding=\"async\" src=\"https:\/\/www.europesays.com\/fr\/wp-content\/uploads\/2025\/10\/1761856156_880_arrow.png\" alt=\"Puce\" width=\"9\" height=\"9\"\/> R\u00e9servation sur <a href=\"https:\/\/www.ticketmaster.fr\/fr\/manifestation\/disney-sur-glace-revons-ensemble-billet\/idmanif\/620834\" target=\"_blank\" rel=\"noopener\">Ticketmaster<\/a><\/p>\n<p style=\"text-align: right;\">Photos : \u00a9 Disney\u00a0<\/p>\n<p style=\"text-align: justify;\">\u00a0<\/p>\n","protected":false},"excerpt":{"rendered":"Jusqu\u2019\u00e0 dimanche, le Z\u00e9nith de Lille accueille le spectacle \u00ab\u00a0Disney sur Glace\u00a0\u00bb pour un voyage riche en \u00e9motions&hellip;\n","protected":false},"author":2,"featured_media":663724,"comment_status":"","ping_status":"","sticky":false,"template":"","format":"standard","meta":{"footnotes":""},"categories":[2815],"tags":[5734,1111,11,76479,520,1777,674,1011,27,811,1307,12,25,3140,7268],"class_list":{"0":"post-663723","1":"post","2":"type-post","3":"status-publish","4":"format-standard","5":"has-post-thumbnail","7":"category-lille","8":"tag-5734","9":"tag-actu","10":"tag-actualites","11":"tag-disney-sur-glace","12":"tag-disney","13":"tag-eu","14":"tag-europe","15":"tag-fr","16":"tag-france","17":"tag-hauts-de-france","18":"tag-lille","19":"tag-news","20":"tag-republique-francaise","21":"tag-spectacle","22":"tag-zenith-de-lille"},"share_on_mastodon":{"url":"https:\/\/pubeurope.com\/@fr\/115895347876930644","error":""},"_links":{"self":[{"href":"https:\/\/www.europesays.com\/fr\/wp-json\/wp\/v2\/posts\/663723","targetHints":{"allow":["GET"]}}],"collection":[{"href":"https:\/\/www.europesays.com\/fr\/wp-json\/wp\/v2\/posts"}],"about":[{"href":"https:\/\/www.europesays.com\/fr\/wp-json\/wp\/v2\/types\/post"}],"author":[{"embeddable":true,"href":"https:\/\/www.europesays.com\/fr\/wp-json\/wp\/v2\/users\/2"}],"replies":[{"embeddable":true,"href":"https:\/\/www.europesays.com\/fr\/wp-json\/wp\/v2\/comments?post=663723"}],"version-history":[{"count":0,"href":"https:\/\/www.europesays.com\/fr\/wp-json\/wp\/v2\/posts\/663723\/revisions"}],"wp:featuredmedia":[{"embeddable":true,"href":"https:\/\/www.europesays.com\/fr\/wp-json\/wp\/v2\/media\/663724"}],"wp:attachment":[{"href":"https:\/\/www.europesays.com\/fr\/wp-json\/wp\/v2\/media?parent=663723"}],"wp:term":[{"taxonomy":"category","embeddable":true,"href":"https:\/\/www.europesays.com\/fr\/wp-json\/wp\/v2\/categories?post=663723"},{"taxonomy":"post_tag","embeddable":true,"href":"https:\/\/www.europesays.com\/fr\/wp-json\/wp\/v2\/tags?post=663723"}],"curies":[{"name":"wp","href":"https:\/\/api.w.org\/{rel}","templated":true}]}}