{"id":663725,"date":"2026-01-14T20:30:09","date_gmt":"2026-01-14T20:30:09","guid":{"rendered":"https:\/\/www.europesays.com\/fr\/663725\/"},"modified":"2026-01-14T20:30:09","modified_gmt":"2026-01-14T20:30:09","slug":"marsea-veut-renforcer-la-synergie-entre-les-acteurs-economiques-des-quartiers-nord-de-marseille","status":"publish","type":"post","link":"https:\/\/www.europesays.com\/fr\/663725\/","title":{"rendered":"Mars\u00e9a veut renforcer la synergie entre les acteurs \u00e9conomiques des quartiers Nord de Marseille"},"content":{"rendered":"<p>Un cadre idyllique pour pr\u00e9parer les prochaines \u00e9ch\u00e9ances et consolider \u00ab\u00a0sa place en tant que cr\u00e9ateur de liens et de coop\u00e9ration territoriale.\u00a0\u00bb Tel \u00e9tait l&rsquo;objectif de <a href=\"https:\/\/www.laprovence.com\/article\/region\/12999364264056\/diana-bajora-presidente-de-marsea-les-quartiers-nord-sont-le-poumon-economique-de-marseille\" target=\"_blank\" rel=\"noopener\">Diana Bajora, pr\u00e9sidente de Mars\u00e9a Nord D\u00e9veloppement<\/a>, un r\u00e9seau qui f\u00e9d\u00e8re 330 entreprises et acteurs \u00e9conomiques des quartiers nord de la cit\u00e9 phoc\u00e9enne, \u00e0 l&rsquo;instar du <a href=\"https:\/\/www.laprovence.com\/article\/economie\/1056379132026614\/le-grand-port-martime-de-marseille-fos-porte-dentree-economique-de-la-region\" target=\"_blank\" rel=\"noopener\">Grand port maritime de Marseille-Fos<\/a> ou de l&rsquo;H\u00f4pital Nord, qui a pr\u00e9sent\u00e9 mardi depuis le b\u00e2timent Azur\u00e9a (16e), \u00e0 proximit\u00e9 de la rade de Marseille, sa traditionnelle soir\u00e9e des v\u0153ux.<\/p>\n<p>Plac\u00e9 sous le signe du networking et de la convivialit\u00e9, ce premier temps fort de l&rsquo;ann\u00e9e 2026 qui a rassembl\u00e9 pr\u00e8s de 200 partenaires et adh\u00e9rents \u00e9tait l&rsquo;occasion pour l&rsquo;organisation, anciennement Cap au nord entreprendre de dresser le bilan d&rsquo;un pr\u00e9c\u00e9dent exercice \u00ab\u00a0assez charni\u00e8re. Il y a eu des moments assez difficiles parfois, avec beaucoup de changements, mais l&rsquo;ann\u00e9e a \u00e9t\u00e9 tr\u00e8s riche aussi en dynamiques positives qui nous permettent aujourd&rsquo;hui de repartir avec un nouveau souffle et \u00e9lan\u00a0\u00bb, pose-t-elle. La principale int\u00e9ress\u00e9e est \u00e9galement revenue sur une initiative majeure de 2025, la \u00ab\u00a0tr\u00e8s belle\u00a0\u00bb campagne de marketing territorial qui visait \u00e0 \u00ab\u00a0mettre en lumi\u00e8&#8230;<\/p>\n","protected":false},"excerpt":{"rendered":"Un cadre idyllique pour pr\u00e9parer les prochaines \u00e9ch\u00e9ances et consolider \u00ab\u00a0sa place en tant que cr\u00e9ateur de liens&hellip;\n","protected":false},"author":2,"featured_media":663726,"comment_status":"","ping_status":"","sticky":false,"template":"","format":"standard","meta":{"footnotes":""},"categories":[2814],"tags":[5734,12253,1111,11,33,2834,1777,674,1011,27,151,76480,884,12,882,17872,25,21063,9870],"class_list":{"0":"post-663725","1":"post","2":"type-post","3":"status-publish","4":"format-standard","5":"has-post-thumbnail","7":"category-marseille","8":"tag-5734","9":"tag-acteurs","10":"tag-actu","11":"tag-actualites","12":"tag-economie","13":"tag-entre","14":"tag-eu","15":"tag-europe","16":"tag-fr","17":"tag-france","18":"tag-les","19":"tag-marsea","20":"tag-marseille","21":"tag-news","22":"tag-provence-alpes-cote-dazur","23":"tag-renforcer","24":"tag-republique-francaise","25":"tag-synergie","26":"tag-veut"},"share_on_mastodon":{"url":"https:\/\/pubeurope.com\/@fr\/115895351651764828","error":""},"_links":{"self":[{"href":"https:\/\/www.europesays.com\/fr\/wp-json\/wp\/v2\/posts\/663725","targetHints":{"allow":["GET"]}}],"collection":[{"href":"https:\/\/www.europesays.com\/fr\/wp-json\/wp\/v2\/posts"}],"about":[{"href":"https:\/\/www.europesays.com\/fr\/wp-json\/wp\/v2\/types\/post"}],"author":[{"embeddable":true,"href":"https:\/\/www.europesays.com\/fr\/wp-json\/wp\/v2\/users\/2"}],"replies":[{"embeddable":true,"href":"https:\/\/www.europesays.com\/fr\/wp-json\/wp\/v2\/comments?post=663725"}],"version-history":[{"count":0,"href":"https:\/\/www.europesays.com\/fr\/wp-json\/wp\/v2\/posts\/663725\/revisions"}],"wp:featuredmedia":[{"embeddable":true,"href":"https:\/\/www.europesays.com\/fr\/wp-json\/wp\/v2\/media\/663726"}],"wp:attachment":[{"href":"https:\/\/www.europesays.com\/fr\/wp-json\/wp\/v2\/media?parent=663725"}],"wp:term":[{"taxonomy":"category","embeddable":true,"href":"https:\/\/www.europesays.com\/fr\/wp-json\/wp\/v2\/categories?post=663725"},{"taxonomy":"post_tag","embeddable":true,"href":"https:\/\/www.europesays.com\/fr\/wp-json\/wp\/v2\/tags?post=663725"}],"curies":[{"name":"wp","href":"https:\/\/api.w.org\/{rel}","templated":true}]}}