{"id":663729,"date":"2026-01-14T20:32:10","date_gmt":"2026-01-14T20:32:10","guid":{"rendered":"https:\/\/www.europesays.com\/fr\/663729\/"},"modified":"2026-01-14T20:32:10","modified_gmt":"2026-01-14T20:32:10","slug":"bruno-bernard-propose-une-bourse-des-stages-de-3e-pour-lutter-contre-les-inegalites","status":"publish","type":"post","link":"https:\/\/www.europesays.com\/fr\/663729\/","title":{"rendered":"Bruno Bernard propose une bourse des stages de 3e pour lutter contre les in\u00e9galit\u00e9s"},"content":{"rendered":"<p itemprop=\"description\"><strong>A chaque jour sa promesse.<\/strong><\/p>\n<p>Dans le cadre de la campagne des \u00e9lections m\u00e9tropolitaines, <a href=\"https:\/\/www.lyonmag.com\/profil-personnalite-lyonnaise\/518\/bruno-bernard\" target=\"_blank\" rel=\"noopener\">Bruno Bernard<\/a> avance une nouvelle id\u00e9e \u00e0 dimension sociale ce mercredi. Le pr\u00e9sident \u00e9cologiste de la M\u00e9tropole de Lyon a imagin\u00e9 la cr\u00e9ation d\u2019une Bourse m\u00e9tropolitaine des stages de 3e, destin\u00e9e \u00e0 garantir \u00e0 chaque coll\u00e9gien du territoire un acc\u00e8s \u00e9quitable \u00e0 un stage d\u2019observation.<\/p>\n<p>Selon la majorit\u00e9 sortante, l\u2019acc\u00e8s aux stages de 3e demeure aujourd\u2019hui largement conditionn\u00e9 aux r\u00e9seaux familiaux et personnels, g\u00e9n\u00e9rant des in\u00e9galit\u00e9s sociales et territoriales d\u00e8s le coll\u00e8ge. Pour y r\u00e9pondre, le projet pr\u00e9voit la mise en place d\u2019une plateforme publique m\u00e9tropolitaine, int\u00e9gr\u00e9e au site laclasse.com, centralisant les offres propos\u00e9es par les entreprises, les collectivit\u00e9s, les associations et les acteurs \u00e9conomiques partenaires de la M\u00e9tropole de Lyon.<\/p>\n<p>Le dispositif annonc\u00e9 entend accorder une attention particuli\u00e8re aux jeunes en situation de handicap, dont l\u2019acc\u00e8s aux stages reste aujourd\u2019hui plus complexe, y compris lorsque leur situation ne n\u00e9cessite aucune adaptation sp\u00e9cifique. La future plateforme int\u00e9grerait un rep\u00e9rage des structures accueillantes, ainsi qu\u2019un accompagnement renforc\u00e9 pour lever les freins identifi\u00e9s.<\/p>\n<p>Les quartiers prioritaires de la politique de la ville figurent \u00e9galement parmi les publics cibl\u00e9s, avec une volont\u00e9 affich\u00e9e de r\u00e9duire les \u00e9carts territoriaux en mati\u00e8re d\u2019acc\u00e8s \u00e0 cette premi\u00e8re exp\u00e9rience professionnelle.<\/p>\n<p>Pour Bruno Bernard, pr\u00e9sident de la M\u00e9tropole de Lyon et t\u00eate de liste, l\u2019enjeu est clairement politique : \u00ab\u00a0Le premier contact avec le monde professionnel ne doit pas \u00eatre une premi\u00e8re discrimination\u00a0\u00bb, affirme-t-il, estimant inacceptable que l\u2019avenir d\u2019un jeune d\u00e9pende de son r\u00e9seau familial ou de son adresse.<\/p>\n<p>M\u00eame tonalit\u00e9 du c\u00f4t\u00e9 de <a href=\"https:\/\/www.lyonmag.com\/profil-personnalite-lyonnaise\/569\/lucie-vacher\" target=\"_blank\" rel=\"noopener\">Lucie Vacher<\/a>, sa vice-pr\u00e9sidente m\u00e9tropolitaine en charge de la Jeunesse, qui voit dans ce dispositif un moyen \u00ab\u00a0d\u2019ouvrir des portes\u00a0\u00bb et de faire de l\u2019\u00e9galit\u00e9 d\u2019acc\u00e8s une r\u00e9alit\u00e9 concr\u00e8te d\u00e8s le coll\u00e8ge.<\/p>\n","protected":false},"excerpt":{"rendered":"A chaque jour sa promesse. Dans le cadre de la campagne des \u00e9lections m\u00e9tropolitaines, Bruno Bernard avance une&hellip;\n","protected":false},"author":2,"featured_media":663730,"comment_status":"","ping_status":"","sticky":false,"template":"","format":"standard","meta":{"footnotes":""},"categories":[1889],"tags":[1111,11,2813,2190,2430,1109,251,1112,2811,1777,674,118,1011,27,1922,1110,1114,2428,2810,12,241,316,25,2812,517,800],"class_list":{"0":"post-663729","1":"post","2":"type-post","3":"status-publish","4":"format-standard","5":"has-post-thumbnail","7":"category-lyon","8":"tag-actu","9":"tag-actualites","10":"tag-article","11":"tag-asvel","12":"tag-auvergne-rhone-alpes","13":"tag-breves","14":"tag-culture","15":"tag-depeches","16":"tag-economique","17":"tag-eu","18":"tag-europe","19":"tag-faits-divers","20":"tag-fr","21":"tag-france","22":"tag-info","23":"tag-informations","24":"tag-infos","25":"tag-lyon","26":"tag-lyonmag","27":"tag-news","28":"tag-ol","29":"tag-politique","30":"tag-republique-francaise","31":"tag-sociale","32":"tag-sport","33":"tag-transports"},"share_on_mastodon":{"url":"https:\/\/pubeurope.com\/@fr\/115895359471050253","error":""},"_links":{"self":[{"href":"https:\/\/www.europesays.com\/fr\/wp-json\/wp\/v2\/posts\/663729","targetHints":{"allow":["GET"]}}],"collection":[{"href":"https:\/\/www.europesays.com\/fr\/wp-json\/wp\/v2\/posts"}],"about":[{"href":"https:\/\/www.europesays.com\/fr\/wp-json\/wp\/v2\/types\/post"}],"author":[{"embeddable":true,"href":"https:\/\/www.europesays.com\/fr\/wp-json\/wp\/v2\/users\/2"}],"replies":[{"embeddable":true,"href":"https:\/\/www.europesays.com\/fr\/wp-json\/wp\/v2\/comments?post=663729"}],"version-history":[{"count":0,"href":"https:\/\/www.europesays.com\/fr\/wp-json\/wp\/v2\/posts\/663729\/revisions"}],"wp:featuredmedia":[{"embeddable":true,"href":"https:\/\/www.europesays.com\/fr\/wp-json\/wp\/v2\/media\/663730"}],"wp:attachment":[{"href":"https:\/\/www.europesays.com\/fr\/wp-json\/wp\/v2\/media?parent=663729"}],"wp:term":[{"taxonomy":"category","embeddable":true,"href":"https:\/\/www.europesays.com\/fr\/wp-json\/wp\/v2\/categories?post=663729"},{"taxonomy":"post_tag","embeddable":true,"href":"https:\/\/www.europesays.com\/fr\/wp-json\/wp\/v2\/tags?post=663729"}],"curies":[{"name":"wp","href":"https:\/\/api.w.org\/{rel}","templated":true}]}}