{"id":663731,"date":"2026-01-14T20:33:33","date_gmt":"2026-01-14T20:33:33","guid":{"rendered":"https:\/\/www.europesays.com\/fr\/663731\/"},"modified":"2026-01-14T20:33:33","modified_gmt":"2026-01-14T20:33:33","slug":"lyon-previsions-meteo-du-mercredi-14-janvier-2026","status":"publish","type":"post","link":"https:\/\/www.europesays.com\/fr\/663731\/","title":{"rendered":"Lyon : pr\u00e9visions m\u00e9t\u00e9o du mercredi 14 janvier 2026"},"content":{"rendered":"<p>\u00c0 Lyon, la journ\u00e9e du mercredi 14 janvier 2026 sera marqu\u00e9e par un ciel changeant, oscillant entre \u00e9claircies matinales, soleil agr\u00e9able \u00e0 l\u2019apr\u00e8s-midi et un retour des nuages en soir\u00e9e, avec des temp\u00e9ratures douces et un vent mod\u00e9r\u00e9.<\/p>\n<p>    Alerte en cours<\/p>\n<p>\nLe d\u00e9partement du <b>Rh\u00f4ne<\/b> est plac\u00e9 aujourd\u2019hui en vigilance <b>Jaune<\/b> pour vent. Les services m\u00e9t\u00e9orologiques annoncent des bourrasques localement fortes, principalement sur les hauteurs et les couloirs expos\u00e9s du sud-ouest lyonnais.\n<\/p>\n<p>\nSi ce ph\u00e9nom\u00e8ne reste habituel pour la saison, il peut toutefois g\u00eaner la circulation des deux-roues, fragiliser certains \u00e9chafaudages ou d\u00e9placer des objets l\u00e9gers sur les balcons. Il est donc recommand\u00e9 d\u2019anticiper, de s\u00e9curiser tout ce qui pourrait s\u2019envoler et de limiter les feux en plein air.\n<\/p>\n<p>\nPour suivre l\u2019\u00e9volution en temps r\u00e9el, consultez notre <a href=\"https:\/\/www.meteocity.com\/france\/alertes\" target=\"_blank\" rel=\"noopener\">page d\u00e9di\u00e9e aux alertes m\u00e9t\u00e9orologiques<\/a>.\n<\/p>\n<p>Matin\u00e9e \u00e0 Lyon : timides \u00e9claircies au lever du soleil<\/p>\n<p>\nLe soleil s\u2019est lev\u00e9 \u00e0 <b>08 h 18<\/b> sous un ciel l\u00e9g\u00e8rement nuageux. \u00c0 09 h, le thermom\u00e8tre affiche <b>9 \u00b0C<\/b>, ressenti <b>7 \u00b0C<\/b>, avec 85 % d\u2019humidit\u00e9. La brise d\u2019Est-Nord-Est ne d\u00e9passe pas 5 km\/h, offrant une ambiance paisible.\n<\/p>\n<p>\nL\u2019absence de pr\u00e9cipitations et une pression stable de 1 021 hPa garantissent des conditions id\u00e9ales pour les trajets domicile-travail. Un simple pull suffit, mais il est conseill\u00e9 de garder une veste coupe-vent \u00e0 port\u00e9e de main en pr\u00e9vision du renforcement attendu cet apr\u00e8s-midi.\n<\/p>\n<p>\nSous ces premi\u00e8res \u00e9claircies, la qualit\u00e9 de l\u2019air demeure ind\u00e9finie. Aucun brouillard g\u00eanant n\u2019est observ\u00e9, un point positif pour la visibilit\u00e9 sur l\u2019A7 et le p\u00e9riph\u00e9rique Laurent-Bonnevay.\n<\/p>\n<p>Apr\u00e8s-midi : soleil et douceur, vent du Sud en progression<\/p>\n<p>\nLe ciel se d\u00e9gage nettement vers 15 h, laissant place \u00e0 un ensoleillement g\u00e9n\u00e9reux. La temp\u00e9rature grimpe alors \u00e0 <b>14 \u00b0C<\/b>, avec un ressenti un peu plus frais \u00e0 <b>11 \u00b0C<\/b>, agr\u00e9able pour un 14 janvier.\n<\/p>\n<p>\nLe vent de secteur Sud se renforce \u00e0 <b>18 km\/h<\/b>, accentuant quelque peu la sensation de fra\u00eecheur lors des pauses en ext\u00e9rieur, sans repr\u00e9senter de danger particulier en ville. Les rafales relev\u00e9es restent en effet sous le seuil de vigilance.\n<\/p>\n<p>\nLe risque de pluie demeure insignifiant (inf\u00e9rieur \u00e0 10 %). Les Lyonnais peuvent ainsi profiter d\u2019un d\u00e9jeuner en terrasse ou fl\u00e2ner le long des quais, tout en veillant \u00e0 prot\u00e9ger leur peau des UV hivernaux, souvent sous-estim\u00e9s lorsque le ciel est d\u00e9gag\u00e9.\n<\/p>\n<p>Soir\u00e9e \u00e0 Lyon : retour des nuages avant le coucher du soleil<\/p>\n<p>\nLe soleil dispara\u00eetra \u00e0 l\u2019horizon \u00e0 <b>17 h 21<\/b>. \u00c0 21 h, la couverture nuageuse devient tr\u00e8s nuageuse. La temp\u00e9rature redescend vers <b>10 \u00b0C<\/b>, ressentie <b>9 \u00b0C<\/b>. L\u2019humidit\u00e9 remonte \u00e0 80 %, sans toutefois provoquer d\u2019averse.\n<\/p>\n<p>\nUn souffle discret de Sud-Sud-Ouest, autour de 7 km\/h, maintient l\u2019air en mouvement. Les conditions restent favorables aux d\u00e9placements nocturnes, notamment pour les retours tardifs de la Part-Dieu ou des concerts \u00e0 la Halle Tony Garnier.\n<\/p>\n<p>Tendance pour demain : vent soutenu et faibles pluies possibles<\/p>\n<p>\nLa nuit prochaine verra le vent se renforcer : <b>25 km\/h<\/b> en moyenne, avec des pointes \u00e0 <b>54 km\/h<\/b>. Les temp\u00e9ratures resteront douces, autour de 11 \u00b0C, mais le ressenti chutera vers 6 \u00b0C sous l\u2019effet du flux de Sud.\n<\/p>\n<p>\nPour le 15 janvier, le sc\u00e9nario dominant pr\u00e9voit une pluie faible. Les maximales atteindront <b>13 \u00b0C<\/b>, les minimales <b>9 \u00b0C<\/b>. L\u2019humidit\u00e9 avoisinera 77 %, et la pression devrait fl\u00e9chir vers 995 hPa, signe de l\u2019approche d\u2019un front.\n<\/p>\n<p>\nLe vent retiendra l\u2019attention, pr\u00e9vu \u00e0 <b>29 km\/h<\/b> avec des rafales proches de 58 km\/h. Les usagers des berges du Rh\u00f4ne ou du secteur de Confluence devront rester vigilants. Pour un suivi d\u00e9taill\u00e9 sur plusieurs jours, rendez-vous sur <a href=\"https:\/\/www.meteocity.com\/france\/lyon-v2996944\" target=\"_blank\" rel=\"noopener\">notre bulletin complet<\/a>.\n<\/p>\n<ul>\n<li><b>Maxi du jour :<\/b> 14 \u00b0C vers 15 h.<\/li>\n<li><b>Mini du jour :<\/b> 8 \u00b0C \u00e0 l\u2019aube.<\/li>\n<li><b>Pression stable :<\/b> autour de 1 020 hPa.<\/li>\n<li><b>Vent dominant :<\/b> Sud, jusqu\u2019\u00e0 18 km\/h l\u2019apr\u00e8s-midi.<\/li>\n<\/ul>\n","protected":false},"excerpt":{"rendered":"\u00c0 Lyon, la journ\u00e9e du mercredi 14 janvier 2026 sera marqu\u00e9e par un ciel changeant, oscillant entre \u00e9claircies&hellip;\n","protected":false},"author":2,"featured_media":663732,"comment_status":"","ping_status":"","sticky":false,"template":"","format":"standard","meta":{"footnotes":""},"categories":[1889],"tags":[1111,11,2430,1777,674,1011,27,2428,12,25],"class_list":{"0":"post-663731","1":"post","2":"type-post","3":"status-publish","4":"format-standard","5":"has-post-thumbnail","7":"category-lyon","8":"tag-actu","9":"tag-actualites","10":"tag-auvergne-rhone-alpes","11":"tag-eu","12":"tag-europe","13":"tag-fr","14":"tag-france","15":"tag-lyon","16":"tag-news","17":"tag-republique-francaise"},"share_on_mastodon":{"url":"https:\/\/pubeurope.com\/@fr\/115895363339732230","error":""},"_links":{"self":[{"href":"https:\/\/www.europesays.com\/fr\/wp-json\/wp\/v2\/posts\/663731","targetHints":{"allow":["GET"]}}],"collection":[{"href":"https:\/\/www.europesays.com\/fr\/wp-json\/wp\/v2\/posts"}],"about":[{"href":"https:\/\/www.europesays.com\/fr\/wp-json\/wp\/v2\/types\/post"}],"author":[{"embeddable":true,"href":"https:\/\/www.europesays.com\/fr\/wp-json\/wp\/v2\/users\/2"}],"replies":[{"embeddable":true,"href":"https:\/\/www.europesays.com\/fr\/wp-json\/wp\/v2\/comments?post=663731"}],"version-history":[{"count":0,"href":"https:\/\/www.europesays.com\/fr\/wp-json\/wp\/v2\/posts\/663731\/revisions"}],"wp:featuredmedia":[{"embeddable":true,"href":"https:\/\/www.europesays.com\/fr\/wp-json\/wp\/v2\/media\/663732"}],"wp:attachment":[{"href":"https:\/\/www.europesays.com\/fr\/wp-json\/wp\/v2\/media?parent=663731"}],"wp:term":[{"taxonomy":"category","embeddable":true,"href":"https:\/\/www.europesays.com\/fr\/wp-json\/wp\/v2\/categories?post=663731"},{"taxonomy":"post_tag","embeddable":true,"href":"https:\/\/www.europesays.com\/fr\/wp-json\/wp\/v2\/tags?post=663731"}],"curies":[{"name":"wp","href":"https:\/\/api.w.org\/{rel}","templated":true}]}}