{"id":663741,"date":"2026-01-14T20:39:15","date_gmt":"2026-01-14T20:39:15","guid":{"rendered":"https:\/\/www.europesays.com\/fr\/663741\/"},"modified":"2026-01-14T20:39:15","modified_gmt":"2026-01-14T20:39:15","slug":"les-francais-font-plus-regulierement-du-sport-depuis-les-jo-de-paris","status":"publish","type":"post","link":"https:\/\/www.europesays.com\/fr\/663741\/","title":{"rendered":"Les Fran\u00e7ais font plus r\u00e9guli\u00e8rement du sport depuis les JO de Paris"},"content":{"rendered":"<ul class=\"jsx-862013697 ArticleChapo__List\">\n<li class=\"jsx-862013697 ArticleChapo__List_Item flex\">La proportion de Fran\u00e7ais faisant du sport, et \u00e0 plus forte raison de mani\u00e8re r\u00e9guli\u00e8re, a progress\u00e9 depuis les JO de Paris.<\/li>\n<li class=\"jsx-862013697 ArticleChapo__List_Item flex\">L&rsquo;\u00e9cart entre hommes et femmes s&rsquo;est \u00e9galement r\u00e9duit.<\/li>\n<\/ul>\n<p><a href=\"https:\/\/www.tf1info.fr\/actualite\/les-jeux-olympiques-2024-a-paris-11829\/\" rel=\"noopener\" class=\"jsx-484472199 Link jsx-1428418400 jsx-2089987738\" target=\"_blank\"><\/p>\n<p style=\"font-weight:400\" class=\"jsx-1837267516\">Suivez la couverture compl\u00e8te<\/p>\n<p style=\"font-weight:800\" class=\"jsx-1837267516\">Les Jeux olympiques et paralympiques de Paris 2024<\/p>\n<p><\/a><\/p>\n<p data-module=\"article-paragraph\" class=\"jsx-157965717 Paragraph Paragraph__End\">Un effet <a href=\"https:\/\/www.tf1info.fr\/sport\/interview-tony-estanguet-sur-jo-paris-2024-ca-a-ete-plus-fort-que-tout-ce-que-j-avais-vecu-2407488.html\" target=\"_blank\" rel=\"noopener\">Paris-2024<\/a> ? Depuis les derniers Jeux olympiques et paralympiques organis\u00e9s en France, la pratique du sport a augment\u00e9 dans l&rsquo;Hexagone. Selon un <a href=\"https:\/\/injep.fr\/publication\/la-pratique-sportive-en-france-en-2025-apres-les-jeux-de-paris\/\" rel=\"nofollow noopener\" target=\"_blank\">rapport de l&rsquo;Institut national de la jeunesse et de l&rsquo;\u00e9ducation populaire<\/a> (Injep) publi\u00e9 mercredi 14 janvier, 61 % des personnes \u00e2g\u00e9es de 15 ans ou plus ont pratiqu\u00e9 une activit\u00e9 physique r\u00e9guli\u00e8re (au moins une fois par semaine en moyenne) au cours des 12 derniers mois. C&rsquo;est deux points de plus qu&rsquo;en 2023, avant les Jeux, et sept points de plus qu&rsquo;en 2018. La pratique occasionnelle a aussi augment\u00e9 : 72 % des interrog\u00e9s disent avoir pratiqu\u00e9 au moins une activit\u00e9 physique et sportive lors des douze derniers mois (+2 points par rapport \u00e0 2023, +5 par rapport \u00e0 2018).\u00a0<\/p>\n<p>La marche et la course pl\u00e9biscit\u00e9es<\/p>\n<p data-module=\"article-paragraph\" class=\"jsx-157965717 Paragraph\">L&rsquo;univers de la marche et de la course est celui qui s\u00e9duit le plus de Fran\u00e7ais. Pr\u00e8s d&rsquo;un tiers des sond\u00e9s (32 %) \u00ab\u00a0d\u00e9clare avoir pratiqu\u00e9 une activit\u00e9 de cette famille au moins une fois par semaine\u00a0\u00bb. C&rsquo;est sept points de plus qu&rsquo;en 2018. Viennent ensuite la forme et la <a href=\"https:\/\/www.tf1info.fr\/sport\/guerre-ukraine-russie-un-titre-mondial-pour-la-gymnaste-russe-angelina-melnikova-malgre-les-polemiques-sur-sa-neutralite-2402609.html\" target=\"_blank\" rel=\"noopener\">gymnastique<\/a> (21%), les sports de cycle ou motoris\u00e9s (11 %) et les sports aquatiques (10 %).<\/p>\n<p data-module=\"article-paragraph\" class=\"jsx-157965717 Paragraph Paragraph__End\">Autre grand enseignement de ce barom\u00e8tre, le boom de la pratique f\u00e9minine se confirme. On compte d\u00e9sormais 61 % de pratiquantes r\u00e9guli\u00e8res, soit 10 points de plus qu&rsquo;en 2018. L\u2019\u00e9cart entre les pratiques f\u00e9minine et masculine continue ainsi de se r\u00e9sorber, passant de \u00ab\u00a0six points en 2018 \u00e0 1 point en 2025\u00a0\u00bb.<\/p>\n<p><img decoding=\"async\" src=\"https:\/\/www.europesays.com\/fr\/wp-content\/uploads\/2026\/01\/pratique-du-sport-en-france-injep-2026-996ab7-0@1x.jpeg\" alt=\"Proportion des Fran\u00e7ais pratiquant une activit\u00e9 sportive, entre 2018 et 2025.  - Injep\" loading=\"lazy\" importance=\"low\" fetchpriority=\"low\" class=\"\" data-module=\"article-image\"\/>Proportion des Fran\u00e7ais pratiquant une activit\u00e9 sportive, entre 2018 et 2025.  &#8211; Injep<\/p>\n<p data-module=\"article-paragraph\" class=\"jsx-157965717 Paragraph Paragraph__End\">L&rsquo;Injep note toutefois que la pratique sportive \u00ab\u00a0reste tr\u00e8s marqu\u00e9e socialement\u00a0\u00bb. \u00ab\u00a0En 2025, 70 % des personnes ayant au moins le bac pratiquent r\u00e9guli\u00e8rement, contre 52 % des personnes ayant un dipl\u00f4me inf\u00e9rieur. Treize points s\u00e9parent par ailleurs le taux de pratique r\u00e9guli\u00e8re des 25 % des personnes les plus ais\u00e9es et celui des 25% les plus modestes\u00a0\u00bb, d\u00e9taille l&rsquo;institut.\u00a0<\/p>\n<p><a href=\"https:\/\/www.tf1info.fr\/sport\/etude-puberte-pressions-sociales-accessibilite-pres-d-une-adolescente-sur-deux-abandonne-le-sport-malgre-elle-2418324.html\" rel=\"noopener\" class=\"jsx-3308031228 Link flex\" target=\"_blank\"><img decoding=\"async\" src=\"https:\/\/www.europesays.com\/fr\/wp-content\/uploads\/2026\/01\/sport-ecole-18b2d0-0@1x.jpeg\" alt=\"Istock\" loading=\"lazy\" importance=\"low\" fetchpriority=\"low\" class=\"\" aria-hidden=\"true\"\/><\/p>\n<p class=\"jsx-3657663356 ReadMoreArticle__Title\">Lire aussi<\/p>\n<p class=\"jsx-3657663356\">Pubert\u00e9, pressions sociales, accessibilit\u00e9&#8230; Pr\u00e8s d&rsquo;une adolescente sur deux abandonne le sport \u00ab\u00a0malgr\u00e9 elle\u00a0\u00bb<\/p>\n<p><\/a><\/p>\n<p data-module=\"article-paragraph\" class=\"jsx-157965717 Paragraph Paragraph__End\">Les donn\u00e9es sont issues de la 6\u1d49 vague du Barom\u00e8tre national des pratiques sportives, avec des enqu\u00eates men\u00e9es sur Internet entre le 30 juin et le 15 juillet 2025. Au total, 4.010 r\u00e9ponses, repr\u00e9sentatives des personnes r\u00e9sidant en France et \u00e2g\u00e9es de 15 ans et plus, ont \u00e9t\u00e9 enregistr\u00e9es.\u00a0<\/p>\n<p>M.G<\/p>\n","protected":false},"excerpt":{"rendered":"La proportion de Fran\u00e7ais faisant du sport, et \u00e0 plus forte raison de mani\u00e8re r\u00e9guli\u00e8re, a progress\u00e9 depuis&hellip;\n","protected":false},"author":2,"featured_media":663742,"comment_status":"","ping_status":"","sticky":false,"template":"","format":"standard","meta":{"footnotes":""},"categories":[1888],"tags":[1111,11,1921,1777,674,1011,27,1922,3996,30232,12,626,25,26371,133,4712],"class_list":{"0":"post-663741","1":"post","2":"type-post","3":"status-publish","4":"format-standard","5":"has-post-thumbnail","7":"category-paris","8":"tag-actu","9":"tag-actualites","10":"tag-article-video","11":"tag-eu","12":"tag-europe","13":"tag-fr","14":"tag-france","15":"tag-info","16":"tag-jeux-olympiques","17":"tag-les-jeux-olympiques-et-paralympiques-de-paris-2024","18":"tag-news","19":"tag-paris","20":"tag-republique-francaise","21":"tag-sport-et-societe","22":"tag-video","23":"tag-video-sports"},"share_on_mastodon":{"url":"https:\/\/pubeurope.com\/@fr\/115895387124780001","error":""},"_links":{"self":[{"href":"https:\/\/www.europesays.com\/fr\/wp-json\/wp\/v2\/posts\/663741","targetHints":{"allow":["GET"]}}],"collection":[{"href":"https:\/\/www.europesays.com\/fr\/wp-json\/wp\/v2\/posts"}],"about":[{"href":"https:\/\/www.europesays.com\/fr\/wp-json\/wp\/v2\/types\/post"}],"author":[{"embeddable":true,"href":"https:\/\/www.europesays.com\/fr\/wp-json\/wp\/v2\/users\/2"}],"replies":[{"embeddable":true,"href":"https:\/\/www.europesays.com\/fr\/wp-json\/wp\/v2\/comments?post=663741"}],"version-history":[{"count":0,"href":"https:\/\/www.europesays.com\/fr\/wp-json\/wp\/v2\/posts\/663741\/revisions"}],"wp:featuredmedia":[{"embeddable":true,"href":"https:\/\/www.europesays.com\/fr\/wp-json\/wp\/v2\/media\/663742"}],"wp:attachment":[{"href":"https:\/\/www.europesays.com\/fr\/wp-json\/wp\/v2\/media?parent=663741"}],"wp:term":[{"taxonomy":"category","embeddable":true,"href":"https:\/\/www.europesays.com\/fr\/wp-json\/wp\/v2\/categories?post=663741"},{"taxonomy":"post_tag","embeddable":true,"href":"https:\/\/www.europesays.com\/fr\/wp-json\/wp\/v2\/tags?post=663741"}],"curies":[{"name":"wp","href":"https:\/\/api.w.org\/{rel}","templated":true}]}}