{"id":663747,"date":"2026-01-14T20:42:12","date_gmt":"2026-01-14T20:42:12","guid":{"rendered":"https:\/\/www.europesays.com\/fr\/663747\/"},"modified":"2026-01-14T20:42:12","modified_gmt":"2026-01-14T20:42:12","slug":"la-rencontre-groenland-etats-unis-a-la-maison-blanche-na-pas-vraiment-eu-leffet-escompte","status":"publish","type":"post","link":"https:\/\/www.europesays.com\/fr\/663747\/","title":{"rendered":"La rencontre Groenland\/\u00c9tats-Unis \u00e0 la Maison Blanche n\u2019a pas vraiment eu l\u2019effet escompt\u00e9"},"content":{"rendered":"<p>        <img decoding=\"async\" loading=\"lazy\" src=\"https:\/\/www.europesays.com\/fr\/wp-content\/uploads\/2026\/01\/0b7b74a_upload-1-ybm1mcrmwkmk-afp-20260114-92q46j8-v4-midres-usdenmarkgreenlandpoliticsdiplomacy.jpg\"  width=\"728\" height=\"410\" alt=\"La rencontre Groenland\/Etats-Unis \u00e0 la Maison Blanche n\u2019a pas vraiment eu l\u2019effet escompt\u00e9 (Photo du ministre danois des Affaires \u00e9trang\u00e8res Lars L\u00f8kke Rasmussen et de la cheffe de la diplomation groenlandaise Vivian Motzfeldt le 14\u00a0janvier 2026\u00a0apr\u00e8s leur rencontre \u00e0 la Maison Blanche)\"\/>  <\/p>\n<p>OLIVER CONTRERAS \/ AFP<\/p>\n<p>La rencontre Groenland\/Etats-Unis \u00e0 la Maison Blanche n\u2019a pas vraiment eu l\u2019effet escompt\u00e9 (Photo du ministre danois des Affaires \u00e9trang\u00e8res Lars L\u00f8kke Rasmussen et de la cheffe de la diplomation groenlandaise Vivian Motzfeldt le 14\u00a0janvier 2026\u00a0apr\u00e8s leur rencontre \u00e0 la Maison Blanche)<\/p>\n<p class=\"asset asset-text\">Chacun est rest\u00e9 camp\u00e9 sur ses positions. Le Danemark et les \u00c9tats-Unis ont un \u00ab\u00a0d\u00e9saccord fondamental\u00a0\u00bb \u00e0 propos de<a href=\"https:\/\/www.huffingtonpost.fr\/politique\/article\/pour-l-instant-la-france-va-repondre-aux-menaces-de-trump-sur-le-groenland-en-ouvrant-un-nouveau-consulat_259113.html\" target=\"_blank\" rel=\"noopener\"> l\u2019avenir du Groenland<\/a>, a d\u00e9clar\u00e9 ce mercredi 14\u00a0janvier<a href=\"https:\/\/www.huffingtonpost.fr\/international\/article\/pourquoi-le-danemark-est-il-souverain-au-groenland-la-reponse-remonte-a-l-age-des-vikings-clx1_258968.html\" target=\"_blank\" rel=\"noopener\"> le ministre danois <\/a>des Affaires \u00e9trang\u00e8res \u00e0 l\u2019issue d\u2019une rencontre \u00e0 la Maison Blanche avec des responsables am\u00e9ricains.<\/p>\n<p class=\"asset asset-text\">\u00ab\u00a0Il est clair que le pr\u00e9sident (am\u00e9ricain Donald Trump) nourrit le souhait de s\u2019emparer du Groenland\u00a0\u00bb, a dit Lars L\u00f8kke Rasmussen \u00e0 la presse. Or, il n\u2019est \u00ab\u00a0absolument pas n\u00e9cessaire\u00a0\u00bb que les \u00c9tats-Unis prennent le contr\u00f4le de ce<a href=\"https:\/\/www.huffingtonpost.fr\/international\/article\/ce-montage-sur-le-groenland-illustre-bien-la-doctrine-donroe-et-le-risque-qu-elle-fait-peser-sur-l-europe_258855.html\" target=\"_blank\" rel=\"noopener\"> territoire autonome danois<\/a>, a-t-il estim\u00e9.<\/p>\n<p class=\"asset asset-text\">Dans un camp comme dans l\u2019autre, aucun n\u2019a voulu c\u00e9der du terrain. \u00ab\u00a0Nous n\u2019avons pas r\u00e9ussi \u00e0 faire changer la position am\u00e9ricaine\u00a0\u00bb, a conc\u00e9d\u00e9 le ministre danois. Toutefois, le Danemark a dit vouloir \u00ab\u00a0travailler en \u00e9troite collaboration avec les \u00c9tats-Unis, mais cela doit, bien s\u00fbr, \u00eatre une coop\u00e9ration respectueuse\u00a0\u00bb, a ajout\u00e9 Lars L\u00f8kke Rasmussen.<\/p>\n<p>    \u00ab\u00a0Nous acceptons d\u2019\u00eatre en d\u00e9saccord\u00a0\u00bb    <\/p>\n<p class=\"asset asset-text\">\u00ab\u00a0Nous avons donc toujours un d\u00e9saccord fondamental, mais nous acceptons \u00e9galement d\u2019\u00eatre en d\u00e9saccord\u00a0\u00bb, a-t-il dit, annon\u00e7ant la mise en place d\u2019un \u00ab\u00a0groupe de travail de haut niveau afin d\u2019\u00e9tudier si nous pouvons trouver une voie commune pour aller de l\u2019avant\u00a0\u00bb.<\/p>\n<p class=\"asset asset-text\">Le ministre danois et son homologue groenlandaise Vivian Motzfeldt ont \u00e9t\u00e9 re\u00e7us plus t\u00f4t \u00e0 la Maison Blanche pour des entretiens avec le vice-pr\u00e9sident JD Vance et le secr\u00e9taire d\u2019\u00c9tat Marco Rubio. Cette rencontre a dur\u00e9 un peu plus d\u2019une heure.<\/p>\n<p class=\"asset asset-text\">\u00ab\u00a0Cela a \u00e9t\u00e9 tr\u00e8s intense pour nous tous, mais je tiens \u00e0 vous dire que la r\u00e9union d\u2019aujourd\u2019hui s\u2019est tr\u00e8s bien d\u00e9roul\u00e9e\u00a0\u00bb, a comment\u00e9 pour sa part la ministre groenlandaise. \u00ab\u00a0Nous avons convenu qu\u2019il faut regarder vers l\u2019avenir et travailler \u00e0 un accord renforc\u00e9 entre les pays\u00a0\u00bb, a-t-elle ajout\u00e9.<\/p>\n<p>    \u00ab\u00a0Par o\u00f9, homme du Groenland\u00a0?\u00a0\u00bb    <\/p>\n<p class=\"asset asset-text\">La r\u00e9union avait \u00e9t\u00e9 pr\u00e9c\u00e9d\u00e9e de nouvelles menaces de Donald Trump de s\u2019emparer de l\u2019\u00eele arctique. Les \u00c9tats-Unis \u00ab\u00a0ont besoin du Groenland pour des raisons de s\u00e9curit\u00e9 nationale. Il est vital pour le D\u00f4me d\u2019Or que nous construisons\u00a0\u00bb, a-t-il dit sur son r\u00e9seau Truth Social, en r\u00e9f\u00e9rence \u00e0 un gigantesque projet am\u00e9ricain de bouclier antimissiles. Il a \u00e9galement appel\u00e9 l\u2019Otan \u00e0 le soutenir dans sa d\u00e9marche.<\/p>\n<p class=\"asset asset-text\">Pendant les discussions, la Maison Blanche a publi\u00e9 un dessin sur X, avec pour l\u00e9gende\u00a0: \u00ab\u00a0Par o\u00f9, homme du Groenland\u00a0?\u00a0\u00bb Sur l\u2019illustration figurent deux tra\u00eeneaux tir\u00e9s par des chiens, face \u00e0 deux destinations possibles\u00a0: l\u2019Am\u00e9rique symbolis\u00e9e par la Maison Blanche sous un grand ciel bleu, ou la Chine et la Russie, repr\u00e9sent\u00e9es par la muraille de Chine et la Place rouge dans les t\u00e9n\u00e8bres.<\/p>\n<p> La lecture de ce contenu est susceptible d\u2019entra\u00eener un d\u00e9p\u00f4t de cookies de la part de l\u2019op\u00e9rateur tiers qui l\u2019h\u00e9berge. Compte-tenu des choix que vous avez exprim\u00e9s en mati\u00e8re de d\u00e9p\u00f4t de cookies, nous avons bloqu\u00e9 l\u2019affichage de ce contenu. Si vous souhaitez y acc\u00e9der, vous devez accepter la cat\u00e9gorie de cookies \u201cContenus tiers\u201d en cliquant sur le bouton ci-dessous. <\/p>\n<p> Lire la Vid\u00e9o        <\/p>\n<p class=\"asset asset-text\">Le Danemark a annonc\u00e9 mercredi qu\u2019il renfor\u00e7ait \u00ab\u00a0d\u00e8s aujourd\u2019hui\u00a0\u00bb sa pr\u00e9sence militaire au Groenland. La Su\u00e8de, l\u2019Allemagne, la Norv\u00e8ge et la France ont annonc\u00e9 participer \u00e0 une mission militaire europ\u00e9enne sur l\u2019\u00eele arctique.<\/p>\n<p class=\"asset asset-text\">Par ailleurs, peu apr\u00e8s la rencontre, le ministre des Affaires \u00e9trang\u00e8res danois a assur\u00e9 \u00e0 la presse qu\u2019\u00ab\u00a0il n\u2019y a pas de navires de guerre chinois le long des c\u00f4tes du Groenland (&#8230;) Il n\u2019y a pas non plus d\u2019investissements massifs chinois au Groenland\u00a0\u00bb, a dit Lars L\u00f8kke Rasmussen.<\/p>\n","protected":false},"excerpt":{"rendered":"OLIVER CONTRERAS \/ AFP La rencontre Groenland\/Etats-Unis \u00e0 la Maison Blanche n\u2019a pas vraiment eu l\u2019effet escompt\u00e9 (Photo&hellip;\n","protected":false},"author":2,"featured_media":663748,"comment_status":"","ping_status":"","sticky":false,"template":"","format":"standard","meta":{"footnotes":""},"categories":[1589],"tags":[11,145,73,1866,146,14,12,1864,1865,1863,308],"class_list":{"0":"post-663747","1":"post","2":"type-post","3":"status-publish","4":"format-standard","5":"has-post-thumbnail","7":"category-etats-unis","8":"tag-actualites","9":"tag-danemark","10":"tag-etats-unis","11":"tag-etats-unis-damerique","12":"tag-groenland","13":"tag-international","14":"tag-news","15":"tag-united-states","16":"tag-united-states-of-america","17":"tag-us","18":"tag-usa"},"share_on_mastodon":{"url":"https:\/\/pubeurope.com\/@fr\/115895398848821531","error":""},"_links":{"self":[{"href":"https:\/\/www.europesays.com\/fr\/wp-json\/wp\/v2\/posts\/663747","targetHints":{"allow":["GET"]}}],"collection":[{"href":"https:\/\/www.europesays.com\/fr\/wp-json\/wp\/v2\/posts"}],"about":[{"href":"https:\/\/www.europesays.com\/fr\/wp-json\/wp\/v2\/types\/post"}],"author":[{"embeddable":true,"href":"https:\/\/www.europesays.com\/fr\/wp-json\/wp\/v2\/users\/2"}],"replies":[{"embeddable":true,"href":"https:\/\/www.europesays.com\/fr\/wp-json\/wp\/v2\/comments?post=663747"}],"version-history":[{"count":0,"href":"https:\/\/www.europesays.com\/fr\/wp-json\/wp\/v2\/posts\/663747\/revisions"}],"wp:featuredmedia":[{"embeddable":true,"href":"https:\/\/www.europesays.com\/fr\/wp-json\/wp\/v2\/media\/663748"}],"wp:attachment":[{"href":"https:\/\/www.europesays.com\/fr\/wp-json\/wp\/v2\/media?parent=663747"}],"wp:term":[{"taxonomy":"category","embeddable":true,"href":"https:\/\/www.europesays.com\/fr\/wp-json\/wp\/v2\/categories?post=663747"},{"taxonomy":"post_tag","embeddable":true,"href":"https:\/\/www.europesays.com\/fr\/wp-json\/wp\/v2\/tags?post=663747"}],"curies":[{"name":"wp","href":"https:\/\/api.w.org\/{rel}","templated":true}]}}