{"id":66377,"date":"2025-05-01T07:39:08","date_gmt":"2025-05-01T07:39:08","guid":{"rendered":"https:\/\/www.europesays.com\/fr\/66377\/"},"modified":"2025-05-01T07:39:08","modified_gmt":"2025-05-01T07:39:08","slug":"regarde-ce-que-je-vais-faire-un-sexagenaire-tue-un-homme-puis-se-suicide-en-plein-cours-de-yoga-de-sa-femme","status":"publish","type":"post","link":"https:\/\/www.europesays.com\/fr\/66377\/","title":{"rendered":"\u00ab Regarde ce que je vais faire \u00bb\u00a0: un sexag\u00e9naire tue un homme puis se suicide en plein cours de yoga de sa femme"},"content":{"rendered":"<p class=\"paragraph text_align_left\">Un homme d\u2019une soixantaine d\u2019ann\u00e9es a tu\u00e9 un autre sexag\u00e9naire de plusieurs \u00ab\u00a0coups de feu\u00a0\u00bb mercredi soir avant de se suicider en se tirant une balle dans la t\u00eate devant sa propre femme, a appris l\u2019AFP de source proche du dossier.<\/p>\n<p class=\"paragraph text_align_left\">Les faits se sont produits peu avant 20\u00a0heures \u00e0 Chatonnay, petite commune de l\u2019Is\u00e8re situ\u00e9e au sud de Bourgoin-Jallieu, quand pour une raison encore ind\u00e9termin\u00e9e, l\u2019auteur des tirs s\u2019est rendu au domicile de la victime puis l\u2019a abattue, a-t-on pr\u00e9cis\u00e9.<\/p>\n<p class=\"paragraph text_align_left\">Il s\u2019est ensuite rendu \u00e0 la salle des f\u00eates de la commune o\u00f9 se d\u00e9roulait un cours de yoga et o\u00f9 se trouvait son \u00e9pouse, devant laquelle il a mis fin \u00e0 ses jours, selon la m\u00eame source, confirmant une information du quotidien <a href=\"https:\/\/www.ledauphine.com\/faits-divers-justice\/2025\/04\/30\/il-tue-un-homme-puis-se-suicide-devant-son-epouse\" target=\"_blank\" rel=\"nofollow noopener\">Le Dauphin\u00e9 Lib\u00e9r\u00e9<\/a>. Une dizaine de personnes \u00e9taient pr\u00e9sentes \u00e0 ce moment-l\u00e0.<\/p>\n<p>\u00ab\u00a0Regarde-moi bien\u00a0\u00bb<\/p>\n<p class=\"paragraph text_align_left\">\u00ab\u00a0Elles \u00e9taient au yoga quand il est arriv\u00e9 avec son arme. Elles ont cru qu\u2019il allait tirer de partout. Puis il a dit en regardant sa femme\u00a0: Regarde-moi bien, regarde ce que je vais faire. Puis il s\u2019est tir\u00e9 deux balles dans la t\u00eate\u00a0\u00bb, a racont\u00e9 aupr\u00e8s du Dauphin\u00e9 Lib\u00e9r\u00e9 Jean-Michel Nogueras, le maire de la commune.<\/p>\n<p class=\"lp-card-podcast-highlighting__title lp-f-subtitle-05\">Le double meurtre de Montigny-l\u00e8s-Metz (2\/2)<\/p>\n<p class=\"lp-card-podcast-highlighting__description lp-f-ui-05\">Crime story raconte chaque semaine les grandes affaires criminelles.<\/p>\n<p><a class=\"lp-card-podcast-highlighting__call-to-action\" data-page-type=\"HP\" data-block-name=\"podcast-highlight\">\u00c9couter<\/a><\/p>\n<p class=\"paragraph text_align_left\">Selon le journal r\u00e9gional, les pompiers n\u2019ont rien pu faire pour sauver les deux hommes.<\/p>\n","protected":false},"excerpt":{"rendered":"Un homme d\u2019une soixantaine d\u2019ann\u00e9es a tu\u00e9 un autre sexag\u00e9naire de plusieurs \u00ab\u00a0coups de feu\u00a0\u00bb mercredi soir avant&hellip;\n","protected":false},"author":2,"featured_media":66378,"comment_status":"","ping_status":"","sticky":false,"template":"","format":"standard","meta":{"footnotes":""},"categories":[1888],"tags":[1111,1928,11,1927,459,1777,674,118,1011,27,12,1926,626,1925,25],"class_list":{"0":"post-66377","1":"post","2":"type-post","3":"status-publish","4":"format-standard","5":"has-post-thumbnail","7":"category-paris","8":"tag-actu","9":"tag-actu-paris","10":"tag-actualites","11":"tag-actualites-paris","12":"tag-departements-horsidfo","13":"tag-eu","14":"tag-europe","15":"tag-faits-divers","16":"tag-fr","17":"tag-france","18":"tag-news","19":"tag-news-paris","20":"tag-paris","21":"tag-paris-news","22":"tag-republique-francaise"},"share_on_mastodon":{"url":"https:\/\/pubeurope.com\/@fr\/114431443782974671","error":""},"_links":{"self":[{"href":"https:\/\/www.europesays.com\/fr\/wp-json\/wp\/v2\/posts\/66377","targetHints":{"allow":["GET"]}}],"collection":[{"href":"https:\/\/www.europesays.com\/fr\/wp-json\/wp\/v2\/posts"}],"about":[{"href":"https:\/\/www.europesays.com\/fr\/wp-json\/wp\/v2\/types\/post"}],"author":[{"embeddable":true,"href":"https:\/\/www.europesays.com\/fr\/wp-json\/wp\/v2\/users\/2"}],"replies":[{"embeddable":true,"href":"https:\/\/www.europesays.com\/fr\/wp-json\/wp\/v2\/comments?post=66377"}],"version-history":[{"count":0,"href":"https:\/\/www.europesays.com\/fr\/wp-json\/wp\/v2\/posts\/66377\/revisions"}],"wp:featuredmedia":[{"embeddable":true,"href":"https:\/\/www.europesays.com\/fr\/wp-json\/wp\/v2\/media\/66378"}],"wp:attachment":[{"href":"https:\/\/www.europesays.com\/fr\/wp-json\/wp\/v2\/media?parent=66377"}],"wp:term":[{"taxonomy":"category","embeddable":true,"href":"https:\/\/www.europesays.com\/fr\/wp-json\/wp\/v2\/categories?post=66377"},{"taxonomy":"post_tag","embeddable":true,"href":"https:\/\/www.europesays.com\/fr\/wp-json\/wp\/v2\/tags?post=66377"}],"curies":[{"name":"wp","href":"https:\/\/api.w.org\/{rel}","templated":true}]}}