{"id":663780,"date":"2026-01-14T21:03:17","date_gmt":"2026-01-14T21:03:17","guid":{"rendered":"https:\/\/www.europesays.com\/fr\/663780\/"},"modified":"2026-01-14T21:03:17","modified_gmt":"2026-01-14T21:03:17","slug":"la-diva-devoile-le-contenu-inattendu-de-son-sac-a-main-dans-une-video-hilarante","status":"publish","type":"post","link":"https:\/\/www.europesays.com\/fr\/663780\/","title":{"rendered":"la diva d\u00e9voile le contenu inattendu de son sac \u00e0 main dans une vid\u00e9o hilarante"},"content":{"rendered":"<p>\n    Quelques jours apr\u00e8s son arriv\u00e9e sur TikTok, C\u00e9line Dion s\u2019est attaqu\u00e9e ce 12 janvier \u00e0 un format culte des r\u00e9seaux sociaux\u00a0: le tr\u00e8s connu What\u2019s in my bag, o\u00f9 une star d\u00e9voile le contenu de son sac \u00e0 main. R\u00e9sultat\u00a0: une vid\u00e9o hilarante, cumulant d\u00e9j\u00e0 4.8 millions de vues.<\/p>\n<p class=\"fig-paragraph\">Une semaine seulement apr\u00e8s avoir ouvert son compte TikTok,\u00a0<a href=\"https:\/\/madame.lefigaro.fr\/tag\/celine-dion\" target=\"_blank\" data-fig-type=\"Keyword\" rel=\"sponsored noopener\" data-gtm-custom-categorie=\"navigation\" data-gtm-custom-action=\"crossclick\" data-gtm-custom-label=\"Contextuel\" data-gtm-event=\"customEventSPE\" data-fig-domain=\"MADAME\">C\u00e9line Dion<\/a>\u00a0fait d\u00e9j\u00e0 parler d\u2019elle sur les r\u00e9seaux sociaux. Ce lundi 12 janvier, la chanteuse a en effet post\u00e9 sur ses comptes TikTok et Instagram un \u00abWhat\u2019s in my bag\u00bb (\u00abqu\u2019y a-t-il dans mon sac\u00bb, NDLR), format bien connu des internautes, dans lequel une personnalit\u00e9 pr\u00e9sente le contenu de son sac \u00e0 main. La Qu\u00e9b\u00e9coise se pr\u00eate parfaitement au jeu, m\u00ealant humour et autod\u00e9rision dans cette vid\u00e9o cumulant d\u00e9j\u00e0 plusieurs millions de vues.<\/p>\n<p class=\"fig-paragraph\">Dans la description du post,\u00a0<a href=\"http:\/\/madame.lefigaro.fr\/celebrites\/actu-people\/en-maillot-de-bain-au-clair-de-lune-celine-dion-surprend-avec-de-nouvelles-photos-prises-de-nuit-dans-une-piscine-20250715\" target=\"_blank\" data-fig-type=\"Article\" rel=\"noopener\" data-gtm-custom-categorie=\"navigation\" data-gtm-custom-action=\"crossclick\" data-gtm-custom-label=\"Contextuel\" data-gtm-event=\"customEventSPE\" data-fig-domain=\"MADAME\">C\u00e9line\u00a0<\/a>donne le ton\u00a0: \u00abDisons simplement que&#8230; je suis connue pour transporter un peu plus que juste les essentiels\u00a0!\u00bb. Traduction: attendez-vous \u00e0 tout, sauf \u00e0 du minimalisme. Face cam\u00e9ra, la chanteuse d\u00e9borde d\u2019\u00e9nergie. Elle chante, elle crie, elle improvise, elle imite Cher. Le montage, ponctu\u00e9 de zooms et de bruitages, participe pleinement \u00e0 l\u2019esprit humoristique de l\u2019ensemble. Car nous ne sommes pas dans une simple vid\u00e9o \u00ablifestyle\u00bb, mais dans un v\u00e9ritable sketch de C\u00e9line Dion.<\/p>\n<p>                                                                <a class=\"fig-a11y-skip\" href=\"#fig-a11y-skip-main-inarticle\" data-module=\"a11y-skip\" data-context=\"was @visible\"><br \/>\n    Passer la publicit\u00e9<br \/>\n<\/a>            <\/p>\n<p>                                                                Entre cr\u00e8me hydratante et nourriture pour chien<\/p>\n<p class=\"fig-paragraph\">L\u2019\u00e9crin de ce joyeux bazar\u00a0? Un sac Dior Toujours Tote Bag, chic et structur\u00e9, en parfait contraste avec ce qu\u2019il renferme. Car son contenu est \u00e0 l\u2019image de sa propri\u00e9taire\u00a0: impr\u00e9visible. Premier objet, un \u00e9ventail\u00a0: \u00abJe vis \u00e0 Vegas, donc il fait chaud\u00bb, rappelle C\u00e9line Dion, pragmatique. Suivent de la nourriture pour chien, des Mentos et du gel d\u00e9sinfectant\u00a0: C\u00e9line pense \u00e0 tout, y compris \u00e0 garder l\u2019haleine fra\u00eeche.<\/p>\n<p class=\"fig-paragraph\">C\u00f4t\u00e9 beaut\u00e9, l\u2019interpr\u00e8te de Pour que tu m\u2019aimes encore sort une cr\u00e8me pour les mains\u00a0<a href=\"https:\/\/www.24s.com\/en-fr\/blanche-rinse-free-hand-cleanser-30-ml-byredo_BYRDHJ4SZZZ?utm_source=rakuten&amp;utm_medium=affiliation&amp;utm_campaign=affiliation_rakuten_3968879_Madame+Figaro&amp;utm_content=https%3A%2F%2Fmadame.lefigaro.fr%2Fshopping%2Fbeaute%2Falerte-beaute-ou-trouver-le-gloss-et-la-creme-mains-que-celine-dion-emporte-partout-avec-elle-20260114&amp;utm_term=10\" target=\"_blank\" rel=\"sponsored noopener\" data-gtm-custom-categorie=\"navigation\" data-gtm-custom-action=\"crossclick\" data-gtm-custom-label=\"Contextuel\" data-gtm-event=\"customEventSPE\">Byredo Blanche<\/a>\u00a0: \u00abC\u2019est une de mes pr\u00e9f\u00e9r\u00e9es\u00bb, confie-t-elle. Les internautes, eux, ne s\u2019y trompent pas\u00a0: \u00abOn sait que c\u2019est authentique parce que le tube est presque vide\u00bb, commentent-ils. Pour les l\u00e8vres, myst\u00e8re. Un rouge \u00e0 l\u00e8vres et un gloss apparaissent furtivement \u00e0 l\u2019\u00e9cran. Les fans h\u00e9sitent\u00a0: le gloss\u00a0<a href=\"https:\/\/ogee.com\/en-eu\/products\/carnelian-poppy-duo\" target=\"_blank\" rel=\"sponsored noopener\" data-gtm-custom-categorie=\"navigation\" data-gtm-custom-action=\"crossclick\" data-gtm-custom-label=\"Contextuel\" data-gtm-event=\"customEventSPE\">Poppy\u00a0<\/a>de la marque Ogee\u00a0? Un brillant \u00e0 l\u00e8vres\u00a0<a href=\"https:\/\/www.sephora.fr\/p\/collagen-lip-bath---repulpeur-P3801027.html?utm_source=685833&amp;utm_medium=affiliation&amp;utm_campaign=awin&amp;utm_term=1366359&amp;source=aw&amp;sv1=affiliate&amp;sv_campaign_id=1366359&amp;utm_source=685833&amp;utm_medium=affiliation&amp;utm_campaign=awin&amp;utm_term=1366359&amp;awc=6964_1768398232_fa9edb2b63eab514905bba709211fed0\" target=\"_blank\" rel=\"sponsored noopener\" data-gtm-custom-categorie=\"navigation\" data-gtm-custom-action=\"crossclick\" data-gtm-custom-label=\"Contextuel\" data-gtm-event=\"customEventSPE\">Charlotte Tilbury\u00a0<\/a>? Rien d\u2019\u00e9tonnant \u00e0 cette derni\u00e8re hypoth\u00e8se\u00a0: C\u00e9line Dion \u00e9tait l\u2019\u00e9g\u00e9rie de la\u00a0<a href=\"https:\/\/www.bing.com\/videos\/riverview\/relatedvideo?q=campagne+noel+charlotte+tilbury+celine+dion&amp;mid=8547BB69282FF8FE22DE8547BB69282FF8FE22DE&amp;FORM=VIRE\" target=\"_blank\" rel=\"sponsored noopener\" data-gtm-custom-categorie=\"navigation\" data-gtm-custom-action=\"crossclick\" data-gtm-custom-label=\"Contextuel\" data-gtm-event=\"customEventSPE\">campagne de No\u00ebl<\/a>\u00a0de la marque l\u2019an dernier. Explications de la star\u00a0: \u00abLe temps est sec \u00e0 Las Vegas #RestezHydrat\u00e9s.<\/p>\n<p>                                                                Une caverne d\u2019Ali Baba, fa\u00e7on C\u00e9line Dion<\/p>\n<p class=\"fig-paragraph\">D\u2019autres objets sont beaucoup plus loufoques. D\u2019abord, un micro, \u00abjuste au cas o\u00f9 les gens me demandent de chanter Joyeux Anniversaire, je suis pr\u00eate\u00bb. Logique implacable. La star montre ensuite un petit galet sur lequel est inscrit le mot \u00abBelieve\u00bb (croire, NDLR), avant d\u2019entonner le refrain du tube de Cher du m\u00eame nom. Puis elle d\u00e9voile un pass VIP pour&#8230; son propre concert. \u00ab\u00c7a demande beaucoup de courage de transporter son propre pass VIP\u00bb, plaisante-t-elle, en clin d\u2019\u0153il \u00e0 Courage, le nom de sa tourn\u00e9e. Utile, explique-t-elle, quand elle fait des achats et que les vendeurs doutent de son identit\u00e9, m\u00eame si elle tente d\u2019abord de les convaincre en poussant la mythique note aigu\u00eb de All by myself. Le final est \u00e0 la hauteur du reste. C\u00e9line sort un vieux t\u00e9l\u00e9phone \u00e0 cadran de son sac, telle Mary Poppins.<\/p>\n<p class=\"fig-body-link&#10;    \">\n            \u00c0 lire aussi<br \/>\n        <a class=\"fig-body-link__link\" href=\"http:\/\/madame.lefigaro.fr\/enfants\/tout-a-coup-je-deviens-cool-celine-dion-debarque-sur-tiktok-avec-une-video-pleine-d-humour-20260106\" target=\"_blank\" data-fig-type=\"Article\" rel=\"noopener\" data-gtm-custom-categorie=\"navigation\" data-gtm-custom-action=\"crossclick\" data-gtm-custom-label=\"Contextuel\" data-gtm-event=\"customEventSPE\" data-fig-domain=\"MADAME\"><br \/>\n        \u00abTout \u00e0 coup, je deviens cool\u00bb\u00a0: C\u00e9line Dion d\u00e9barque sur TikTok avec une vid\u00e9o pleine d\u2019humour<\/a>\n<\/p>\n<p class=\"fig-paragraph\">Dans les commentaires, l\u2019enthousiasme est unanime\u00a0: \u00abPourquoi est-elle si hilarante\u00a0?\u00bb, \u00abL\u00c9GENDE\u00bb, \u00abOn est oblig\u00e9s de l\u2019appr\u00e9cier\u00bb. La diva amuse autant qu\u2019elle rassure\u00a0: oui, C\u00e9line Dion est bien l\u00e0, plus vivante et plus dr\u00f4le que jamais.<\/p>\n<p class=\"fig-paragraph\">En effet, ces derni\u00e8res ann\u00e9es ont \u00e9t\u00e9 marqu\u00e9es par la maladie (la chanteuse a annonc\u00e9 \u00eatre atteinte du syndrome de la personne raide en 2022). Mais aujourd\u2019hui, \u00e0 57 ans, C\u00e9line Dion r\u00e9appara\u00eet l\u00e0 o\u00f9 on ne l\u2019attendait pas\u00a0: sur TikTok et Instagram, et plus dr\u00f4le que jamais. Et si ce What\u2019s in my bag nous apprend quelque chose, c\u2019est bien que la chanteuse n\u2019a rien perdu de son autod\u00e9rision.<\/p>\n","protected":false},"excerpt":{"rendered":"Quelques jours apr\u00e8s son arriv\u00e9e sur TikTok, C\u00e9line Dion s\u2019est attaqu\u00e9e ce 12 janvier \u00e0 un format culte&hellip;\n","protected":false},"author":2,"featured_media":663781,"comment_status":"","ping_status":"","sticky":false,"template":"","format":"standard","meta":{"footnotes":""},"categories":[1355],"tags":[7043,58,59,1011,27,708,1361,873,2439],"class_list":{"0":"post-663780","1":"post","2":"type-post","3":"status-publish","4":"format-standard","5":"has-post-thumbnail","7":"category-musique","8":"tag-celine-dion","9":"tag-divertissement","10":"tag-entertainment","11":"tag-fr","12":"tag-france","13":"tag-humour","14":"tag-music","15":"tag-musique","16":"tag-tiktok"},"share_on_mastodon":{"url":"","error":""},"_links":{"self":[{"href":"https:\/\/www.europesays.com\/fr\/wp-json\/wp\/v2\/posts\/663780","targetHints":{"allow":["GET"]}}],"collection":[{"href":"https:\/\/www.europesays.com\/fr\/wp-json\/wp\/v2\/posts"}],"about":[{"href":"https:\/\/www.europesays.com\/fr\/wp-json\/wp\/v2\/types\/post"}],"author":[{"embeddable":true,"href":"https:\/\/www.europesays.com\/fr\/wp-json\/wp\/v2\/users\/2"}],"replies":[{"embeddable":true,"href":"https:\/\/www.europesays.com\/fr\/wp-json\/wp\/v2\/comments?post=663780"}],"version-history":[{"count":0,"href":"https:\/\/www.europesays.com\/fr\/wp-json\/wp\/v2\/posts\/663780\/revisions"}],"wp:featuredmedia":[{"embeddable":true,"href":"https:\/\/www.europesays.com\/fr\/wp-json\/wp\/v2\/media\/663781"}],"wp:attachment":[{"href":"https:\/\/www.europesays.com\/fr\/wp-json\/wp\/v2\/media?parent=663780"}],"wp:term":[{"taxonomy":"category","embeddable":true,"href":"https:\/\/www.europesays.com\/fr\/wp-json\/wp\/v2\/categories?post=663780"},{"taxonomy":"post_tag","embeddable":true,"href":"https:\/\/www.europesays.com\/fr\/wp-json\/wp\/v2\/tags?post=663780"}],"curies":[{"name":"wp","href":"https:\/\/api.w.org\/{rel}","templated":true}]}}