{"id":663782,"date":"2026-01-14T21:04:10","date_gmt":"2026-01-14T21:04:10","guid":{"rendered":"https:\/\/www.europesays.com\/fr\/663782\/"},"modified":"2026-01-14T21:04:10","modified_gmt":"2026-01-14T21:04:10","slug":"la-cicatrice-jamais-expliquee-danakin-skywalker","status":"publish","type":"post","link":"https:\/\/www.europesays.com\/fr\/663782\/","title":{"rendered":"la cicatrice jamais expliqu\u00e9e d\u2019Anakin Skywalker"},"content":{"rendered":"<p class=\"chapo\">Un simple trait sur le visage d\u2019Anakin Skywalker continue de fasciner et d\u2019inspirer les imaginaires des fans de Star Wars.<\/p>\n<p>Tl;dr<\/p>\n<ul>\n<li>La cicatrice d\u2019Anakin Skywalker dans La Revanche des Sith reste un myst\u00e8re, jamais expliqu\u00e9e dans les films ni dans The Clone Wars.<\/li>\n<li>Une explication appara\u00eet dans le comic Star Wars: Republic, o\u00f9 Anakin l\u2019obtient lors d\u2019un duel avec Asajj Ventress, mais cette version est hors-canon.<\/li>\n<li>Les cr\u00e9ateurs ont laiss\u00e9 le myst\u00e8re volontairement, permettant aux fans d\u2019imaginer leurs propres sc\u00e9narios autour de ce d\u00e9tail iconique.<\/li>\n<\/ul>\n<p>Un myst\u00e8re tenace dans l\u2019univers Star Wars<\/p>\n<p>Si l\u2019on observe attentivement le parcours d\u2019Anakin Skywalker, une question intrigue depuis longtemps les amateurs de la saga <a href=\"https:\/\/www.24matins.fr\/star-wars-lucasfilm-pourrait-explorer-les-exploits-oublies-de-leia-1401398\" target=\"_blank\" rel=\"noopener\"><strong>Star Wars<\/strong><\/a> : d\u2019o\u00f9 vient cette cicatrice distinctive qui traverse son \u0153il droit dans\u00a0La Revanche des Sith\u00a0? \u00c9tonnamment, ni le film, ni la s\u00e9rie anim\u00e9e\u00a0The Clone Wars\u00a0n\u2019en font mention. Pourtant, ce d\u00e9tail visuel est devenu un symbole marquant du personnage, accentuant sa dimension tragique et tourment\u00e9e.<\/p>\n<p>La piste du comic Star Wars: Republic<\/p>\n<p>Pour les plus curieux, il faut se tourner vers l\u2019univers \u00e9tendu d\u00e9sormais class\u00e9 \u00ab\u00a0Legends\u00a0\u00bb. L\u2019explication la plus d\u00e9velopp\u00e9e provient du num\u00e9ro 71 du comic\u00a0Star Wars: Republic, sc\u00e9naris\u00e9 par John Ostrander et dessin\u00e9 par Jan Duursema. Cette histoire, non reconnue dans le canon officiel, met en sc\u00e8ne un duel intense entre Anakin et Asajj Ventress, survenu en 20 BBY dans les souterrains de Coruscant. Alors qu\u2019Anakin tente de rejoindre secr\u00e8tement Padm\u00e9, il tombe dans une embuscade orchestr\u00e9e par Ventress. Le combat d\u00e9g\u00e9n\u00e8re lorsqu\u2019elle menace la s\u00e9natrice ; Anakin, consum\u00e9 par la col\u00e8re, riposte brutalement. C\u2019est lors de cette confrontation que Ventress lui inflige la fameuse cicatrice. Par la suite, Anakin laisse \u00e9clater sa rage et torture Ventress avant qu\u2019elle ne disparaisse dans le vide.<\/p>\n<p>Voici les \u00e9l\u00e9ments cl\u00e9s rapport\u00e9s par ce r\u00e9cit :<\/p>\n<ul>\n<li>Duel avec Ventress dans les profondeurs de Coruscant.<\/li>\n<li>Anakin bascule davantage vers le c\u00f4t\u00e9 obscur \u00e0 cause de ses liens affectifs.<\/li>\n<li>L\u2019explication demeure une version alternative, hors-canon.<\/li>\n<\/ul>\n<p>L\u2019absence d\u2019explication officielle : un choix assum\u00e9 ?<\/p>\n<p>Du c\u00f4t\u00e9 des cr\u00e9ateurs officiels, ce myst\u00e8re semble avoir \u00e9t\u00e9 volontairement laiss\u00e9 en suspens. Un \u00e9change rapport\u00e9 entre George Lucas et ses collaborateurs durant le tournage montre bien l\u2019esprit qui r\u00e8gne autour de cette cicatrice : George Lucas aurait plaisant\u00e9 que c\u2019\u00e9tait \u00e0 Howard Roffman, alors pr\u00e9sident de Lucas Licensing, d\u2019inventer l\u2019histoire \u2013 allant m\u00eame jusqu\u2019\u00e0 \u00e9voquer une chute dans une baignoire ! Aucun \u00e9pisode ou roman canonique ne vient donc pr\u00e9ciser les circonstances exactes.<\/p>\n<p>L\u2019h\u00e9ritage d\u2019une blessure jamais expliqu\u00e9e<\/p>\n<p>Aujourd\u2019hui encore, alors que l\u2019univers Star Wars s\u2019enrichit de nouveaux r\u00e9cits comme\u00a0Ahsoka\u00a0ou\u00a0The Mandalorian, aucune \u0153uvre n\u2019a tent\u00e9 d\u2019ancrer officiellement l\u2019origine de cette marque. Peut-\u00eatre est-ce l\u00e0 tout l\u2019int\u00e9r\u00eat : permettre aux fans d\u2019imaginer mille sc\u00e9narios autour d\u2019un simple trait sur un visage d\u00e9j\u00e0 charg\u00e9 d\u2019histoire.<\/p>\n","protected":false},"excerpt":{"rendered":"Un simple trait sur le visage d\u2019Anakin Skywalker continue de fasciner et d\u2019inspirer les imaginaires des fans de&hellip;\n","protected":false},"author":2,"featured_media":663783,"comment_status":"","ping_status":"","sticky":false,"template":"","format":"standard","meta":{"footnotes":""},"categories":[1354],"tags":[58,59,1346,1011,27,1360],"class_list":{"0":"post-663782","1":"post","2":"type-post","3":"status-publish","4":"format-standard","5":"has-post-thumbnail","7":"category-films","8":"tag-divertissement","9":"tag-entertainment","10":"tag-films","11":"tag-fr","12":"tag-france","13":"tag-movies"},"share_on_mastodon":{"url":"https:\/\/pubeurope.com\/@fr\/115895485348927113","error":""},"_links":{"self":[{"href":"https:\/\/www.europesays.com\/fr\/wp-json\/wp\/v2\/posts\/663782","targetHints":{"allow":["GET"]}}],"collection":[{"href":"https:\/\/www.europesays.com\/fr\/wp-json\/wp\/v2\/posts"}],"about":[{"href":"https:\/\/www.europesays.com\/fr\/wp-json\/wp\/v2\/types\/post"}],"author":[{"embeddable":true,"href":"https:\/\/www.europesays.com\/fr\/wp-json\/wp\/v2\/users\/2"}],"replies":[{"embeddable":true,"href":"https:\/\/www.europesays.com\/fr\/wp-json\/wp\/v2\/comments?post=663782"}],"version-history":[{"count":0,"href":"https:\/\/www.europesays.com\/fr\/wp-json\/wp\/v2\/posts\/663782\/revisions"}],"wp:featuredmedia":[{"embeddable":true,"href":"https:\/\/www.europesays.com\/fr\/wp-json\/wp\/v2\/media\/663783"}],"wp:attachment":[{"href":"https:\/\/www.europesays.com\/fr\/wp-json\/wp\/v2\/media?parent=663782"}],"wp:term":[{"taxonomy":"category","embeddable":true,"href":"https:\/\/www.europesays.com\/fr\/wp-json\/wp\/v2\/categories?post=663782"},{"taxonomy":"post_tag","embeddable":true,"href":"https:\/\/www.europesays.com\/fr\/wp-json\/wp\/v2\/tags?post=663782"}],"curies":[{"name":"wp","href":"https:\/\/api.w.org\/{rel}","templated":true}]}}