{"id":663784,"date":"2026-01-14T21:05:10","date_gmt":"2026-01-14T21:05:10","guid":{"rendered":"https:\/\/www.europesays.com\/fr\/663784\/"},"modified":"2026-01-14T21:05:10","modified_gmt":"2026-01-14T21:05:10","slug":"lepidemie-de-grippe-menace-de-reprendre-et-entraine-deja-une-mortalite-elevee-actualites","status":"publish","type":"post","link":"https:\/\/www.europesays.com\/fr\/663784\/","title":{"rendered":"L&rsquo;\u00e9pid\u00e9mie de grippe menace de reprendre et entra\u00eene d\u00e9j\u00e0 une mortalit\u00e9 \u00e9lev\u00e9e : Actualit\u00e9s"},"content":{"rendered":"<p class=\"lead \">Apr\u00e8s un bref reflux fin 2025, l&rsquo;\u00e9pid\u00e9mie de grippe saisonni\u00e8re menace de reprendre, port\u00e9e en particulier par les enfants, et cause d\u00e9j\u00e0 une proportion importante de d\u00e9c\u00e8s, essentiellement chez les personnes \u00e2g\u00e9es, a r\u00e9sum\u00e9 mercredi l&rsquo;agence de sant\u00e9 publique.<\/p>\n<p class=\"lead \">La reprise chez les enfants \u00ab\u00a0pourrait entrainer une recrudescence du recours aux soins chez les adultes dans les semaines \u00e0 venir\u00a0\u00bb, a pr\u00e9venu Sant\u00e9 publique France dans un bilan hebdomadaire, jugeant \u00ab\u00a0tr\u00e8s difficile d&rsquo;anticiper l&rsquo;impact qu&rsquo;une telle reprise \u00e9pid\u00e9mique pourrait avoir sur le syst\u00e8me de soins\u00a0\u00bb.<\/p>\n<p class=\"lead \">Depuis plusieurs semaines, l&rsquo;\u00e9pid\u00e9mie de grippe touche toute la m\u00e9tropole ainsi que la plupart des r\u00e9gions d&rsquo;outre-mer. Seule la R\u00e9union est \u00e9pargn\u00e9e mais, apr\u00e8s une premi\u00e8re vague, elle semble aussi menac\u00e9e d&rsquo;une reprise.<\/p>\n<p class=\"lead \">Les autorit\u00e9s sanitaires esp\u00e9raient qu&rsquo;un pic soit pass\u00e9 avec la nouvelle ann\u00e9e mais, apr\u00e8s un bref d\u00e9clin, les consultations en ville ont rebondi ces derniers jours, \u00ab\u00a0une tendance particuli\u00e8rement marqu\u00e9e chez les enfants de moins de 15 ans\u00a0\u00bb.<\/p>\n<p class=\"lead \">La tendance reste globalement \u00e0 la baisse \u00e0 l&rsquo;h\u00f4pital, mais celui-ci tend \u00e0 suivre avec quelques jours de retard l&rsquo;\u00e9volution de la m\u00e9decine de ville. Et les hospitalisations sont d\u00e9j\u00e0 en train d&rsquo;augmenter pour les moins de cinq ans.<\/p>\n<p class=\"lead \">D&rsquo;ores et d\u00e9j\u00e0, l&rsquo;agence de sant\u00e9 publique a relev\u00e9 une augmentation persistante des d\u00e9c\u00e8s li\u00e9s \u00e0 la grippe. Il est trop t\u00f4t pour d\u00e9gager un bilan chiffr\u00e9, mais il est d\u00e9j\u00e0 possible d&rsquo;observer une tendance en observant la proportion de morts officiellement caus\u00e9e par la grippe parmi l&rsquo;ensemble des d\u00e9c\u00e8s faisant l&rsquo;objet d&rsquo;un certificat \u00e9lectronique.<\/p>\n<p class=\"lead \">Cette proportion se situe d\u00e9sormais au \u00ab\u00a0niveau atteint au pic de l&rsquo;\u00e9pid\u00e9mie 2024-2025 (7,2% contre 7,4% \u00e0 l&rsquo;\u00e9poque)\u00a0\u00bb, et les d\u00e9c\u00e8s touchent tr\u00e8s largement les plus de 65 ans, a constat\u00e9 Sant\u00e9 publique France. <\/p>\n<p class=\"lead \">La saison derni\u00e8re avait \u00e9t\u00e9 marqu\u00e9e par l&rsquo;une des \u00e9pid\u00e9mies les plus s\u00e9v\u00e8res depuis 2009, avec quelque 17.600 d\u00e9c\u00e8s attribu\u00e9s \u00e0 la grippe contre environ 10.000 en moyenne. Ce bilan avait \u00e9t\u00e9 li\u00e9 en partie \u00e0 de faibles taux de vaccination. <\/p>\n<p class=\"lead \">Si la proportion de Fran\u00e7ais vaccin\u00e9s appara\u00eet plus \u00e9lev\u00e9e cette saison, avec notamment plus de la moiti\u00e9 des 65 ans et plus vaccin\u00e9s (53%), elle reste loin des objectifs. <\/p>\n<p class=\"lead \">Autre grande \u00e9pid\u00e9mie hivernale, la bronchiolite, qui se concentre sur les tout petits, confirme son reflux sur l&rsquo;ensemble du territoire: plusieurs r\u00e9gions passent en \u00ab\u00a0post-\u00e9pid\u00e9mie\u00a0\u00bb et l&rsquo;\u00cele de France est revenue \u00e0 un niveau normal.<\/p>\n<p class=\"small font-weight-bold text-gray3 \"> publi\u00e9 le 14 janvier \u00e0 19h15, AFP<\/p>\n<p>                             Partager<\/p>\n","protected":false},"excerpt":{"rendered":"Apr\u00e8s un bref reflux fin 2025, l&rsquo;\u00e9pid\u00e9mie de grippe saisonni\u00e8re menace de reprendre, port\u00e9e en particulier par les&hellip;\n","protected":false},"author":2,"featured_media":663785,"comment_status":"","ping_status":"","sticky":false,"template":"","format":"standard","meta":{"footnotes":""},"categories":[10],"tags":[4009,10171,1011,27,72,693,15299,585,71,3552,4008,5336],"class_list":{"0":"post-663784","1":"post","2":"type-post","3":"status-publish","4":"format-standard","5":"has-post-thumbnail","7":"category-sante","8":"tag-pidmie","9":"tag-bb","10":"tag-fr","11":"tag-france","12":"tag-health","13":"tag-industrie","14":"tag-pharmacie","15":"tag-sant","16":"tag-sante","17":"tag-seniors","18":"tag-vaccins","19":"tag-virus"},"share_on_mastodon":{"url":"https:\/\/pubeurope.com\/@fr\/115895489242683090","error":""},"_links":{"self":[{"href":"https:\/\/www.europesays.com\/fr\/wp-json\/wp\/v2\/posts\/663784","targetHints":{"allow":["GET"]}}],"collection":[{"href":"https:\/\/www.europesays.com\/fr\/wp-json\/wp\/v2\/posts"}],"about":[{"href":"https:\/\/www.europesays.com\/fr\/wp-json\/wp\/v2\/types\/post"}],"author":[{"embeddable":true,"href":"https:\/\/www.europesays.com\/fr\/wp-json\/wp\/v2\/users\/2"}],"replies":[{"embeddable":true,"href":"https:\/\/www.europesays.com\/fr\/wp-json\/wp\/v2\/comments?post=663784"}],"version-history":[{"count":0,"href":"https:\/\/www.europesays.com\/fr\/wp-json\/wp\/v2\/posts\/663784\/revisions"}],"wp:featuredmedia":[{"embeddable":true,"href":"https:\/\/www.europesays.com\/fr\/wp-json\/wp\/v2\/media\/663785"}],"wp:attachment":[{"href":"https:\/\/www.europesays.com\/fr\/wp-json\/wp\/v2\/media?parent=663784"}],"wp:term":[{"taxonomy":"category","embeddable":true,"href":"https:\/\/www.europesays.com\/fr\/wp-json\/wp\/v2\/categories?post=663784"},{"taxonomy":"post_tag","embeddable":true,"href":"https:\/\/www.europesays.com\/fr\/wp-json\/wp\/v2\/tags?post=663784"}],"curies":[{"name":"wp","href":"https:\/\/api.w.org\/{rel}","templated":true}]}}