{"id":663799,"date":"2026-01-14T21:13:18","date_gmt":"2026-01-14T21:13:18","guid":{"rendered":"https:\/\/www.europesays.com\/fr\/663799\/"},"modified":"2026-01-14T21:13:18","modified_gmt":"2026-01-14T21:13:18","slug":"saint-genest-malifaux-lamicale-des-anciens-sapeurs-pompiers-reconduit-ses-activites-en-2026","status":"publish","type":"post","link":"https:\/\/www.europesays.com\/fr\/663799\/","title":{"rendered":"Saint-Genest-Malifaux. L\u2019amicale des anciens sapeurs-pompiers reconduit ses activit\u00e9s en 2026"},"content":{"rendered":"<p>L\u2019Amicale des anciens sapeurs-pompiers a tenu son assembl\u00e9e g\u00e9n\u00e9rale annuelle ce vendredi autour de son pr\u00e9sident Jean-Paul Georjon.<\/p>\n<p>En 2025, les vingt-trois membres de l\u2019association ont organis\u00e9 un concours de coinche sur invitation. Ils ont \u00e9galement effectu\u00e9 une sortie repas et ont particip\u00e9 au repas de l\u2019ancien canton, avec les amicales de Marlhes-Saint-R\u00e9gis-du-Coin et Jonzieux.<\/p>\n<p>Le m\u00eame type d\u2019activit\u00e9s sera reconduit pour l\u2019ann\u00e9e \u00e0 venir.<\/p>\n","protected":false},"excerpt":{"rendered":"L\u2019Amicale des anciens sapeurs-pompiers a tenu son assembl\u00e9e g\u00e9n\u00e9rale annuelle ce vendredi autour de son pr\u00e9sident Jean-Paul Georjon.&hellip;\n","protected":false},"author":2,"featured_media":663800,"comment_status":"","ping_status":"","sticky":false,"template":"","format":"standard","meta":{"footnotes":""},"categories":[9653],"tags":[1111,11,2430,1687,7539,1777,674,1011,27,12,25,4001,15342,15343],"class_list":{"0":"post-663799","1":"post","2":"type-post","3":"status-publish","4":"format-standard","5":"has-post-thumbnail","7":"category-saint-etienne","8":"tag-actu","9":"tag-actualites","10":"tag-auvergne-rhone-alpes","11":"tag-culture-loisirs","12":"tag-edition-loire-sud","13":"tag-eu","14":"tag-europe","15":"tag-fr","16":"tag-france","17":"tag-news","18":"tag-republique-francaise","19":"tag-saint-etienne","20":"tag-saint-genest-malifaux","21":"tag-saint-genest-malifaux-bassin"},"share_on_mastodon":{"url":"https:\/\/pubeurope.com\/@fr\/115895520731195533","error":""},"_links":{"self":[{"href":"https:\/\/www.europesays.com\/fr\/wp-json\/wp\/v2\/posts\/663799","targetHints":{"allow":["GET"]}}],"collection":[{"href":"https:\/\/www.europesays.com\/fr\/wp-json\/wp\/v2\/posts"}],"about":[{"href":"https:\/\/www.europesays.com\/fr\/wp-json\/wp\/v2\/types\/post"}],"author":[{"embeddable":true,"href":"https:\/\/www.europesays.com\/fr\/wp-json\/wp\/v2\/users\/2"}],"replies":[{"embeddable":true,"href":"https:\/\/www.europesays.com\/fr\/wp-json\/wp\/v2\/comments?post=663799"}],"version-history":[{"count":0,"href":"https:\/\/www.europesays.com\/fr\/wp-json\/wp\/v2\/posts\/663799\/revisions"}],"wp:featuredmedia":[{"embeddable":true,"href":"https:\/\/www.europesays.com\/fr\/wp-json\/wp\/v2\/media\/663800"}],"wp:attachment":[{"href":"https:\/\/www.europesays.com\/fr\/wp-json\/wp\/v2\/media?parent=663799"}],"wp:term":[{"taxonomy":"category","embeddable":true,"href":"https:\/\/www.europesays.com\/fr\/wp-json\/wp\/v2\/categories?post=663799"},{"taxonomy":"post_tag","embeddable":true,"href":"https:\/\/www.europesays.com\/fr\/wp-json\/wp\/v2\/tags?post=663799"}],"curies":[{"name":"wp","href":"https:\/\/api.w.org\/{rel}","templated":true}]}}