{"id":663806,"date":"2026-01-14T21:17:13","date_gmt":"2026-01-14T21:17:13","guid":{"rendered":"https:\/\/www.europesays.com\/fr\/663806\/"},"modified":"2026-01-14T21:17:13","modified_gmt":"2026-01-14T21:17:13","slug":"a-deux-pas-du-port-de-toulon-le-restaurant-julietta-vous-invite-a-un-voyage-a-naples","status":"publish","type":"post","link":"https:\/\/www.europesays.com\/fr\/663806\/","title":{"rendered":"\u00c0 deux pas du port de Toulon, le restaurant Julietta vous invite \u00e0 un voyage \u00e0 Naples"},"content":{"rendered":"<p class=\"fs-5 \">Entre statuettes de <strong>Maradona<\/strong> et <strong>citrons d\u2019Amalfi<\/strong>, Anna, propri\u00e9taire du lieu, nous invite, \u00e0 deux pas du <strong>port de Toulon<\/strong>, \u00e0 un voyage au c\u0153ur de <strong>Naples<\/strong>.<\/p>\n<p class=\"fs-5 \">\u00c0 la carte, \u00ab\u00a0des sp\u00e9cialit\u00e9s napolitaines et non italiennes\u00a0\u00bb, appuie Anna, comme la sp\u00e9cialit\u00e9, un <strong>ravioli <\/strong>g\u00e9ant, et en dessert une tarte au citron aux amandes caram\u00e9lis\u00e9es et au <strong>chocolat blanc<\/strong>.<\/p>\n<p class=\"fs-5 \">Le tout, fait maison, dans un esprit convivial et familial. Exactement \u00ab\u00a0comme \u00e0 la maison\u00a0\u00bb, confie Anna.<\/p>\n<p class=\"fs-5 \">Ouvert du lundi au samedi de 8\u2005h \u00e0 16\u2005h, le lieu accueille les Toulonnais autour d\u2019un petit-d\u00e9jeuner, de jus d\u2019orange press\u00e9s et de g\u00e2teaux de la nonna.<\/p>\n<p class=\"fs-5 \">Les vendredis et samedis, \u00e0 partir de 18\u2005h, Julietta passe \u00e0 l\u2019heure de l\u2019aperitivo avec des spritz et des antipasti napolitains.<\/p>\n<p class=\"fs-5 \">La carte est pens\u00e9e pour \u00eatre accessible. Anna, maman solo, se met \u00e0 la place des clients et mise sur des prix doux, en t\u00e9moigne le spritz \u00e0 5\u2005euros.<\/p>\n<p class=\"fs-5 \">\u00ab\u00a0Ce n\u2019est pas juste une assiette de p\u00e2tes, c\u2019est un voyage\u00a0\u00bb, r\u00e9sume-t-elle, voyant dans ce lieu une fa\u00e7on de remercier Toulon, sa ville de c\u0153ur, pour l\u2019accueil qu\u2019elle a re\u00e7u ici.<\/p>\n<p class=\"fs-5 \"><strong>Savoir+<\/strong><\/p>\n<p class=\"fs-5 \">Restaurant Juliette, 1 rue Corneille, Toulon. T\u00e9l.\u00a0;\u00a0: 09.83.97.01.43.<\/p>\n","protected":false},"excerpt":{"rendered":"Entre statuettes de Maradona et citrons d\u2019Amalfi, Anna, propri\u00e9taire du lieu, nous invite, \u00e0 deux pas du port&hellip;\n","protected":false},"author":2,"featured_media":663807,"comment_status":"","ping_status":"","sticky":false,"template":"","format":"standard","meta":{"footnotes":""},"categories":[9619],"tags":[1111,11,1777,674,1011,27,12,882,25,2310],"class_list":{"0":"post-663806","1":"post","2":"type-post","3":"status-publish","4":"format-standard","5":"has-post-thumbnail","7":"category-toulon","8":"tag-actu","9":"tag-actualites","10":"tag-eu","11":"tag-europe","12":"tag-fr","13":"tag-france","14":"tag-news","15":"tag-provence-alpes-cote-dazur","16":"tag-republique-francaise","17":"tag-toulon"},"share_on_mastodon":{"url":"https:\/\/pubeurope.com\/@fr\/115895536973058834","error":""},"_links":{"self":[{"href":"https:\/\/www.europesays.com\/fr\/wp-json\/wp\/v2\/posts\/663806","targetHints":{"allow":["GET"]}}],"collection":[{"href":"https:\/\/www.europesays.com\/fr\/wp-json\/wp\/v2\/posts"}],"about":[{"href":"https:\/\/www.europesays.com\/fr\/wp-json\/wp\/v2\/types\/post"}],"author":[{"embeddable":true,"href":"https:\/\/www.europesays.com\/fr\/wp-json\/wp\/v2\/users\/2"}],"replies":[{"embeddable":true,"href":"https:\/\/www.europesays.com\/fr\/wp-json\/wp\/v2\/comments?post=663806"}],"version-history":[{"count":0,"href":"https:\/\/www.europesays.com\/fr\/wp-json\/wp\/v2\/posts\/663806\/revisions"}],"wp:featuredmedia":[{"embeddable":true,"href":"https:\/\/www.europesays.com\/fr\/wp-json\/wp\/v2\/media\/663807"}],"wp:attachment":[{"href":"https:\/\/www.europesays.com\/fr\/wp-json\/wp\/v2\/media?parent=663806"}],"wp:term":[{"taxonomy":"category","embeddable":true,"href":"https:\/\/www.europesays.com\/fr\/wp-json\/wp\/v2\/categories?post=663806"},{"taxonomy":"post_tag","embeddable":true,"href":"https:\/\/www.europesays.com\/fr\/wp-json\/wp\/v2\/tags?post=663806"}],"curies":[{"name":"wp","href":"https:\/\/api.w.org\/{rel}","templated":true}]}}