{"id":663808,"date":"2026-01-14T21:18:24","date_gmt":"2026-01-14T21:18:24","guid":{"rendered":"https:\/\/www.europesays.com\/fr\/663808\/"},"modified":"2026-01-14T21:18:24","modified_gmt":"2026-01-14T21:18:24","slug":"toulon-se-rapproche-des-quarts-avec-le-retour-de-serin","status":"publish","type":"post","link":"https:\/\/www.europesays.com\/fr\/663808\/","title":{"rendered":"Toulon se rapproche des quarts avec le retour de Serin"},"content":{"rendered":"<p>En Champions Cup, Toulon aborde Gloucester avec un capital confiance fragile mais r\u00e9el. Le succ\u00e8s arrach\u00e9 contre le Munster (27-25) \u00e0 Mayol a relanc\u00e9 les Varois dans la course \u00e0 la qualification, malgr\u00e9 une prestation jug\u00e9e poussive et sans bonus offensif.Toulon relanc\u00e9 dans sa poule europ\u00e9enne de champions cup<\/p>\n<p>En Champions Cup, le Rugby Club Toulonnais reste en lice apr\u00e8s deux victoires en trois journ\u00e9es. Battus d\u2019entr\u00e9e \u00e0 \u00c9dimbourg, Charles Ollivon et ses co\u00e9quipiers se sont relanc\u00e9s face \u00e0 Bath (45-34), puis ont domin\u00e9 le Munster dans la douleur.<\/p>\n<p class=\"lien-interne-conseil\"><strong>\u00c0 lire aussi<\/strong> | <a href=\"https:\/\/vibrez-rugby.com\/transferts-le-centre-ecossais-huw-jones-sengage-a-toulon\/\" target=\"_blank\" rel=\"noopener\">Transferts : le centre \u00e9cossais Huw Jones s\u2019engage \u00e0 Toulon<\/a><\/p>\n<p>Face aux Irlandais, Toulon a longtemps subi. Les Munstermen ont d\u2019abord pris l\u2019ascendant, plus tranchants et entreprenants, profitant de l\u2019indiscipline et des approximations varoises. Crowley a sanctionn\u00e9 au pied, portant le score \u00e0 6-0.<\/p>\n<p>Le RCT a aussi perdu Albornoz, touch\u00e9 sur un plaquage haut d\u2019O\u2019Donoghue et remplac\u00e9 par Garbisi pour un protocole commotion. Malgr\u00e9 un carton jaune contre Beirne et un essai refus\u00e9 \u00e0 Ribbans, Toulon a fini par d\u00e9bloquer la situation juste avant la pause gr\u00e2ce \u00e0 Domon, auteur d\u2019un essai transform\u00e9.<\/p>\n<p class=\"lien-interne-conseil\"><strong>\u00c0 lire aussi<\/strong> | <a href=\"https:\/\/vibrez-rugby.com\/stade-toulousain-romain-ntamack-encore-forfait-contre-sale\/\" target=\"_blank\" rel=\"noopener\">Stade Toulousain : Romain Ntamack encore forfait contre Sale<\/a><\/p>\n<p>Au retour des vestiaires, les Varois ont affich\u00e9 un tout autre visage. Ben White a inscrit un deuxi\u00e8me essai, avant la r\u00e9action imm\u00e9diate du Munster par Nash. Puis Dr\u00e9an a enflamm\u00e9 Mayol avec un exploit personnel le long de la touche.<\/p>\n<p>Le Munster est pourtant revenu gr\u00e2ce \u00e0 O\u2019Donoghue puis Farrell, passant devant \u00e0 l\u2019approche du money-time. Domon a finalement offert la victoire sur p\u00e9nalit\u00e9 \u00e0 la 76e minute, maintenant Toulon \u00e0 la troisi\u00e8me place de la poule 2 avec 9 points.<\/p>\n<p class=\"lien-interne-conseil\"><strong>\u00c0 lire aussi<\/strong> | <a href=\"https:\/\/vibrez-rugby.com\/champions-cup-a-quelle-heure-et-sur-quelle-chaine-tv-suivre-bristol-bordeaux-begles\/\" target=\"_blank\" rel=\"noopener\">Champions Cup: \u00e0 quelle heure et sur quelle cha\u00eene TV suivre Bristol \u2013 Bordeaux B\u00e8gles<\/a><\/p>\n<p>Champions Cup : Serin de retour, Kpoku d\u00e9j\u00e0 int\u00e9gr\u00e9<\/p>\n<p>En vue du d\u00e9placement \u00e0 Gloucester en Champions Cup, Toulon a enregistr\u00e9 plusieurs retours importants \u00e0 l\u2019entra\u00eenement. Sous la grisaille, les Rouge et Noir ont effectu\u00e9 une bonne s\u00e9ance au Campus RCT, sous les yeux de quelques supporters.<\/p>\n<p>Ces derniers ont notamment d\u00e9couvert Junior Kpoku, deuxi\u00e8me ligne pr\u00eat\u00e9 par le Racing 92. Le jeune joueur a pris part \u00e0 l\u2019int\u00e9gralit\u00e9 du collectif, apportant une option suppl\u00e9mentaire dans le pack varois.<\/p>\n<p class=\"lien-interne-conseil\"><strong>\u00c0 lire aussi<\/strong> | <a href=\"https:\/\/vibrez-rugby.com\/transferts-junior-kpoku-quitte-le-racing-92-et-rejoint-toulon\/\" target=\"_blank\" rel=\"noopener\">Transferts : Junior Kpoku quitte le Racing 92 et rejoint Toulon<\/a><\/p>\n<p>Surtout, Baptiste Serin est d\u00e9sormais apte. Le demi de m\u00eal\u00e9e de 31 ans, bless\u00e9 \u00e0 la cuisse droite face \u00e0 Perpignan le 28 d\u00e9cembre, \u00e9tait trop juste pour affronter le Munster. Il est d\u00e9sormais pleinement r\u00e9tabli pour Gloucester et sera peut \u00eatre sur la feuille de match.<\/p>\n<p>Le retour de Baptiste Serin sera scrut\u00e9 par le staff du XV de France, alors que le Tournoi des 6 Nations approche. Derri\u00e8re Antoine Dupont, plusieurs concurrents sont bless\u00e9s, ce qui offre une opportunit\u00e9 au Landais lors de ses prochaines sorties.<\/p>\n<p class=\"lien-interne-conseil\"><strong>\u00c0 lire aussi<\/strong> | <a href=\"https:\/\/vibrez-rugby.com\/champions-cup-a-quelle-heure-et-sur-quelle-chaine-tv-suivre-gloucester-toulon\/\" target=\"_blank\" rel=\"noopener\">Champions Cup: \u00e0 quelle heure et sur quelle cha\u00eene TV suivre Gloucester \u2013 Toulon<\/a><\/p>\n<p>Effectif renforc\u00e9 et enjeu majeur \u00e0 Gloucester<\/p>\n<p>Outre Serin, Toulon r\u00e9cup\u00e8re Mateo Garcia, lui aussi touch\u00e9 \u00e0 une cuisse et absent depuis le 21 d\u00e9cembre. Capable d\u2019\u00e9voluer \u00e0 l\u2019ouverture ou \u00e0 l\u2019arri\u00e8re, il densifie la concurrence \u00e0 des postes cl\u00e9s.<\/p>\n<p>Le talonneur Pierre Damond, s\u00e9v\u00e8rement touch\u00e9 \u00e0 un genou le 29 novembre, voit \u00e9galement la lumi\u00e8re au bout du tunnel. Dans un secteur o\u00f9 Gianmarco Lucchesi joue de malchance, ce retour est une bouff\u00e9e d\u2019oxyg\u00e8ne pour un staff longtemps confront\u00e9 \u00e0 une vingtaine d\u2019absents.<\/p>\n<p class=\"lien-interne-conseil\"><strong>\u00c0 lire aussi<\/strong> | <a href=\"https:\/\/vibrez-rugby.com\/champions-cup-a-quelle-heure-et-sur-quelle-chaine-tv-suivre-munster-castres\/\" target=\"_blank\" rel=\"noopener\">Champions Cup: \u00e0 quelle heure et sur quelle cha\u00eene TV suivre Munster \u2013 Castres<\/a><\/p>\n<p>Sur le plan comptable, la situation reste serr\u00e9e dans cette Champions Cup. Toulon est troisi\u00e8me avec 9 points, derri\u00e8re Bath (11) et \u00c9dimbourg (10), mais devant le Munster et Gloucester, tous deux \u00e0 6 points, et Castres \u00e0 5.<\/p>\n<p>Le d\u00e9placement \u00e0 Gloucester, cinqui\u00e8me de la poule et en difficult\u00e9 en Premiership, s\u2019annonce d\u00e9cisif pour les espoirs de huiti\u00e8mes de finale. Toulon a absolument besoin d\u2019un succ\u00e8s pour s\u00e9curiser sa position face \u00e0 la concurrence directe.<\/p>\n<p class=\"lien-interne-conseil\"><strong>\u00c0 lire aussi<\/strong> | <a href=\"https:\/\/vibrez-rugby.com\/champions-cup-a-quelle-heure-et-sur-quelle-chaine-tv-suivre-bayonne-leinster\/\" target=\"_blank\" rel=\"noopener\">Champions Cup: \u00e0 quelle heure et sur quelle cha\u00eene TV suivre Bayonne \u2013 Leinster<\/a><\/p>\n<p><strong>Pour r\u00e9sumer:<\/strong> en Champions Cup, Toulon reste en course pour les huiti\u00e8mes gr\u00e2ce \u00e0 son succ\u00e8s contre le Munster et \u00e0 des retours majeurs comme celui de Baptiste Serin, avant un d\u00e9placement crucial \u00e0 Gloucester.<\/p>\n","protected":false},"excerpt":{"rendered":"En Champions Cup, Toulon aborde Gloucester avec un capital confiance fragile mais r\u00e9el. Le succ\u00e8s arrach\u00e9 contre le&hellip;\n","protected":false},"author":2,"featured_media":663809,"comment_status":"","ping_status":"","sticky":false,"template":"","format":"standard","meta":{"footnotes":""},"categories":[9619],"tags":[1111,11,1777,674,1011,27,12,882,25,2310],"class_list":{"0":"post-663808","1":"post","2":"type-post","3":"status-publish","4":"format-standard","5":"has-post-thumbnail","7":"category-toulon","8":"tag-actu","9":"tag-actualites","10":"tag-eu","11":"tag-europe","12":"tag-fr","13":"tag-france","14":"tag-news","15":"tag-provence-alpes-cote-dazur","16":"tag-republique-francaise","17":"tag-toulon"},"share_on_mastodon":{"url":"https:\/\/pubeurope.com\/@fr\/115895540357332074","error":""},"_links":{"self":[{"href":"https:\/\/www.europesays.com\/fr\/wp-json\/wp\/v2\/posts\/663808","targetHints":{"allow":["GET"]}}],"collection":[{"href":"https:\/\/www.europesays.com\/fr\/wp-json\/wp\/v2\/posts"}],"about":[{"href":"https:\/\/www.europesays.com\/fr\/wp-json\/wp\/v2\/types\/post"}],"author":[{"embeddable":true,"href":"https:\/\/www.europesays.com\/fr\/wp-json\/wp\/v2\/users\/2"}],"replies":[{"embeddable":true,"href":"https:\/\/www.europesays.com\/fr\/wp-json\/wp\/v2\/comments?post=663808"}],"version-history":[{"count":0,"href":"https:\/\/www.europesays.com\/fr\/wp-json\/wp\/v2\/posts\/663808\/revisions"}],"wp:featuredmedia":[{"embeddable":true,"href":"https:\/\/www.europesays.com\/fr\/wp-json\/wp\/v2\/media\/663809"}],"wp:attachment":[{"href":"https:\/\/www.europesays.com\/fr\/wp-json\/wp\/v2\/media?parent=663808"}],"wp:term":[{"taxonomy":"category","embeddable":true,"href":"https:\/\/www.europesays.com\/fr\/wp-json\/wp\/v2\/categories?post=663808"},{"taxonomy":"post_tag","embeddable":true,"href":"https:\/\/www.europesays.com\/fr\/wp-json\/wp\/v2\/tags?post=663808"}],"curies":[{"name":"wp","href":"https:\/\/api.w.org\/{rel}","templated":true}]}}