{"id":66381,"date":"2025-05-01T07:41:21","date_gmt":"2025-05-01T07:41:21","guid":{"rendered":"https:\/\/www.europesays.com\/fr\/66381\/"},"modified":"2025-05-01T07:41:21","modified_gmt":"2025-05-01T07:41:21","slug":"afflux-de-petits-colis-dasie-paris-va-reunir-les-ministres-europeens","status":"publish","type":"post","link":"https:\/\/www.europesays.com\/fr\/66381\/","title":{"rendered":"Afflux de petits colis d&rsquo;Asie: Paris va r\u00e9unir les ministres europ\u00e9ens"},"content":{"rendered":"<p>\n                                        <b>Par<\/b><br \/>\n                                        <br \/>AFP\n                                    <\/p>\n<p>\n                                    <b>Publi\u00e9 le<\/b><br \/>\n                                    <\/p>\n<p>                                        30 avril 2025<\/p>\n<p class=\"article-content col-md-8 offset-md-1\">\n                                La ministre des Comptes publics Am\u00e9lie de Montchalin a annonc\u00e9 mercredi que la France r\u00e9unirait, \u00ab\u00a0dans les prochaines semaines\u00a0\u00bb, les ministres des autres pays de l&rsquo;Union europ\u00e9enne sur le financement du contr\u00f4le des petits colis entrant en Europe en provenance d&rsquo;Asie.<\/p>\n<p><img decoding=\"async\" class=\"news-image\" style=\"width:100%;max-width:760px;\" src=\"https:\/\/www.europesays.com\/fr\/wp-content\/uploads\/2025\/05\/6892.jpg\" alt=\"Des douaniers devant des colis de fret a\u00e9rien dans un entrep\u00f4t de l'a\u00e9roport Roissy-Charles-de-Gaulle, au nord de Paris, le 29 avril 2025\" loading=\"lazy\"\/>Des douaniers devant des colis de fret a\u00e9rien dans un entrep\u00f4t de l&rsquo;a\u00e9roport Roissy-Charles-de-Gaulle, au nord de Paris, le 29 avril 2025 &#8211; GEOFFROY VAN DER HASSELT \/ AFP<\/p>\n<p>La France a propos\u00e9 mardi de faire payer \u00ab\u00a0des frais de gestion\u00a0\u00bb sur chaque petit colis entrant en Europe, d\u00e8s 2026, pour financer les contr\u00f4les appel\u00e9s \u00e0 se renforcer devant l&rsquo;afflux de colis de faible valeur envoy\u00e9s notamment depuis la Chine, via des plateformes telles que <a class=\"fnwAddLinks\" href=\"https:\/\/be.fashionnetwork.com\/tags-shein\" title=\"Shein\" target=\"_blank\" rel=\"noopener\">Shein<\/a> ou <a class=\"fnwAddLinks\" href=\"https:\/\/be.fashionnetwork.com\/tags-temu\" title=\"Temu\" target=\"_blank\" rel=\"noopener\">Temu<\/a>.<\/p>\n<p>Cet afflux est craint en raison de la hausse des droits de douane voulue par les Etats-Unis notamment sur les petits colis de Chine.<\/p>\n<p class=\"col-md-8 offset-md-1 article-content--texte\">\u00ab\u00a0Notre projet est le suivant: faire en sorte que nous prot\u00e9gions les Fran\u00e7ais et que les contr\u00f4les aient lieu\u00a0\u00bb, a d\u00e9clar\u00e9 Mme de Montchalin lors des questions au gouvernement \u00e0 l&rsquo;Assembl\u00e9e nationale, disant vouloir \u00ab\u00a0financer des contr\u00f4les beaucoup plus massifs, m\u00eame avant la mise en place des mesures de l&rsquo;Union douani\u00e8re que nous d\u00e9fendons\u00a0\u00bb.<\/p>\n<p>Am\u00e9lie de Montchalin a pr\u00e9cis\u00e9 que cela se ferait \u00ab\u00a0en Europ\u00e9ens, le plus rapidement possible, en faisant payer aux plateformes les contr\u00f4les qu&rsquo;elles devraient faire elles-m\u00eames\u00a0\u00bb afin de ne pas les \u00ab\u00a0faire payer (&#8230;) aux honn\u00eates contribuables fran\u00e7ais\u00a0\u00bb.<\/p>\n<p>Elle a ajout\u00e9 que son homologue n\u00e9erlandais est \u00ab\u00a0tr\u00e8s motiv\u00e9\u00a0\u00bb pour porter le projet avec elle, tandis \u00ab\u00a0les Allemands en ont fait une priorit\u00e9 de leur contrat de coalition\u00a0\u00bb.<\/p>\n<p>Ainsi, \u00ab\u00a0la France, dans les prochaines semaines, r\u00e9unira tous les ministres en charge de cette question au niveau europ\u00e9en pour que nous nous coordonnions, que nous agissions, que nous prot\u00e9gions notre \u00e9conomie, mais que surtout nous prot\u00e9gions les consommateurs qui parfois ne se rendent pas compte que derri\u00e8re des prix d\u00e9fiant toute concurrence, ils se mettent eux-m\u00eames en danger\u00a0\u00bb avec des biens enfreignant souvent, selon elle, des normes europ\u00e9ennes.<\/p>\n<p>Interrog\u00e9 par l&rsquo;AFP, le minist\u00e8re des Comptes publics a indiqu\u00e9 qu&rsquo;il s&rsquo;agirait d&rsquo;une r\u00e9union informelle des ministres europ\u00e9ens charg\u00e9s des douanes, mais dont les modalit\u00e9s n&rsquo;ont pas encore \u00e9t\u00e9 fix\u00e9es.<\/p>\n<p>Les \u00ab\u00a0frais de gestion\u00a0\u00bb propos\u00e9s par la France se distinguent des droits de douane qui s&rsquo;appliquent proportionnellement \u00e0 la valeur de la marchandise import\u00e9e.<\/p>\n<p>Paris, 30 avr 2025 (AFP)\n                            <\/p>\n<p>\n                                Tous droits de reproduction et de repr\u00e9sentation r\u00e9serv\u00e9s.<br \/>\u00a9 2025 Agence France-Presse<br \/>Toutes les informations reproduites dans cette rubrique (ou sur cette page selon le cas) sont prot\u00e9g\u00e9es par des droits de propri\u00e9t\u00e9 intellectuelle d\u00e9tenus par l&rsquo;AFP. Par cons\u00e9quent, aucune de ces informations ne peut \u00eatre reproduite, modifi\u00e9e, rediffus\u00e9e, traduite, exploit\u00e9e commercialement ou r\u00e9utilis\u00e9e de quelque mani\u00e8re que ce soit sans l&rsquo;accord pr\u00e9alable \u00e9crit de l&rsquo;AFP. L&rsquo;AFP ne pourra \u00eatre tenue pour responsable des d\u00e9lais, erreurs, omissions qui ne peuvent \u00eatre exclus, ni des cons\u00e9quences des actions ou transactions effectu\u00e9es sur la base de ces informations.\n                            <\/p>\n","protected":false},"excerpt":{"rendered":"Par AFP Publi\u00e9 le 30 avril 2025 La ministre des Comptes publics Am\u00e9lie de Montchalin a annonc\u00e9 mercredi&hellip;\n","protected":false},"author":2,"featured_media":66382,"comment_status":"","ping_status":"","sticky":false,"template":"","format":"standard","meta":{"footnotes":""},"categories":[1888],"tags":[11,2424,537,2423,1777,674,1011,27,2425,985,12,2298,626,2426,2427,25,2421,1104,1105,2422],"class_list":{"0":"post-66381","1":"post","2":"type-post","3":"status-publish","4":"format-standard","5":"has-post-thumbnail","7":"category-paris","8":"tag-actualites","9":"tag-beaute","10":"tag-contact","11":"tag-cosmetiques","12":"tag-eu","13":"tag-europe","14":"tag-fr","15":"tag-france","16":"tag-luxe","17":"tag-mode","18":"tag-news","19":"tag-parfum","20":"tag-paris","21":"tag-professionnel","22":"tag-professionnels","23":"tag-republique-francaise","24":"tag-reseau","25":"tag-shein","26":"tag-temu","27":"tag-textile"},"share_on_mastodon":{"url":"https:\/\/pubeurope.com\/@fr\/114431451720063604","error":""},"_links":{"self":[{"href":"https:\/\/www.europesays.com\/fr\/wp-json\/wp\/v2\/posts\/66381","targetHints":{"allow":["GET"]}}],"collection":[{"href":"https:\/\/www.europesays.com\/fr\/wp-json\/wp\/v2\/posts"}],"about":[{"href":"https:\/\/www.europesays.com\/fr\/wp-json\/wp\/v2\/types\/post"}],"author":[{"embeddable":true,"href":"https:\/\/www.europesays.com\/fr\/wp-json\/wp\/v2\/users\/2"}],"replies":[{"embeddable":true,"href":"https:\/\/www.europesays.com\/fr\/wp-json\/wp\/v2\/comments?post=66381"}],"version-history":[{"count":0,"href":"https:\/\/www.europesays.com\/fr\/wp-json\/wp\/v2\/posts\/66381\/revisions"}],"wp:featuredmedia":[{"embeddable":true,"href":"https:\/\/www.europesays.com\/fr\/wp-json\/wp\/v2\/media\/66382"}],"wp:attachment":[{"href":"https:\/\/www.europesays.com\/fr\/wp-json\/wp\/v2\/media?parent=66381"}],"wp:term":[{"taxonomy":"category","embeddable":true,"href":"https:\/\/www.europesays.com\/fr\/wp-json\/wp\/v2\/categories?post=66381"},{"taxonomy":"post_tag","embeddable":true,"href":"https:\/\/www.europesays.com\/fr\/wp-json\/wp\/v2\/tags?post=66381"}],"curies":[{"name":"wp","href":"https:\/\/api.w.org\/{rel}","templated":true}]}}