{"id":663810,"date":"2026-01-14T21:19:10","date_gmt":"2026-01-14T21:19:10","guid":{"rendered":"https:\/\/www.europesays.com\/fr\/663810\/"},"modified":"2026-01-14T21:19:10","modified_gmt":"2026-01-14T21:19:10","slug":"a-montpellier-un-refus-dobtemperer-electrique-apres-la-provocation-dun-joueur-de-rugby","status":"publish","type":"post","link":"https:\/\/www.europesays.com\/fr\/663810\/","title":{"rendered":"\u00c0 Montpellier, un refus d\u2019obtemp\u00e9rer \u00e9lectrique apr\u00e8s la provocation d\u2019un joueur de rugby"},"content":{"rendered":"<p>                    Par<br \/>\n        <strong><br \/>\n            <a href=\"https:\/\/actu.fr\/auteur\/lea-pippinato\" title=\"Consulter tous les articles de L\u00e9a Pippinato\" target=\"_blank\" rel=\"noopener\">L\u00e9a Pippinato<\/a><br \/>\n                    <\/strong><\/p>\n<p>        Publi\u00e9 le<\/p>\n<p>            14 janv. 2026 \u00e0 18h38        <\/p>\n<p><strong>Ce jeudi 8 janvier 2026<\/strong>, peu apr\u00e8s 21h, des policiers du groupe de s\u00e9curit\u00e9 de proximit\u00e9 (GSP) patrouillent avenue Pierre Mend\u00e8s-France, \u00e0 Montpellier. Derri\u00e8re eux, un automobiliste freine brusquement \u00e0 la vue d\u2019un radar de vitesse. Le geste surprend : quelques secondes plus tard, le conducteur acc\u00e9l\u00e8re fortement et prend la direction du secteur du Mill\u00e9naire.<\/p>\n<p>    <a href=\"https:\/\/www.google.com\/maps\/embed?pb=!1m18!1m12!1m3!1d23114.090373704526!2d3.8338559999999995!3d43.6011008!2m3!1f0!2f0!3f0!3m2!1i1024!2i768!4f13.1!3m3!1m2!1s0x12b6a5780cdee31f%3A0xcc6cc5390f7ffeb3!2sAv.%20Pierre%20Mend%C3%A8s-France%2C%2034000%20Montpellier!5e0!3m2!1sfr!2sfr!4v1768409293373!5m2!1sfr!2sfr\" title=\"Ouvrie le lien\" target=\"_blank\" rel=\"noopener\">Cliquez ici pour visualiser le contenu<\/a><\/p>\n<p class=\" wall-content\">Les policiers nationaux tentent d\u2019intercepter le v\u00e9hicule. Rien n\u2019y fait : le conducteur poursuit sa route. Les agents se portent \u00e0 sa hauteur, baissent leur vitre et ordonnent l\u2019arr\u00eat. L\u2019homme refuse et ironise m\u00eame, demandant s\u2019il doit se garer sur le rond-point qui arrive.<\/p>\n<p>Une fuite dangereuse<\/p>\n<p class=\" wall-content\">La situation s\u2019envenime. Le v\u00e9hicule s\u2019engage vers l\u2019autoroute et les policiers finissent par le perdre de vue. Durant la course, le conducteur tente \u00e0 deux reprises de percuter la voiture des forces de l\u2019ordre. Avant de d\u00e9crocher, les policiers rel\u00e8vent la plaque d\u2019immatriculation. Le v\u00e9hicule appartient \u00e0 un joueur de rugby \u00e9voluant dans un club de l\u2019H\u00e9rault. L\u2019enqu\u00eate permet d\u2019identifier le propri\u00e9taire, \u00e2g\u00e9 de 30 ans. Deux jours plus tard, les forces de l\u2019ordre se rendent \u00e0 son domicile. Personne ne r\u00e9pond. Ils laissent instruction de se pr\u00e9senter le lendemain matin \u00e0 9h30 pour une audition. L\u2019homme vient comme demand\u00e9.<\/p>\n<p class=\" wall-content\">Face aux enqu\u00eateurs, il reconna\u00eet les faits, affirme avoir perdu le contr\u00f4le de son v\u00e9hicule et avoir paniqu\u00e9. Il explique aussi qu\u2019il ne lui restait que deux points sur son permis au moment des faits. Cette situation aurait motiv\u00e9 sa fuite. Les trois policiers d\u00e9posent plainte et le chauffard \u00e9cope d\u2019une COPJ (convocation par officier de police judiciaire) <strong>pour le 26 mai<\/strong>. Son v\u00e9hicule est saisi et plac\u00e9 sous scell\u00e9s dans l\u2019attente de la d\u00e9cision judiciaire.<\/p>\n<p class=\" wall-content\">Personnalisez votre actualit\u00e9 en ajoutant vos villes et m\u00e9dias en favori avec <a href=\"https:\/\/moncompte.actu.fr\" title=\"D\u00e9couvez Mon Actu\" rel=\"nofollow noopener\" data-trk=\"{&quot;cta&quot;:{&quot;action&quot;:&quot;https:\\\/\\\/moncompte.actu.fr&quot;,&quot;category&quot;:&quot;mon compte&quot;,&quot;from&quot;:&quot;article footer&quot;,&quot;name&quot;:&quot;Mon actu&quot;,&quot;type&quot;:&quot;cta&quot;}}\" target=\"_blank\">Mon Actu<\/a>.<\/p>\n","protected":false},"excerpt":{"rendered":"Par L\u00e9a Pippinato Publi\u00e9 le 14 janv. 2026 \u00e0 18h38 Ce jeudi 8 janvier 2026, peu apr\u00e8s 21h,&hellip;\n","protected":false},"author":2,"featured_media":663811,"comment_status":"","ping_status":"","sticky":false,"template":"","format":"standard","meta":{"footnotes":""},"categories":[9599],"tags":[1111,11,1777,674,118,1011,27,303,2208,12,2680,1072,2852,25],"class_list":{"0":"post-663810","1":"post","2":"type-post","3":"status-publish","4":"format-standard","5":"has-post-thumbnail","7":"category-montpellier","8":"tag-actu","9":"tag-actualites","10":"tag-eu","11":"tag-europe","12":"tag-faits-divers","13":"tag-fr","14":"tag-france","15":"tag-justice","16":"tag-montpellier","17":"tag-news","18":"tag-occitanie","19":"tag-police","20":"tag-refus-dobtemperer","21":"tag-republique-francaise"},"share_on_mastodon":{"url":"","error":""},"_links":{"self":[{"href":"https:\/\/www.europesays.com\/fr\/wp-json\/wp\/v2\/posts\/663810","targetHints":{"allow":["GET"]}}],"collection":[{"href":"https:\/\/www.europesays.com\/fr\/wp-json\/wp\/v2\/posts"}],"about":[{"href":"https:\/\/www.europesays.com\/fr\/wp-json\/wp\/v2\/types\/post"}],"author":[{"embeddable":true,"href":"https:\/\/www.europesays.com\/fr\/wp-json\/wp\/v2\/users\/2"}],"replies":[{"embeddable":true,"href":"https:\/\/www.europesays.com\/fr\/wp-json\/wp\/v2\/comments?post=663810"}],"version-history":[{"count":0,"href":"https:\/\/www.europesays.com\/fr\/wp-json\/wp\/v2\/posts\/663810\/revisions"}],"wp:featuredmedia":[{"embeddable":true,"href":"https:\/\/www.europesays.com\/fr\/wp-json\/wp\/v2\/media\/663811"}],"wp:attachment":[{"href":"https:\/\/www.europesays.com\/fr\/wp-json\/wp\/v2\/media?parent=663810"}],"wp:term":[{"taxonomy":"category","embeddable":true,"href":"https:\/\/www.europesays.com\/fr\/wp-json\/wp\/v2\/categories?post=663810"},{"taxonomy":"post_tag","embeddable":true,"href":"https:\/\/www.europesays.com\/fr\/wp-json\/wp\/v2\/tags?post=663810"}],"curies":[{"name":"wp","href":"https:\/\/api.w.org\/{rel}","templated":true}]}}