{"id":663816,"date":"2026-01-14T21:22:16","date_gmt":"2026-01-14T21:22:16","guid":{"rendered":"https:\/\/www.europesays.com\/fr\/663816\/"},"modified":"2026-01-14T21:22:16","modified_gmt":"2026-01-14T21:22:16","slug":"gros-coup-dur-pour-le-fcr-prive-dun-cadre-pour-plusieurs-semaines","status":"publish","type":"post","link":"https:\/\/www.europesays.com\/fr\/663816\/","title":{"rendered":"gros coup dur pour le FCR, priv\u00e9 d\u2019un cadre pour plusieurs semaines"},"content":{"rendered":"<p>Une blessure qui pourrait causer du tort au leader de la troisi\u00e8me division tricolore. Selon les informations de nos confr\u00e8res de Paris-Normandie, le FC Rouen viendrait de perdre l\u2019un de ses \u00e9l\u00e9ments cl\u00e9s pour de nombreuses semaines. Touch\u00e9 \u00e0 une cuisse \u00e0 l\u2019entra\u00eenement, Idrissa Seydi devrait manquer environ un mois et demi de comp\u00e9tition.\u00a0<\/p>\n<p>Un gros coup dur pour Rouen, un nouveau renfort attendu ?\u00a0<\/p>\n<p>Tout juste de retour d\u2019une grosse entorse \u00e0 une cheville, qui l\u2019avait tenu \u00e9loign\u00e9 des terrains avant la tr\u00eave, le joueur de 27 ans pourrait ainsi revenir au d\u00e9but du mois de mars. Le FC Rouen perd ainsi un joueur qui a inscrit cinq buts en huit rencontres. Les Diables Rouges pourraient ainsi d\u00e9cider de recruter un nouvel attaquant.\u00a0<\/p>\n<p>Partagez cette info avec vos amis et vos proches en cliquant ici<br \/>Pour r\u00e9sumer<\/p>\n<p>Une blessure qui pourrait causer du tort au leader de la troisi\u00e8me division tricolore. Selon les informations de nos confr\u00e8res de Paris-Normandie, le FC Rouen viendrait de perdre l\u2019un de ses \u00e9l\u00e9ments cl\u00e9s pour de nombreuses semaines. Touch\u00e9 \u00e0 une cuisse \u00e0 l\u2019entra\u00eenement, Idrissa Seydi devrait manquer environ un mois et demi de comp\u00e9tition.\u00a0<\/p>\n<p> <img decoding=\"async\" width=\"76\" height=\"76\" loading=\"lazy\" src=\"https:\/\/static.wui.fr\/images_v3\/avatar-footnational.png\" alt=\"Youcef Ghalaza-Boudra\"\/><\/p>\n","protected":false},"excerpt":{"rendered":"Une blessure qui pourrait causer du tort au leader de la troisi\u00e8me division tricolore. Selon les informations de&hellip;\n","protected":false},"author":2,"featured_media":663817,"comment_status":"","ping_status":"","sticky":false,"template":"","format":"standard","meta":{"footnotes":""},"categories":[9587],"tags":[1111,11,1777,674,1011,27,59645,12,5161,25,9590],"class_list":{"0":"post-663816","1":"post","2":"type-post","3":"status-publish","4":"format-standard","5":"has-post-thumbnail","7":"category-rouen","8":"tag-actu","9":"tag-actualites","10":"tag-eu","11":"tag-europe","12":"tag-fr","13":"tag-france","14":"tag-national-actus","15":"tag-news","16":"tag-normandie","17":"tag-republique-francaise","18":"tag-rouen"},"share_on_mastodon":{"url":"https:\/\/pubeurope.com\/@fr\/115895556129989466","error":""},"_links":{"self":[{"href":"https:\/\/www.europesays.com\/fr\/wp-json\/wp\/v2\/posts\/663816","targetHints":{"allow":["GET"]}}],"collection":[{"href":"https:\/\/www.europesays.com\/fr\/wp-json\/wp\/v2\/posts"}],"about":[{"href":"https:\/\/www.europesays.com\/fr\/wp-json\/wp\/v2\/types\/post"}],"author":[{"embeddable":true,"href":"https:\/\/www.europesays.com\/fr\/wp-json\/wp\/v2\/users\/2"}],"replies":[{"embeddable":true,"href":"https:\/\/www.europesays.com\/fr\/wp-json\/wp\/v2\/comments?post=663816"}],"version-history":[{"count":0,"href":"https:\/\/www.europesays.com\/fr\/wp-json\/wp\/v2\/posts\/663816\/revisions"}],"wp:featuredmedia":[{"embeddable":true,"href":"https:\/\/www.europesays.com\/fr\/wp-json\/wp\/v2\/media\/663817"}],"wp:attachment":[{"href":"https:\/\/www.europesays.com\/fr\/wp-json\/wp\/v2\/media?parent=663816"}],"wp:term":[{"taxonomy":"category","embeddable":true,"href":"https:\/\/www.europesays.com\/fr\/wp-json\/wp\/v2\/categories?post=663816"},{"taxonomy":"post_tag","embeddable":true,"href":"https:\/\/www.europesays.com\/fr\/wp-json\/wp\/v2\/tags?post=663816"}],"curies":[{"name":"wp","href":"https:\/\/api.w.org\/{rel}","templated":true}]}}