{"id":663820,"date":"2026-01-14T21:24:16","date_gmt":"2026-01-14T21:24:16","guid":{"rendered":"https:\/\/www.europesays.com\/fr\/663820\/"},"modified":"2026-01-14T21:24:16","modified_gmt":"2026-01-14T21:24:16","slug":"grenoble-synapson-bernadette-et-mogan-au-festival-magic-bus-en-mai","status":"publish","type":"post","link":"https:\/\/www.europesays.com\/fr\/663820\/","title":{"rendered":"Grenoble. Synapson, Bernadette et Mogan au festival Magic bus en mai"},"content":{"rendered":"<p>Apr\u00e8s Odezenne, Ad\u00e8le Castillon, Mezerg et Suzane, le festival Magic bus d\u00e9voile trois nouveaux noms de la programmation de sa 25e\u00a0 \u00a0\u00e9dition, qui aura lieu les vendredi 29 et samedi 30\u00a0mai au Palais des sports \u00e0 Grenoble. Duo embl\u00e9matique de la sc\u00e8ne \u00e9lectro fran\u00e7aise, Synapson cumule plus de 15 ans de carri\u00e8re et des centaines de millions d\u2019\u00e9coutes. Ils reviennent avec Blue jeans , un album m\u00ealant \u00e9lectro, house et pop, pens\u00e9 pour le live et les collaborations. Appr\u00e9ci\u00e9e pour ses DJ sets aux multiples facettes, Bernadette fait disjoncter le compteur d\u2019\u00e9nergie sans barri\u00e8re de style\u00a0: elle jongle entre break, house, electro et rave. Pianiste et producteur, Mogan m\u00eale house, jazz \u00e9lectronique et grooves club. Sur sc\u00e8ne, il propose un live \u00e9volutif et spontan\u00e9, centr\u00e9 sur les claviers, les textures organiques et l\u2019\u00e9nergie du moment.<\/p>\n<p class=\"note\">Vendredi 29 et samedi 30\u00a0mai \u00e0 18 h, au Palais des sports. Tarifs : 29\u00a0\u20ac la soir\u00e9e, 55\u00a0\u20ac les deux soir\u00e9es.<\/p>\n","protected":false},"excerpt":{"rendered":"Apr\u00e8s Odezenne, Ad\u00e8le Castillon, Mezerg et Suzane, le festival Magic bus d\u00e9voile trois nouveaux noms de la programmation&hellip;\n","protected":false},"author":2,"featured_media":663821,"comment_status":"","ping_status":"","sticky":false,"template":"","format":"standard","meta":{"footnotes":""},"categories":[9566],"tags":[1111,11,2430,1687,112,1777,674,1011,27,2731,2732,12,25,3140],"class_list":{"0":"post-663820","1":"post","2":"type-post","3":"status-publish","4":"format-standard","5":"has-post-thumbnail","7":"category-grenoble","8":"tag-actu","9":"tag-actualites","10":"tag-auvergne-rhone-alpes","11":"tag-culture-loisirs","12":"tag-edition-grenoble-agglomeration","13":"tag-eu","14":"tag-europe","15":"tag-fr","16":"tag-france","17":"tag-grenoble","18":"tag-grenoble-bassin","19":"tag-news","20":"tag-republique-francaise","21":"tag-spectacle"},"share_on_mastodon":{"url":"https:\/\/pubeurope.com\/@fr\/115895563909641023","error":""},"_links":{"self":[{"href":"https:\/\/www.europesays.com\/fr\/wp-json\/wp\/v2\/posts\/663820","targetHints":{"allow":["GET"]}}],"collection":[{"href":"https:\/\/www.europesays.com\/fr\/wp-json\/wp\/v2\/posts"}],"about":[{"href":"https:\/\/www.europesays.com\/fr\/wp-json\/wp\/v2\/types\/post"}],"author":[{"embeddable":true,"href":"https:\/\/www.europesays.com\/fr\/wp-json\/wp\/v2\/users\/2"}],"replies":[{"embeddable":true,"href":"https:\/\/www.europesays.com\/fr\/wp-json\/wp\/v2\/comments?post=663820"}],"version-history":[{"count":0,"href":"https:\/\/www.europesays.com\/fr\/wp-json\/wp\/v2\/posts\/663820\/revisions"}],"wp:featuredmedia":[{"embeddable":true,"href":"https:\/\/www.europesays.com\/fr\/wp-json\/wp\/v2\/media\/663821"}],"wp:attachment":[{"href":"https:\/\/www.europesays.com\/fr\/wp-json\/wp\/v2\/media?parent=663820"}],"wp:term":[{"taxonomy":"category","embeddable":true,"href":"https:\/\/www.europesays.com\/fr\/wp-json\/wp\/v2\/categories?post=663820"},{"taxonomy":"post_tag","embeddable":true,"href":"https:\/\/www.europesays.com\/fr\/wp-json\/wp\/v2\/tags?post=663820"}],"curies":[{"name":"wp","href":"https:\/\/api.w.org\/{rel}","templated":true}]}}