{"id":663822,"date":"2026-01-14T21:26:15","date_gmt":"2026-01-14T21:26:15","guid":{"rendered":"https:\/\/www.europesays.com\/fr\/663822\/"},"modified":"2026-01-14T21:26:15","modified_gmt":"2026-01-14T21:26:15","slug":"ligue-1-le-derby-brest-lorient-le-samedi-rennes-aussi-la-programmation-complete-de-la-21e-journee","status":"publish","type":"post","link":"https:\/\/www.europesays.com\/fr\/663822\/","title":{"rendered":"Ligue\u00a01\u00a0: le derby Brest &#8211; Lorient le samedi, Rennes aussi\u2026 La programmation compl\u00e8te de la 21e journ\u00e9e"},"content":{"rendered":"<p>Ligue 1 (21e journ\u00e9e)<\/p>\n<p>La programmation de la 22e journ\u00e9e de Ligue 2 est tomb\u00e9e. Les matchs se d\u00e9rouleront les 6, 7 et 8 f\u00e9vrier.<\/p>\n<p class=\"titre-tech\">Le programme :<\/p>\n<p><strong class=\"tech\">Vendredi 6 f\u00e9vrier \u00e0 20 h 45<\/strong><\/p>\n<p>FC Metz \u2013 LOSC Lille (Ligue 1 +) <\/p>\n<p><strong class=\"tech\">Samedi 7 f\u00e9vrier \u00e0 17 h<\/strong><\/p>\n<p>RC Lens \u2013 Stade Rennais FC (beIN SPORTS 1)<\/p>\n<p><strong class=\"tech\">19 h<\/strong><\/p>\n<p>Stade Brestois 29 \u2013 FC Lorient (Ligue 1 +)<\/p>\n<p><strong class=\"tech\">21 h 05<\/strong><\/p>\n<p>FC Nantes \u2013 Olympique Lyonnais (Ligue 1 +)<\/p>\n<p><strong class=\"tech\">Dimanche 8 f\u00e9vrier \u00e0 15 h<\/strong><\/p>\n<p>OGC Nice \u2013 AS Monaco (Ligue 1 +)<\/p>\n<p><strong class=\"tech\">17 h 15 <\/strong><\/p>\n<p>Havre AC \u2013 RC Strasbourg Alsace (Ligue 1 +)<\/p>\n<p>AJ Auxerre \u2013 Paris FC (Ligue 1 +) <\/p>\n<p>Angers SCO \u2013 Toulouse FC (Ligue 1 +)<\/p>\n<p><strong class=\"tech\">20 h 45 <\/strong><\/p>\n<p>Paris Saint-Germain \u2013 Olympique de Marseille (Ligue 1 +)<\/p>\n","protected":false},"excerpt":{"rendered":"Ligue 1 (21e journ\u00e9e) La programmation de la 22e journ\u00e9e de Ligue 2 est tomb\u00e9e. Les matchs se&hellip;\n","protected":false},"author":2,"featured_media":663823,"comment_status":"","ping_status":"","sticky":false,"template":"","format":"standard","meta":{"footnotes":""},"categories":[2821],"tags":[1111,11,3450,829,3166,1777,674,3317,63,1011,27,66,1781,12,584,25,60,4449,3087],"class_list":{"0":"post-663822","1":"post","2":"type-post","3":"status-publish","4":"format-standard","5":"has-post-thumbnail","7":"category-rennes","8":"tag-actu","9":"tag-actualites","10":"tag-brest","11":"tag-bretagne","12":"tag-en-continu-sports","13":"tag-eu","14":"tag-europe","15":"tag-fc-lorient","16":"tag-football","17":"tag-fr","18":"tag-france","19":"tag-ligue-1","20":"tag-lorient","21":"tag-news","22":"tag-rennes","23":"tag-republique-francaise","24":"tag-sports","25":"tag-stade-brestois","26":"tag-stade-rennais"},"share_on_mastodon":{"url":"https:\/\/pubeurope.com\/@fr\/115895571769222118","error":""},"_links":{"self":[{"href":"https:\/\/www.europesays.com\/fr\/wp-json\/wp\/v2\/posts\/663822","targetHints":{"allow":["GET"]}}],"collection":[{"href":"https:\/\/www.europesays.com\/fr\/wp-json\/wp\/v2\/posts"}],"about":[{"href":"https:\/\/www.europesays.com\/fr\/wp-json\/wp\/v2\/types\/post"}],"author":[{"embeddable":true,"href":"https:\/\/www.europesays.com\/fr\/wp-json\/wp\/v2\/users\/2"}],"replies":[{"embeddable":true,"href":"https:\/\/www.europesays.com\/fr\/wp-json\/wp\/v2\/comments?post=663822"}],"version-history":[{"count":0,"href":"https:\/\/www.europesays.com\/fr\/wp-json\/wp\/v2\/posts\/663822\/revisions"}],"wp:featuredmedia":[{"embeddable":true,"href":"https:\/\/www.europesays.com\/fr\/wp-json\/wp\/v2\/media\/663823"}],"wp:attachment":[{"href":"https:\/\/www.europesays.com\/fr\/wp-json\/wp\/v2\/media?parent=663822"}],"wp:term":[{"taxonomy":"category","embeddable":true,"href":"https:\/\/www.europesays.com\/fr\/wp-json\/wp\/v2\/categories?post=663822"},{"taxonomy":"post_tag","embeddable":true,"href":"https:\/\/www.europesays.com\/fr\/wp-json\/wp\/v2\/tags?post=663822"}],"curies":[{"name":"wp","href":"https:\/\/api.w.org\/{rel}","templated":true}]}}