{"id":663824,"date":"2026-01-14T21:27:25","date_gmt":"2026-01-14T21:27:25","guid":{"rendered":"https:\/\/www.europesays.com\/fr\/663824\/"},"modified":"2026-01-14T21:27:25","modified_gmt":"2026-01-14T21:27:25","slug":"strasbourg-la-ville-teste-leclairage-public-a-la-demande","status":"publish","type":"post","link":"https:\/\/www.europesays.com\/fr\/663824\/","title":{"rendered":"Strasbourg. La Ville teste l&rsquo;\u00e9clairage public \u00e0 la demande"},"content":{"rendered":"<p>Tablette en main, Thierry Bendler, responsable d\u2019exploitation au service \u00e9clairage public de l\u2019Eurom\u00e9tropole de Strasbourg, fait passer les cand\u00e9labres dispos\u00e9s autour du square du Neufeld \u00e0 25\u00a0%, 50\u00a0%, 75\u00a0% ou 100\u00a0% de luminosit\u00e9. Magie de la t\u00e9l\u00e9gestion, le groupe de lampadaires reli\u00e9s \u00e0 une m\u00eame armoire \u00e9lectrique passe instantan\u00e9ment d\u2019un degr\u00e9 de luminosit\u00e9 \u00e0 un autre. \u00ab\u00a0Ce n\u2019est pas fait pour jouer avec tous les jours. C\u2019est fait pour \u00e9clairer au plus juste\u00a0\u00bb, rappelle le technicien \u2013 m\u00eame si vu de l\u2019ext\u00e9rieur,&#8230;<\/p>\n","protected":false},"excerpt":{"rendered":"Tablette en main, Thierry Bendler, responsable d\u2019exploitation au service \u00e9clairage public de l\u2019Eurom\u00e9tropole de Strasbourg, fait passer les&hellip;\n","protected":false},"author":2,"featured_media":663825,"comment_status":"","ping_status":"","sticky":false,"template":"","format":"standard","meta":{"footnotes":""},"categories":[2820],"tags":[1111,11,2880,436,1777,674,274,107,1011,27,775,12,1800,25,640,2879],"class_list":{"0":"post-663824","1":"post","2":"type-post","3":"status-publish","4":"format-standard","5":"has-post-thumbnail","7":"category-strasbourg","8":"tag-actu","9":"tag-actualites","10":"tag-edition-strasbourg","11":"tag-environnement","12":"tag-eu","13":"tag-europe","14":"tag-faits-divers-justice","15":"tag-fil-info","16":"tag-fr","17":"tag-france","18":"tag-grand-est","19":"tag-news","20":"tag-pollution","21":"tag-republique-francaise","22":"tag-strasbourg","23":"tag-strasbourg-ville"},"share_on_mastodon":{"url":"https:\/\/pubeurope.com\/@fr\/115895575846954010","error":""},"_links":{"self":[{"href":"https:\/\/www.europesays.com\/fr\/wp-json\/wp\/v2\/posts\/663824","targetHints":{"allow":["GET"]}}],"collection":[{"href":"https:\/\/www.europesays.com\/fr\/wp-json\/wp\/v2\/posts"}],"about":[{"href":"https:\/\/www.europesays.com\/fr\/wp-json\/wp\/v2\/types\/post"}],"author":[{"embeddable":true,"href":"https:\/\/www.europesays.com\/fr\/wp-json\/wp\/v2\/users\/2"}],"replies":[{"embeddable":true,"href":"https:\/\/www.europesays.com\/fr\/wp-json\/wp\/v2\/comments?post=663824"}],"version-history":[{"count":0,"href":"https:\/\/www.europesays.com\/fr\/wp-json\/wp\/v2\/posts\/663824\/revisions"}],"wp:featuredmedia":[{"embeddable":true,"href":"https:\/\/www.europesays.com\/fr\/wp-json\/wp\/v2\/media\/663825"}],"wp:attachment":[{"href":"https:\/\/www.europesays.com\/fr\/wp-json\/wp\/v2\/media?parent=663824"}],"wp:term":[{"taxonomy":"category","embeddable":true,"href":"https:\/\/www.europesays.com\/fr\/wp-json\/wp\/v2\/categories?post=663824"},{"taxonomy":"post_tag","embeddable":true,"href":"https:\/\/www.europesays.com\/fr\/wp-json\/wp\/v2\/tags?post=663824"}],"curies":[{"name":"wp","href":"https:\/\/api.w.org\/{rel}","templated":true}]}}