{"id":663826,"date":"2026-01-14T21:28:12","date_gmt":"2026-01-14T21:28:12","guid":{"rendered":"https:\/\/www.europesays.com\/fr\/663826\/"},"modified":"2026-01-14T21:28:12","modified_gmt":"2026-01-14T21:28:12","slug":"pour-sebastian-nanasi-un-changement-de-vie","status":"publish","type":"post","link":"https:\/\/www.europesays.com\/fr\/663826\/","title":{"rendered":"pour Sebastian Nanasi, un changement de vie"},"content":{"rendered":"<p>Le d\u00e9but d\u2019ann\u00e9e 2026 du Racing a \u00e9t\u00e9 particuli\u00e8rement mouvement\u00e9 avec le d\u00e9part de <a href=\"https:\/\/www.dna.fr\/p\/liam-rosenior\" target=\"_blank\" rel=\"noopener\">Liam Rosenior<\/a> pour Chelsea le 6\u00a0janvier et l\u2019arriv\u00e9e le lendemain de son compatriote <a href=\"https:\/\/www.dna.fr\/p\/gary-o-neil\" target=\"_blank\" rel=\"noopener\">Gary O\u2019Neil<\/a> pour le remplacer sur le banc.<\/p>\n<p>Une effervescence dont s\u2019est quelque peu tenu \u00e9loign\u00e9 Sebastian Nanasi. L\u2019ailier su\u00e9dois, arriv\u00e9 au Racing en ao\u00fbt\u00a02024, n\u2019\u00e9tait d\u2019ailleurs m\u00eame pas du d\u00e9placement \u00e0 Nice le 3\u00a0janvier pour <a href=\"https:\/\/www.dna.fr\/sport\/2026\/01\/03\/sur-le-banc-a-nice-et-sur-le-depart-pour-chelsea-liam-rosenior-au-coeur-d-un-drole-de-jeu\" target=\"_blank\" rel=\"noopener\">la derni\u00e8re de Rosenior \u00e0 la barre du navire strasbourgeois<\/a>.<\/p>\n<p>\u00ab\u200aJ\u2019ai h\u00e2te de voir ce que l\u2019avenir nous r\u00e9serve maintenant que nous sommes une famille\u200a\u00bb<\/p>\n<p>Aucune sanction ici pour le joueur qui s\u2019\u00e9tait entra\u00een\u00e9 normalement les jours pr\u00e9c\u00e9dant cette ultime journ\u00e9e du cycle aller. Le natif de Malm\u00f6 avait juste l\u2019une des plus belles raisons de ne pas se rendre sur la C\u00f4te d&rsquo;Azur avec ses co\u00e9quipiers.<\/p>\n<p>Le 2\u00a0janvier, l\u2019international bl\u00e5gult est en effet devenu papa d\u2019une petite Lessa. P\u00e8re de famille depuis douze jours, Sebastian&#8230;<\/p>\n","protected":false},"excerpt":{"rendered":"Le d\u00e9but d\u2019ann\u00e9e 2026 du Racing a \u00e9t\u00e9 particuli\u00e8rement mouvement\u00e9 avec le d\u00e9part de Liam Rosenior pour Chelsea&hellip;\n","protected":false},"author":2,"featured_media":663827,"comment_status":"","ping_status":"","sticky":false,"template":"","format":"standard","meta":{"footnotes":""},"categories":[2820],"tags":[1111,11,2389,2649,2880,1777,674,107,63,1011,27,775,12,41281,25,517,640],"class_list":{"0":"post-663826","1":"post","2":"type-post","3":"status-publish","4":"format-standard","5":"has-post-thumbnail","7":"category-strasbourg","8":"tag-actu","9":"tag-actualites","10":"tag-alsace","11":"tag-bas-rhin","12":"tag-edition-strasbourg","13":"tag-eu","14":"tag-europe","15":"tag-fil-info","16":"tag-football","17":"tag-fr","18":"tag-france","19":"tag-grand-est","20":"tag-news","21":"tag-racing-club-strasbourg-masculin","22":"tag-republique-francaise","23":"tag-sport","24":"tag-strasbourg"},"share_on_mastodon":{"url":"https:\/\/pubeurope.com\/@fr\/115895579723801782","error":""},"_links":{"self":[{"href":"https:\/\/www.europesays.com\/fr\/wp-json\/wp\/v2\/posts\/663826","targetHints":{"allow":["GET"]}}],"collection":[{"href":"https:\/\/www.europesays.com\/fr\/wp-json\/wp\/v2\/posts"}],"about":[{"href":"https:\/\/www.europesays.com\/fr\/wp-json\/wp\/v2\/types\/post"}],"author":[{"embeddable":true,"href":"https:\/\/www.europesays.com\/fr\/wp-json\/wp\/v2\/users\/2"}],"replies":[{"embeddable":true,"href":"https:\/\/www.europesays.com\/fr\/wp-json\/wp\/v2\/comments?post=663826"}],"version-history":[{"count":0,"href":"https:\/\/www.europesays.com\/fr\/wp-json\/wp\/v2\/posts\/663826\/revisions"}],"wp:featuredmedia":[{"embeddable":true,"href":"https:\/\/www.europesays.com\/fr\/wp-json\/wp\/v2\/media\/663827"}],"wp:attachment":[{"href":"https:\/\/www.europesays.com\/fr\/wp-json\/wp\/v2\/media?parent=663826"}],"wp:term":[{"taxonomy":"category","embeddable":true,"href":"https:\/\/www.europesays.com\/fr\/wp-json\/wp\/v2\/categories?post=663826"},{"taxonomy":"post_tag","embeddable":true,"href":"https:\/\/www.europesays.com\/fr\/wp-json\/wp\/v2\/tags?post=663826"}],"curies":[{"name":"wp","href":"https:\/\/api.w.org\/{rel}","templated":true}]}}