{"id":663834,"date":"2026-01-14T21:32:14","date_gmt":"2026-01-14T21:32:14","guid":{"rendered":"https:\/\/www.europesays.com\/fr\/663834\/"},"modified":"2026-01-14T21:32:14","modified_gmt":"2026-01-14T21:32:14","slug":"mort-daboubacar-fofana-a-nantes-bouscule-par-la-cour-lex-crs-accuse-maintient-la-version-dun-tir-accidentel","status":"publish","type":"post","link":"https:\/\/www.europesays.com\/fr\/663834\/","title":{"rendered":"Mort d&rsquo;Aboubacar Fofana \u00e0 Nantes\u00a0: bouscul\u00e9 par la cour, l&rsquo;ex-CRS accus\u00e9 maintient la version d&rsquo;un tir accidentel"},"content":{"rendered":"<p>Ce mercredi devant la cour criminelle de la Loire-Atlantique, l&rsquo;ex-CRS accus\u00e9 du tir mortel sur Aboubacar Fofana, en juillet 2018 \u00e0 Nantes, a longuement \u00e9t\u00e9 interrog\u00e9. S&rsquo;il a maintenu la version du tir accidentel, le tribunal a point\u00e9 des contradictions, surtout \u00e0 cause de d\u00e9clarations inconstantes.<\/p>\n<p>\u00ab\u00a0\u00c7a s&rsquo;est pass\u00e9 en une fraction de seconde.\u00a0\u00bb C&rsquo;est par ces mots que l&rsquo;accus\u00e9, ex-CRS de 59 ans, revient sur ce coup de feu du 3 juillet 2018 dans le quartier du Breil, \u00e0 Nantes, quand le contr\u00f4le routier qu&rsquo;il m\u00e8ne se termine par une voiture qui d\u00e9marre brusquement\u00a0<a class=\"IciLink ici-link IciArticleLink g-ici-body-regular-1 underline brand svelte-1chfe2s\" href=\"https:\/\/www.francebleu.fr\/infos\/faits-divers-justice\/pres-de-huit-ans-apres-la-mort-d-aboubacar-fofana-le-proces-d-un-crs-a-nantes-4113464\" target=\"_blank\" rel=\"noopener\">et une balle mortelle<\/a>. Balle qui se loge dans le cou d&rsquo;<a class=\"IciLink ici-link IciArticleLink g-ici-body-regular-1 underline brand svelte-1chfe2s\" href=\"https:\/\/www.francebleu.fr\/infos\/faits-divers-justice\/nantes-qui-etait-le-jeune-homme-tue-lors-d-un-controle-de-police-1530691662\" target=\"_blank\" rel=\"noopener\">Aboubacar Fofana<\/a>, 22 ans, originaire de r\u00e9gion parisienne mais venu voir de la famille au Breil.<\/p>\n<p>Entendu depuis le 12 janvier <strong>par la cour criminelle de la Loire-Atlantique<\/strong>,\u00a0<a class=\"IciLink ici-link IciArticleLink g-ici-body-regular-1 underline brand svelte-1chfe2s\" href=\"https:\/\/www.francebleu.fr\/infos\/faits-divers-justice\/proces-d-un-crs-pour-la-mort-d-aboubacar-fofana-a-nantes-les-parents-de-l-accuse-pas-au-courant-ca-les-acheverait-1900428\" target=\"_blank\" rel=\"noopener\">l&rsquo;ancien brigadier-chef<\/a>\u00a0est poursuivi pour \u00ab\u00a0violences volontaires entrainant la mort sans intention de la donner, par personne d\u00e9positaire de l&rsquo;autorit\u00e9 publique dans l&rsquo;exercice de ses fonctions\u00a0\u00bb. Au troisi\u00e8me jour de son proc\u00e8s,\u00a0les d\u00e9bats portent sur une question centrale\u00a0: <strong>le tir \u00e9tait-il volontaire\u00a0?<\/strong> Car au cours de l&rsquo;enqu\u00eate, le policier a d&rsquo;abord \u00e9voqu\u00e9 un tir volontaire de l\u00e9gitime d\u00e9fense, avant de parler d&rsquo;un tir accidentel. Ce mercredi, il a maintenu ne pas avoir eu conscience d&rsquo;appuyer sur la d\u00e9tente.<\/p>\n<p>\u00ab\u00a0Oui j&rsquo;ai hurl\u00e9, la peur au ventre\u00a0: urgence, coup de feu accidentel\u00a0!\u00a0\u00bb<\/p>\n<p>Veste de costume noire sur le dos, l&rsquo;homme de presque 60 ans est calme, les deux mains tendues de chaque c\u00f4t\u00e9 du micro dans le box en verre. Juste avant son interrogatoire, la pr\u00e9sidente de la cour <strong>lit les auditions de ses anciens coll\u00e8gues,<\/strong> pr\u00e9sents le jour du drame. Certains affirment qu&rsquo;au moment o\u00f9 l&rsquo;accus\u00e9 a demand\u00e9 des renforts \u00e0 la radio, apr\u00e8s le tir, il a bien dit les termes\u00a0: <strong>\u00ab\u00a0coup de feu accidentel, urgence\u00a0!\u00a0\u00bb<\/strong> Pour d&rsquo;autres en revanche, <strong>seul le terme \u00ab\u00a0coup de feu, urgence\u00a0!\u00a0\u00bb<\/strong> a \u00e9t\u00e9 entendu. Une <strong>nuance importance<\/strong>.<\/p>\n<p>\u00ab\u00a0Je le redis devant toute la cour, parce que c&rsquo;est la v\u00e9rit\u00e9, j&rsquo;ai hurl\u00e9, la peur au ventre\u00a0: urgence, urgence, <strong>coup de feu accidentel<\/strong>\u00a0! Et je peux vous dire que <strong>tout le quartier l&rsquo;a entendu\u00a0!<\/strong>\u00a0\u00bb s&rsquo;exclame l&rsquo;accus\u00e9, de sa voix \u00e9raill\u00e9e au l\u00e9ger accent. Il vient de d\u00e9rouler ce qu&rsquo;il s&rsquo;est pass\u00e9 ce jour-l\u00e0, lors du banal contr\u00f4le routier de cette Nissan, pour une ceinture de s\u00e9curit\u00e9 non port\u00e9e.<\/p>\n<p>\u00ab\u00a0J&rsquo;ai du appuyer sans m&rsquo;en rendre compte, j&rsquo;\u00e9tais en stress\u00a0\u00bb<\/p>\n<p>Un contr\u00f4le pendant lequel \u00ab\u00a0<strong>le conducteur se montre tr\u00e8s calme<\/strong>, pas d&rsquo;impolitesse, il nous ouvre m\u00eame son coffre\u00a0\u00bb, confirme le policier. Mais son identit\u00e9 ne correspond pas, alors \u00ab\u00a0on lui demande de se garer\u00a0\u00bb. C&rsquo;est \u00e0 ce moment que le conducteur enclenche sa marche arri\u00e8re, avant de s&rsquo;encastrer dans une voiture\u00a0: \u00ab\u00a0Il est parti \u00e0 pleine vitesse, j&rsquo;ai vu des enfants \u00e0 c\u00f4t\u00e9 et j&rsquo;ai cri\u00e9 \u00ab\u00a0Arr\u00eate toi, arr\u00eate toi\u00a0!\u00bb. <strong>J&rsquo;avais le pouls \u00e0 200 et j&rsquo;ai sorti mon arme<\/strong>. Sa vitre \u00e9tait ouverte, je suis rentr\u00e9 dans l&rsquo;habitacle et j&rsquo;ai essay\u00e9 de lui retirer le volant des mains, avec ma radio dans la main gauche, mon arme dans la droite\u00a0\u00bb.<\/p>\n<p>Un moment o\u00f9 l&rsquo;accus\u00e9 <strong>ne se rappelle pas avoir appuy\u00e9<\/strong> sur la d\u00e9tente\u00a0: \u00ab\u00a0D&rsquo;un coup le moteur est devenu tr\u00e8s fort, je me suis recul\u00e9 et c&rsquo;est l\u00e0 que <strong>j&rsquo;ai entendu la d\u00e9tonation<\/strong>. Oui j&rsquo;ai d\u00fb appuyer sans m&rsquo;en rendre compte, mais j&rsquo;\u00e9tais en stress.\u00a0\u00bb<\/p>\n<p>La cour pointe des contradictions, face \u00e0 diff\u00e9rentes versions<\/p>\n<p>Une version loin de satisfaire la pr\u00e9sidente de la cour, pour qui les conditions de ce tir restent floues\u00a0:\u00a0\u00ab\u00a0Pourquoi avez vous sorti votre arme,\u00a0le questionne-t-elle,\u00a0le conducteur \u00e9tait-il vraiment mena\u00e7ant\u00a0?\u00a0\u00bb\u00a0La magistrate pointe un coup de feu <strong>qui part quand le v\u00e9hicule est \u00e0 l&rsquo;arr\u00eat<\/strong> et que, m\u00eame si le policier affirme avoir \u00e9t\u00e9 touch\u00e9 par la voiture, il n&rsquo;est pas bless\u00e9.\u00a0\u00ab\u00a0J&rsquo;ai entendu le moteur rugir, j&rsquo;ai eu peur qu&rsquo;il ne percute quelqu&rsquo;un\u00a0\u00bb r\u00e9pond l&rsquo;ancien brigadier chef.<\/p>\n<p>Mais ce qui questionne d&rsquo;autant plus la pr\u00e9sidente, ce sont <strong>ses d\u00e9clarations inconstantes<\/strong>\u00a0: \u00ab\u00a0Vous ne pensez pas monsieur, que l\u00e0, vous livrez des \u00e9l\u00e9ments qui s&rsquo;adaptent au dossier\u00a0?\u00a0\u00bb Elle rappelle qu&rsquo;au cours d&rsquo;un interrogatoire, l&rsquo;accus\u00e9 a dit que le tir \u00e9tait parti de l&rsquo;habitacle, avant de changer d&rsquo;avis quand sa version est contredite par les experts. Encore avant, le policier avait aussi d\u00e9clar\u00e9 devant l&rsquo;IGPN qu&rsquo;en fait, c&rsquo;\u00e9tait un <strong>tir volontaire de l\u00e9gitime d\u00e9fense<\/strong>.<\/p>\n<p>\u00ab\u00a0J&rsquo;ai menti sur le tir volontaire, car j&rsquo;\u00e9tais en \u00e9tat de choc\u00a0\u00bb<\/p>\n<p>\u00ab\u00a0J&rsquo;ai menti quand j&rsquo;ai dit que c&rsquo;\u00e9tait volontaire\u00a0\u00bb admet-il aujourd&rsquo;hui devant la cour, en expliquant que lors de cette d\u00e9claration, juste apr\u00e8s l&rsquo;\u00e9v\u00e8nement, il <strong>\u00e9tait en \u00e9tat de choc<\/strong> et sous l&rsquo;effet de certains m\u00e9dicaments. \u00ab\u00a0Mais comment un homme comme vous, aussi droit et professionnel, peut faire une fausse d\u00e9claration\u00a0?\u00a0\u00bb, l&rsquo;invective l&rsquo;un des avocats de la famille de la victime. Cette version, sur laquelle vous \u00eates revenu depuis, elle correspondait \u00e0 ce que disent les t\u00e9moins. \u00a0C&rsquo;est un calcul que vous faites, en changeant\u00a0\u00bb.<\/p>\n<p>L&rsquo;avocat g\u00e9n\u00e9ral aussi questionne l&rsquo;accus\u00e9\u00a0: \u00ab\u00a0Vous n&rsquo;avez pas l&rsquo;impression, monsieur, que vous \u00eates <strong>pi\u00e9g\u00e9 dans un mensonge<\/strong> dans lequel vous vous \u00eates enferm\u00e9\u00a0? Parce que votre premi\u00e8re d\u00e9claration, celle du tir volontaire, correspond en tous points \u00e0 ce que disent les t\u00e9moins\u00a0\u00bb. Mais <strong>le policier persiste<\/strong>\u00a0: le tir est bien accidentel.<\/p>\n<p>Quant aux t\u00e9moins civils de la sc\u00e8ne, certains ont aussi \u00e9t\u00e9 entendus ce mercredi. Et ils l&rsquo;affirment\u00a0: <strong>le policier n&rsquo;est pas rentr\u00e9 dans l&rsquo;habitacle<\/strong> de la voiture, il s&rsquo;est mis en position et a tir\u00e9.<\/p>\n<p>La question qui sera donc au c\u0153ur des prochains d\u00e9bats, c&rsquo;est la suivante\u00a0: <strong>les coll\u00e8gues de l&rsquo;accus\u00e9 l&rsquo;ont-ils couvert<\/strong>, de fa\u00e7on \u00e0 donner une version commune\u00a0? L&rsquo;avocat g\u00e9n\u00e9ral rappelle m\u00eame qu&rsquo;un policier a fait un malaise lors de la reconstitution des faits, juste avant qu&rsquo;un juge ne lui explique que les fausses d\u00e9clarations sont passibles de poursuites.<\/p>\n<p>Des d\u00e9bats qui se tiendront ce jeudi, avant le verdict attendu vendredi.\u00a0Le policier <strong>encourt jusqu&rsquo;\u00e0 20 ans de prison<\/strong>.<\/p>\n","protected":false},"excerpt":{"rendered":"Ce mercredi devant la cour criminelle de la Loire-Atlantique, l&rsquo;ex-CRS accus\u00e9 du tir mortel sur Aboubacar Fofana, en&hellip;\n","protected":false},"author":2,"featured_media":663835,"comment_status":"","ping_status":"","sticky":false,"template":"","format":"standard","meta":{"footnotes":""},"categories":[2818],"tags":[1111,11,1777,674,1011,27,766,12,2636,25],"class_list":{"0":"post-663834","1":"post","2":"type-post","3":"status-publish","4":"format-standard","5":"has-post-thumbnail","7":"category-nantes","8":"tag-actu","9":"tag-actualites","10":"tag-eu","11":"tag-europe","12":"tag-fr","13":"tag-france","14":"tag-nantes","15":"tag-news","16":"tag-pays-de-la-loire","17":"tag-republique-francaise"},"share_on_mastodon":{"url":"https:\/\/pubeurope.com\/@fr\/115895595444925748","error":""},"_links":{"self":[{"href":"https:\/\/www.europesays.com\/fr\/wp-json\/wp\/v2\/posts\/663834","targetHints":{"allow":["GET"]}}],"collection":[{"href":"https:\/\/www.europesays.com\/fr\/wp-json\/wp\/v2\/posts"}],"about":[{"href":"https:\/\/www.europesays.com\/fr\/wp-json\/wp\/v2\/types\/post"}],"author":[{"embeddable":true,"href":"https:\/\/www.europesays.com\/fr\/wp-json\/wp\/v2\/users\/2"}],"replies":[{"embeddable":true,"href":"https:\/\/www.europesays.com\/fr\/wp-json\/wp\/v2\/comments?post=663834"}],"version-history":[{"count":0,"href":"https:\/\/www.europesays.com\/fr\/wp-json\/wp\/v2\/posts\/663834\/revisions"}],"wp:featuredmedia":[{"embeddable":true,"href":"https:\/\/www.europesays.com\/fr\/wp-json\/wp\/v2\/media\/663835"}],"wp:attachment":[{"href":"https:\/\/www.europesays.com\/fr\/wp-json\/wp\/v2\/media?parent=663834"}],"wp:term":[{"taxonomy":"category","embeddable":true,"href":"https:\/\/www.europesays.com\/fr\/wp-json\/wp\/v2\/categories?post=663834"},{"taxonomy":"post_tag","embeddable":true,"href":"https:\/\/www.europesays.com\/fr\/wp-json\/wp\/v2\/tags?post=663834"}],"curies":[{"name":"wp","href":"https:\/\/api.w.org\/{rel}","templated":true}]}}