{"id":663836,"date":"2026-01-14T21:33:10","date_gmt":"2026-01-14T21:33:10","guid":{"rendered":"https:\/\/www.europesays.com\/fr\/663836\/"},"modified":"2026-01-14T21:33:10","modified_gmt":"2026-01-14T21:33:10","slug":"begles-euratlantique-la-fusion-qui-veut-faire-entendre-la-voix-des-entreprises","status":"publish","type":"post","link":"https:\/\/www.europesays.com\/fr\/663836\/","title":{"rendered":"B\u00e8gles Euratlantique, la fusion qui veut faire entendre la voix des entreprises"},"content":{"rendered":"<p>            Une voix plus forte pour l\u2019\u00e9conomie locale<\/p>\n<p>La gen\u00e8se de ce rapprochement fait suite \u00e0 une r\u00e9flexion commune sur la transformation que conna\u00eet le territoire entre B\u00e8gles et Euratlantique. \u00ab\u00a0On sentait que les clubs avaient un peu du mal chacun de leur c\u00f4t\u00e9 \u00e0 r\u00e9ellement peser dans la balance des choix qui sont faits\u00a0\u00bb, expose l\u2019une des deux copr\u00e9sidentes Aur\u00e9lie Rousselin. Ce nouveau club B\u00e8gles Euratlantique veut donc \u00ab\u00a0cr\u00e9er une voix un peu plus forte\u00a0\u00bb, annonce l\u2019autre copr\u00e9sidente Edwige Dubepe.<\/p>\n<p>La vocation est de cr\u00e9er un lieu unique o\u00f9 les entreprises pourront exprimer leurs probl\u00e9matiques et leurs besoins, notamment sur des sujets comme la mobilit\u00e9, les transports, l\u2019accessibilit\u00e9 ou le commerce de proximit\u00e9, afin d\u2019assurer une bonne intelligence avec les institutionnels du territoire. Le nouveau club entend faire vivre le r\u00e9seau autour d\u2019une moyenne de 25 \u00e0 30 \u00e9v\u00e9nements par an. Les formats mensuels sont un petit-d\u00e9jeuner th\u00e9matique le premier mardi du mois et un afterwork.<\/p>\n<p>Pour dynamiser les \u00e9changes et cr\u00e9er du lien entre les deux clubs, l\u2019application \u00ab\u00a0ki &amp; ki\u00a0\u00bb permettra aux adh\u00e9rents de se connecter entre eux, consulter l\u2019annuaire, l\u2019agenda et discuter de leurs m\u00e9tiers ou besoins. L\u2019ambition n\u2019est pas d\u2019\u00e9tendre de mani\u00e8re tentaculaire le nombre d\u2019adh\u00e9rents, mais bien de cr\u00e9er une synergie entre les entreprises du territoire.<\/p>\n","protected":false},"excerpt":{"rendered":"Une voix plus forte pour l\u2019\u00e9conomie locale La gen\u00e8se de ce rapprochement fait suite \u00e0 une r\u00e9flexion commune&hellip;\n","protected":false},"author":2,"featured_media":663837,"comment_status":"","ping_status":"","sticky":false,"template":"","format":"standard","meta":{"footnotes":""},"categories":[2817],"tags":[1111,11,1997,1777,674,1011,27,12,2219,25],"class_list":{"0":"post-663836","1":"post","2":"type-post","3":"status-publish","4":"format-standard","5":"has-post-thumbnail","7":"category-bordeaux","8":"tag-actu","9":"tag-actualites","10":"tag-bordeaux","11":"tag-eu","12":"tag-europe","13":"tag-fr","14":"tag-france","15":"tag-news","16":"tag-nouvelle-aquitaine","17":"tag-republique-francaise"},"share_on_mastodon":{"url":"https:\/\/pubeurope.com\/@fr\/115895599345519334","error":""},"_links":{"self":[{"href":"https:\/\/www.europesays.com\/fr\/wp-json\/wp\/v2\/posts\/663836","targetHints":{"allow":["GET"]}}],"collection":[{"href":"https:\/\/www.europesays.com\/fr\/wp-json\/wp\/v2\/posts"}],"about":[{"href":"https:\/\/www.europesays.com\/fr\/wp-json\/wp\/v2\/types\/post"}],"author":[{"embeddable":true,"href":"https:\/\/www.europesays.com\/fr\/wp-json\/wp\/v2\/users\/2"}],"replies":[{"embeddable":true,"href":"https:\/\/www.europesays.com\/fr\/wp-json\/wp\/v2\/comments?post=663836"}],"version-history":[{"count":0,"href":"https:\/\/www.europesays.com\/fr\/wp-json\/wp\/v2\/posts\/663836\/revisions"}],"wp:featuredmedia":[{"embeddable":true,"href":"https:\/\/www.europesays.com\/fr\/wp-json\/wp\/v2\/media\/663837"}],"wp:attachment":[{"href":"https:\/\/www.europesays.com\/fr\/wp-json\/wp\/v2\/media?parent=663836"}],"wp:term":[{"taxonomy":"category","embeddable":true,"href":"https:\/\/www.europesays.com\/fr\/wp-json\/wp\/v2\/categories?post=663836"},{"taxonomy":"post_tag","embeddable":true,"href":"https:\/\/www.europesays.com\/fr\/wp-json\/wp\/v2\/tags?post=663836"}],"curies":[{"name":"wp","href":"https:\/\/api.w.org\/{rel}","templated":true}]}}