{"id":663838,"date":"2026-01-14T21:34:11","date_gmt":"2026-01-14T21:34:11","guid":{"rendered":"https:\/\/www.europesays.com\/fr\/663838\/"},"modified":"2026-01-14T21:34:11","modified_gmt":"2026-01-14T21:34:11","slug":"embargo-demain-8h-defense-thales-bordeaux-va-produire-les-nouveaux-casques-de-pilotes-dhelicos","status":"publish","type":"post","link":"https:\/\/www.europesays.com\/fr\/663838\/","title":{"rendered":"[Embargo demain 8h] D\u00e9fense. Thales Bordeaux va produire les nouveaux casques de pilotes d\u2019h\u00e9licos"},"content":{"rendered":"<p>Ce TopOwl DD dispose de fonctions et capacit\u00e9s avanc\u00e9es qui ont \u00e9t\u00e9 d\u00e9velopp\u00e9es par les \u00e9quipes (2\u00a0600 collaborateurs au total) du site Thales Bordeaux (Install\u00e9 \u00e0 M\u00e9rignac). Ce nouveau casque qui est \u00e9galement <a href=\"https:\/\/www.sudouest.fr\/gironde\/merignac\/merignac-thales-mise-gros-sur-la-gironde-8615704.php\" target=\"_blank\" rel=\"follow noopener\">fabriqu\u00e9 sur le site Thales de Bordeaux<\/a>, est donc une \u00e9volution du TopOwl historique, \u00e9prouv\u00e9 au combat, d\u00e9j\u00e0 livr\u00e9 \u00e0 1\u00a0600 exemplaires pour 16 pays diff\u00e9rents. Ce casque TopOwl DD combine affichage haute d\u00e9finition des flux vid\u00e9o des cam\u00e9ras de missions qui \u00e9quipent les NH90 command\u00e9s. Il offrira des\u00a0capacit\u00e9s in\u00e9gal\u00e9es\u00a0permettant aux pilotes d\u2019op\u00e9rer dans toutes les conditions de visibilit\u00e9 d\u00e9grad\u00e9e, notamment la poussi\u00e8re, le brouillard, la neige et m\u00eame des nuits extr\u00eamement sombres.<\/p>\n<p>De la r\u00e9alit\u00e9 augment\u00e9e dans la visi\u00e8re<\/p>\n<p>Le casque TopOwl DD am\u00e9liore la s\u00e9curit\u00e9 des missions notamment lors des vols \u00e0 tr\u00e8s basse altitude. Le casque embarque une technologie de r\u00e9alit\u00e9 augment\u00e9e, fruit de vision du terrain et des informations issus des capteurs et cam\u00e9ras de mission. Le TopOwl b\u00e9n\u00e9ficie d\u2019une technologie d\u2019affichage sur la visi\u00e8re du pilote de type \u00ab\u00a0partage d\u2019\u00e9cran\u00a0\u00bb ou d\u2019image dans l\u2019image, qui permet au pilote de pouvoir piloter tout en prenant en charge une ou plusieurs cibles qui s\u2019affichent sur sa visi\u00e8re.<\/p>\n","protected":false},"excerpt":{"rendered":"Ce TopOwl DD dispose de fonctions et capacit\u00e9s avanc\u00e9es qui ont \u00e9t\u00e9 d\u00e9velopp\u00e9es par les \u00e9quipes (2\u00a0600 collaborateurs&hellip;\n","protected":false},"author":2,"featured_media":663839,"comment_status":"","ping_status":"","sticky":false,"template":"","format":"standard","meta":{"footnotes":""},"categories":[2817],"tags":[1111,11,1997,1777,674,1011,27,12,2219,25],"class_list":{"0":"post-663838","1":"post","2":"type-post","3":"status-publish","4":"format-standard","5":"has-post-thumbnail","7":"category-bordeaux","8":"tag-actu","9":"tag-actualites","10":"tag-bordeaux","11":"tag-eu","12":"tag-europe","13":"tag-fr","14":"tag-france","15":"tag-news","16":"tag-nouvelle-aquitaine","17":"tag-republique-francaise"},"share_on_mastodon":{"url":"https:\/\/pubeurope.com\/@fr\/115895603316027173","error":""},"_links":{"self":[{"href":"https:\/\/www.europesays.com\/fr\/wp-json\/wp\/v2\/posts\/663838","targetHints":{"allow":["GET"]}}],"collection":[{"href":"https:\/\/www.europesays.com\/fr\/wp-json\/wp\/v2\/posts"}],"about":[{"href":"https:\/\/www.europesays.com\/fr\/wp-json\/wp\/v2\/types\/post"}],"author":[{"embeddable":true,"href":"https:\/\/www.europesays.com\/fr\/wp-json\/wp\/v2\/users\/2"}],"replies":[{"embeddable":true,"href":"https:\/\/www.europesays.com\/fr\/wp-json\/wp\/v2\/comments?post=663838"}],"version-history":[{"count":0,"href":"https:\/\/www.europesays.com\/fr\/wp-json\/wp\/v2\/posts\/663838\/revisions"}],"wp:featuredmedia":[{"embeddable":true,"href":"https:\/\/www.europesays.com\/fr\/wp-json\/wp\/v2\/media\/663839"}],"wp:attachment":[{"href":"https:\/\/www.europesays.com\/fr\/wp-json\/wp\/v2\/media?parent=663838"}],"wp:term":[{"taxonomy":"category","embeddable":true,"href":"https:\/\/www.europesays.com\/fr\/wp-json\/wp\/v2\/categories?post=663838"},{"taxonomy":"post_tag","embeddable":true,"href":"https:\/\/www.europesays.com\/fr\/wp-json\/wp\/v2\/tags?post=663838"}],"curies":[{"name":"wp","href":"https:\/\/api.w.org\/{rel}","templated":true}]}}