{"id":663840,"date":"2026-01-14T21:35:09","date_gmt":"2026-01-14T21:35:09","guid":{"rendered":"https:\/\/www.europesays.com\/fr\/663840\/"},"modified":"2026-01-14T21:35:09","modified_gmt":"2026-01-14T21:35:09","slug":"cette-comedie-musicale-propose-une-balade-a-paris-en-chansons-au-profit-du-telethon","status":"publish","type":"post","link":"https:\/\/www.europesays.com\/fr\/663840\/","title":{"rendered":"cette com\u00e9die musicale propose une balade \u00e0 Paris en chansons au profit du T\u00e9l\u00e9thon"},"content":{"rendered":"<p>                    Par<br \/>\n        <strong><br \/>\n            <a href=\"https:\/\/actu.fr\/auteur\/journaliste-lg\" title=\"Consulter tous les articles de R\u00e9daction Lauragais\" target=\"_blank\" rel=\"noopener\">R\u00e9daction Lauragais<\/a><br \/>\n                    <\/strong><\/p>\n<p>        Publi\u00e9 le<\/p>\n<p>            14 janv. 2026 \u00e0 20h16        <\/p>\n<p>C\u2019est la troupe de la section <b>com\u00e9die musicale<\/b> du foyer rural de <a href=\"https:\/\/actu.fr\/occitanie\/belberaud_31057\" target=\"_blank\" rel=\"noopener\">Belberaud<\/a> qui montera sur la sc\u00e8ne de la salle polyvalente de <a href=\"https:\/\/actu.fr\/occitanie\/corronsac_31151\" target=\"_blank\" rel=\"noopener\">Corronsac<\/a>, ce dimanche 18 janvier en fin d\u2019apr\u00e8s-midi. \u00c0 l\u2019affiche, <b>Paris<\/b>, l\u2019une de ses derni\u00e8res cr\u00e9ations. La troupe est n\u00e9e en septembre\u00a02018 et elle compte, suivant les ann\u00e9es, entre huit et dix participants.<\/p>\n<p class=\" wall-content\">La section est anim\u00e9e par une b\u00e9n\u00e9vole, <b>Laurence<\/b>, passionn\u00e9e de chant et elle-m\u00eame chanteuse dans un trio de jazz amateur.<\/p>\n<p>Entre chant, danse et com\u00e9die<\/p>\n<p class=\" wall-content\">\u00ab Dans cette section,<b> on chante, on danse et on joue la com\u00e9die<\/b> \u00bb, explique-t-elle.\u00a0La troupe a d\u00e9j\u00e0 cr\u00e9\u00e9 cinq spectacles : Gar\u00e7on, un caf\u00e9 (2019), Les Mimosas (2022), Voyage Voyage (2023), Paris (2024), et le dernier, Best of (2025), jou\u00e9 une premi\u00e8re fois en juin dernier au Centre culturel de Belberaud, et d\u00e9j\u00e0 programm\u00e9 pour <b>le 22\u00a0mai prochain \u00e0 Labastide-Beauvoir<\/b>.<\/p>\n<p class=\" wall-content\">\u00ab \u00c0 partir d\u2019une trame ou d\u2019un th\u00e8me, pr\u00e9cise encore Laurence, nous mettons en sc\u00e8ne des chansons, choisies dans le r\u00e9pertoire de la <b>chanson fran\u00e7aise<\/b>, de la pop, du jazz, de la com\u00e9die musicale\u2026 Bref, des chansons que nous aimons ! Certaines sont th\u00e9\u00e2tralis\u00e9es, d\u2019autres chor\u00e9graphi\u00e9es. Les spectacles sont toujours l\u00e9gers et joyeux. \u00bb Et le spectateur en ressort, c\u2019est s\u00fbr, avec des fourmis dans les jambes et des ritournelles reconnues dans la t\u00eate.<\/p>\n<p>Vid\u00e9os : en ce moment sur ActuDe Montmartre \u00e0 l\u2019Op\u00e9ra<\/p>\n<p class=\" wall-content\">Intitul\u00e9 tout simplement Paris, le spectacle met en sc\u00e8ne <b>deux jeunes mari\u00e9s qui partent en voyage de noces au sein de la capitale<\/b>. Le public les accompagnera, chantant et dansant dans les rues de la ville, de Montmartre \u00e0 l\u2019Op\u00e9ra, en passant par Notre-Dame et les quais de la Seine.<\/p>\n<p class=\" wall-content\">Et il y retrouvera avec plaisir les <b>belles chansons fran\u00e7aises classiques de toujours<\/b>, telles Sous le ciel de Paris, La complainte de la butte ou encore Paris sera toujours Paris. Mais aussi des <b>compositions plus r\u00e9centes<\/b> comme Les toits de Paris, Et bam, La Seine ou Le dernier jour du disco.<\/p>\n<p>Votre r\u00e9gion, votre actu !<\/p>\n<p>Recevez chaque jour les infos qui comptent pour vous.<\/p>\n<p>\t<a href=\"https:\/\/actu.fr\/newsletter\" class=\"ac-btn ac-btn--corner ac-btn--medium ac-btn--blue800\" target=\"_blank\" rel=\"noopener\">S&rsquo;incrire<\/a><\/p>\n<p class=\" wall-content\"><strong>A.B.<\/strong><\/p>\n<p><b>Infos pratiques<\/b><br \/>Paris, dimanche 18\u00a0janvier, \u00e0 18 h, dans la salle des f\u00eates de Corronsac. <br \/>\nTarif : 10\u00a0\u20ac. Toutes les recettes seront vers\u00e9es \u00e0 l\u2019AFM-T\u00e9l\u00e9thon lors du T\u00e9l\u00e9thon des Coteaux 2026. <br \/>\nR\u00e9servation sur la <a href=\"https:\/\/www.helloasso.com\/associations\/les-coteaux-aux-cotes-d-elodie\/evenements\/comedie-musicale-paris\" target=\"_blank\" rel=\"noopener\">page HelloAsso de l\u2019association<\/a> et vente sur place.<\/p>\n<p class=\" wall-content\">Personnalisez votre actualit\u00e9 en ajoutant vos villes et m\u00e9dias en favori avec <a href=\"https:\/\/moncompte.actu.fr\" title=\"D\u00e9couvez Mon Actu\" rel=\"nofollow noopener\" data-trk=\"{&quot;cta&quot;:{&quot;action&quot;:&quot;https:\\\/\\\/moncompte.actu.fr&quot;,&quot;category&quot;:&quot;mon compte&quot;,&quot;from&quot;:&quot;article footer&quot;,&quot;name&quot;:&quot;Mon actu&quot;,&quot;type&quot;:&quot;cta&quot;}}\" target=\"_blank\">Mon Actu<\/a>.<\/p>\n","protected":false},"excerpt":{"rendered":"Par R\u00e9daction Lauragais Publi\u00e9 le 14 janv. 2026 \u00e0 20h16 C\u2019est la troupe de la section com\u00e9die musicale&hellip;\n","protected":false},"author":2,"featured_media":663841,"comment_status":"","ping_status":"","sticky":false,"template":"","format":"standard","meta":{"footnotes":""},"categories":[2816],"tags":[1111,11,1063,1777,674,1011,27,1652,12,2680,25,853,12846,2312],"class_list":{"0":"post-663840","1":"post","2":"type-post","3":"status-publish","4":"format-standard","5":"has-post-thumbnail","7":"category-toulouse","8":"tag-actu","9":"tag-actualites","10":"tag-animations","11":"tag-eu","12":"tag-europe","13":"tag-fr","14":"tag-france","15":"tag-loisirs-culture","16":"tag-news","17":"tag-occitanie","18":"tag-republique-francaise","19":"tag-spectacles","20":"tag-telethon","21":"tag-toulouse"},"share_on_mastodon":{"url":"https:\/\/pubeurope.com\/@fr\/115895607179229525","error":""},"_links":{"self":[{"href":"https:\/\/www.europesays.com\/fr\/wp-json\/wp\/v2\/posts\/663840","targetHints":{"allow":["GET"]}}],"collection":[{"href":"https:\/\/www.europesays.com\/fr\/wp-json\/wp\/v2\/posts"}],"about":[{"href":"https:\/\/www.europesays.com\/fr\/wp-json\/wp\/v2\/types\/post"}],"author":[{"embeddable":true,"href":"https:\/\/www.europesays.com\/fr\/wp-json\/wp\/v2\/users\/2"}],"replies":[{"embeddable":true,"href":"https:\/\/www.europesays.com\/fr\/wp-json\/wp\/v2\/comments?post=663840"}],"version-history":[{"count":0,"href":"https:\/\/www.europesays.com\/fr\/wp-json\/wp\/v2\/posts\/663840\/revisions"}],"wp:featuredmedia":[{"embeddable":true,"href":"https:\/\/www.europesays.com\/fr\/wp-json\/wp\/v2\/media\/663841"}],"wp:attachment":[{"href":"https:\/\/www.europesays.com\/fr\/wp-json\/wp\/v2\/media?parent=663840"}],"wp:term":[{"taxonomy":"category","embeddable":true,"href":"https:\/\/www.europesays.com\/fr\/wp-json\/wp\/v2\/categories?post=663840"},{"taxonomy":"post_tag","embeddable":true,"href":"https:\/\/www.europesays.com\/fr\/wp-json\/wp\/v2\/tags?post=663840"}],"curies":[{"name":"wp","href":"https:\/\/api.w.org\/{rel}","templated":true}]}}