{"id":663842,"date":"2026-01-14T21:36:13","date_gmt":"2026-01-14T21:36:13","guid":{"rendered":"https:\/\/www.europesays.com\/fr\/663842\/"},"modified":"2026-01-14T21:36:13","modified_gmt":"2026-01-14T21:36:13","slug":"un-affaissement-signale-sur-un-batiment-du-centre-ville-de-toulouse","status":"publish","type":"post","link":"https:\/\/www.europesays.com\/fr\/663842\/","title":{"rendered":"Un affaissement signal\u00e9 sur un b\u00e2timent du centre-ville de Toulouse"},"content":{"rendered":"<p>Un affaissement de plancher a d\u00e9clench\u00e9 l\u2019intervention des secours ce mercredi apr\u00e8s-midi en plein c\u0153ur du centre-ville de Toulouse, pr\u00e8s du Capitole. Si la situation n\u2019est pas jug\u00e9e critique \u00e0 ce stade, une expertise b\u00e2timentaire est en cours.<\/p>\n<p>L\u2019alerte a \u00e9t\u00e9 donn\u00e9e ce mercredi 14 janvier, peu apr\u00e8s 16h40, en plein centre historique de Toulouse. Les secours sont intervenus <strong>rue des P\u00e9nitents-Gris<\/strong>, \u00e0 150 m\u00e8tres de la place du Capitole,\u00a0 petite rue qui relie la rue du Taur \u00e0 la rue des Lois. Une intervention\u00a0pour un\u00a0<strong>probl\u00e8me structurel rep\u00e9r\u00e9 dans un immeuble ancien<\/strong>.<\/p>\n<p> Affaissement d&rsquo;un plancher au niveau d&rsquo;une cave<\/p>\n<p>Un plancher en bois, situ\u00e9 au niveau d\u2019une cave, s&rsquo;est affaiss\u00e9. <strong>L\u2019une des solives soutenant la structure montre des signes de faiblesse<\/strong>\u00a0et a n\u00e9cessit\u00e9 l\u2019intervention des sapeurs-pompiers. Rapidement, des sp\u00e9cialistes en risque b\u00e2timentaire se sont rendus sur place afin d\u2019examiner le b\u00e2timent.<\/p>\n<p>Malgr\u00e9 l\u2019inqui\u00e9tude que peut susciter ce type d\u2019intervention dans un quartier ancien et tr\u00e8s fr\u00e9quent\u00e9, les autorit\u00e9s se veulent rassurantes. <strong>\u00ab\u00a0L\u2019affaissement n\u2019est pas grave \u00e0 ce stade\u00a0\u00bb<\/strong>, indique la mairie de Toulouse.<\/p>\n<p>Pas d&rsquo;\u00e9vacuation pour le moment<\/p>\n<p>\u00ab\u00a0Ce n\u2019est pas aussi urgent que d\u2019autres interventions r\u00e9centes, mais on reste en centre-ville ancien. Pour l\u2019instant, aucune \u00e9vacuation pr\u00e9ventive n\u2019est envisag\u00e9e\u00a0\u00bb, pr\u00e9cisent les secours.<\/p>\n<p>Cinq sapeurs-pompiers sp\u00e9cialis\u00e9s sont mobilis\u00e9s sur cette op\u00e9ration, appuy\u00e9s par un responsable de la direction de la protection des populations de la ville de Toulouse. Leur mission reste de <strong>d\u00e9terminer si l\u2019affaissement peut \u00e9voluer<\/strong> et de s\u2019assurer qu\u2019aucun danger imm\u00e9diat ne menace les occupants ou les riverains.<\/p>\n","protected":false},"excerpt":{"rendered":"Un affaissement de plancher a d\u00e9clench\u00e9 l\u2019intervention des secours ce mercredi apr\u00e8s-midi en plein c\u0153ur du centre-ville de&hellip;\n","protected":false},"author":2,"featured_media":663843,"comment_status":"","ping_status":"","sticky":false,"template":"","format":"standard","meta":{"footnotes":""},"categories":[2816],"tags":[1111,11,1777,674,1011,27,12,2680,25,2312],"class_list":{"0":"post-663842","1":"post","2":"type-post","3":"status-publish","4":"format-standard","5":"has-post-thumbnail","7":"category-toulouse","8":"tag-actu","9":"tag-actualites","10":"tag-eu","11":"tag-europe","12":"tag-fr","13":"tag-france","14":"tag-news","15":"tag-occitanie","16":"tag-republique-francaise","17":"tag-toulouse"},"share_on_mastodon":{"url":"https:\/\/pubeurope.com\/@fr\/115895611208845563","error":""},"_links":{"self":[{"href":"https:\/\/www.europesays.com\/fr\/wp-json\/wp\/v2\/posts\/663842","targetHints":{"allow":["GET"]}}],"collection":[{"href":"https:\/\/www.europesays.com\/fr\/wp-json\/wp\/v2\/posts"}],"about":[{"href":"https:\/\/www.europesays.com\/fr\/wp-json\/wp\/v2\/types\/post"}],"author":[{"embeddable":true,"href":"https:\/\/www.europesays.com\/fr\/wp-json\/wp\/v2\/users\/2"}],"replies":[{"embeddable":true,"href":"https:\/\/www.europesays.com\/fr\/wp-json\/wp\/v2\/comments?post=663842"}],"version-history":[{"count":0,"href":"https:\/\/www.europesays.com\/fr\/wp-json\/wp\/v2\/posts\/663842\/revisions"}],"wp:featuredmedia":[{"embeddable":true,"href":"https:\/\/www.europesays.com\/fr\/wp-json\/wp\/v2\/media\/663843"}],"wp:attachment":[{"href":"https:\/\/www.europesays.com\/fr\/wp-json\/wp\/v2\/media?parent=663842"}],"wp:term":[{"taxonomy":"category","embeddable":true,"href":"https:\/\/www.europesays.com\/fr\/wp-json\/wp\/v2\/categories?post=663842"},{"taxonomy":"post_tag","embeddable":true,"href":"https:\/\/www.europesays.com\/fr\/wp-json\/wp\/v2\/tags?post=663842"}],"curies":[{"name":"wp","href":"https:\/\/api.w.org\/{rel}","templated":true}]}}