{"id":663844,"date":"2026-01-14T21:37:20","date_gmt":"2026-01-14T21:37:20","guid":{"rendered":"https:\/\/www.europesays.com\/fr\/663844\/"},"modified":"2026-01-14T21:37:20","modified_gmt":"2026-01-14T21:37:20","slug":"depuis-ce-lundi-12-janvier-la-piscine-babylone-a-villeneuve-dascq-a-rouvert-14-01-2026","status":"publish","type":"post","link":"https:\/\/www.europesays.com\/fr\/663844\/","title":{"rendered":"Depuis ce lundi 12 janvier, la piscine Babylone \u00e0 Villeneuve-d&rsquo;Ascq a rouvert &#8211; 14\/01\/2026"},"content":{"rendered":"<p>Apr\u00e8s trois mois de fermeture pour modernisation, le centre nautique Babylone a rouvert ses portes ce lundi 12 janvier \u00e0 Villeneuve-d\u2019Ascq. Un chantier \u00e0 1,3 million d\u2019euros, financ\u00e9 par la Ville, avec un objectif clair : am\u00e9liorer le confort et le fonctionnement.<\/p>\n<p>Il y a des lieux qu\u2019on reconna\u00eet les yeux ferm\u00e9s. \u00c0 Babylone, ce sont les vagues et l\u2019odeur du chlore. Bonne nouvelle pour les habitu\u00e9\u00b7es : apr\u00e8s trois mois de travaux, le centre nautique accueille enfin \u00e0 nouveau le public. Une r\u00e9ouverture l\u00e9g\u00e8rement d\u00e9cal\u00e9e puisqu&rsquo;elle \u00e9tait initialement pr\u00e9vue le 5 janvier, le temps de s\u2019assurer que tout soit pr\u00eat pour accueillir le public dans de bonnes conditions.<\/p>\n<p>      <a data-fslightbox=\"lightbox-74886\" data-caption=\"Chaque semaine, pr&#xE8;s de 15 animations y sont propos&#xE9;es, de l&#x2019;aquagym &#xE0; l&#x2019;aquabike.\" href=\"https:\/\/vozer.s3.eu-west-3.amazonaws.com\/production\/1768403047\/dj4y5cta23nlefff2h2jfpp2817n\/img_0025-2.jpeg\" target=\"_blank\" rel=\"noopener\"><br \/>\n        <img decoding=\"async\" class=\"mw-100 lazy\" alt=\"Chaque semaine, pr&#xE8;s de 15 animations y sont propos&#xE9;es, de l&#x2019;aquagym &#xE0; l&#x2019;aquabike.\" lazy=\"true\" src=\"https:\/\/www.europesays.com\/fr\/wp-content\/uploads\/2026\/01\/img_0025-2.webp.webp\"\/><br \/>\n      <\/a><br \/>\n        Chaque semaine, pr\u00e8s de 15 animations y sont propos\u00e9es, de l\u2019aquagym \u00e0 l\u2019aquabike.<\/p>\n<p>  Des travaux peu visibles mais essentiels<\/p>\n<p>\u00ab\u00a0C\u2019est une piscine tr\u00e8s appr\u00e9ci\u00e9e, mais techniquement, certains \u00e9quipements arrivaient en bout de course\u00a0\u00bb, explique Guillaume Turbelin, directeur du centre nautique. \u00ab\u00a0Ces travaux \u00e9taient n\u00e9cessaires pour garantir la s\u00e9curit\u00e9, le confort et la continuit\u00e9 du service.\u00a0\u00bb<\/p>\n<p>      <a data-fslightbox=\"lightbox-74885\" data-caption=\"Guillaume Turbelin, directeur du centre nautique.\" href=\"https:\/\/vozer.s3.eu-west-3.amazonaws.com\/production\/1768402340\/3u6itptzzbu6u4qpsp9z949buozd\/img_0032-2.jpeg\" target=\"_blank\" rel=\"noopener\"><br \/>\n        <img decoding=\"async\" class=\"mw-100 lazy\" alt=\"Guillaume Turbelin, directeur du centre nautique.\" lazy=\"true\" src=\"https:\/\/www.europesays.com\/fr\/wp-content\/uploads\/2026\/01\/img_0032-2.webp.webp\"\/><br \/>\n      <\/a><br \/>\n        Guillaume Turbelin, directeur du centre nautique.<\/p>\n<p>\n  Pas de nouveau toboggan ni de bassin flambant neuf \u00e0 l\u2019arriv\u00e9e. L\u2019essentiel des travaux concerne les coulisses de la piscine : le remplacement de deux filtres tr\u00e8s anciens par un seul plus performant, la r\u00e9-\u00e9tanch\u00e9ification de la b\u00e2che pressuris\u00e9e indispensable au fonctionnement des vagues, ou encore le changement de la centrale d\u2019air, jusqu\u2019ici d\u00e9faillante. R\u00e9sultat : des vestiaires mieux chauff\u00e9s et un bassin plus agr\u00e9able, surtout en hiver.<\/p>\n<p>      <a data-fslightbox=\"lightbox-74887\" data-caption=\"La centrale d&#039;air.\" href=\"https:\/\/vozer.s3.eu-west-3.amazonaws.com\/production\/1768403161\/o2v0ovo1y0m6kui2ggvpk9e94vps\/img_0016-2.jpeg\" target=\"_blank\" rel=\"noopener\"><br \/>\n        <img decoding=\"async\" class=\"mw-100 lazy\" alt=\"La centrale d'air.\" lazy=\"true\" src=\"https:\/\/www.europesays.com\/fr\/wp-content\/uploads\/2026\/01\/img_0016-2.webp.webp\"\/><br \/>\n      <\/a><br \/>\n        La centrale d&rsquo;air.<\/p>\n<p>La toiture a aussi \u00e9t\u00e9 revue, avec le renouvellement des polycarbonates au-dessus du petit bassin et de la mezzanine. Et pour les frileux, une autre am\u00e9lioration : l\u2019eau est d\u00e9sormais chauff\u00e9e \u00e0 <b>28 degr\u00e9s, contre 27 auparavant. <\/b>Pas de changement au niveau des\u00a0vagues, elles sont toujours l\u00e0 (\u00e0\u00a0partir du 15 f\u00e9vrier, les s\u00e9ances reprendront tous les mercredis et samedis apr\u00e8s-midi, de 14h \u00e0 16h30).\u00a0<\/p>\n<p>Au total, le chantier repr\u00e9sente un investissement de 1,3 million d\u2019euros pour la Ville de Villeneuve-d\u2019Ascq.<\/p>\n","protected":false},"excerpt":{"rendered":"Apr\u00e8s trois mois de fermeture pour modernisation, le centre nautique Babylone a rouvert ses portes ce lundi 12&hellip;\n","protected":false},"author":2,"featured_media":663845,"comment_status":"","ping_status":"","sticky":false,"template":"","format":"standard","meta":{"footnotes":""},"categories":[2815],"tags":[1111,11,1777,674,1011,27,811,1307,12,25],"class_list":{"0":"post-663844","1":"post","2":"type-post","3":"status-publish","4":"format-standard","5":"has-post-thumbnail","7":"category-lille","8":"tag-actu","9":"tag-actualites","10":"tag-eu","11":"tag-europe","12":"tag-fr","13":"tag-france","14":"tag-hauts-de-france","15":"tag-lille","16":"tag-news","17":"tag-republique-francaise"},"share_on_mastodon":{"url":"https:\/\/pubeurope.com\/@fr\/115895615261395934","error":""},"_links":{"self":[{"href":"https:\/\/www.europesays.com\/fr\/wp-json\/wp\/v2\/posts\/663844","targetHints":{"allow":["GET"]}}],"collection":[{"href":"https:\/\/www.europesays.com\/fr\/wp-json\/wp\/v2\/posts"}],"about":[{"href":"https:\/\/www.europesays.com\/fr\/wp-json\/wp\/v2\/types\/post"}],"author":[{"embeddable":true,"href":"https:\/\/www.europesays.com\/fr\/wp-json\/wp\/v2\/users\/2"}],"replies":[{"embeddable":true,"href":"https:\/\/www.europesays.com\/fr\/wp-json\/wp\/v2\/comments?post=663844"}],"version-history":[{"count":0,"href":"https:\/\/www.europesays.com\/fr\/wp-json\/wp\/v2\/posts\/663844\/revisions"}],"wp:featuredmedia":[{"embeddable":true,"href":"https:\/\/www.europesays.com\/fr\/wp-json\/wp\/v2\/media\/663845"}],"wp:attachment":[{"href":"https:\/\/www.europesays.com\/fr\/wp-json\/wp\/v2\/media?parent=663844"}],"wp:term":[{"taxonomy":"category","embeddable":true,"href":"https:\/\/www.europesays.com\/fr\/wp-json\/wp\/v2\/categories?post=663844"},{"taxonomy":"post_tag","embeddable":true,"href":"https:\/\/www.europesays.com\/fr\/wp-json\/wp\/v2\/tags?post=663844"}],"curies":[{"name":"wp","href":"https:\/\/api.w.org\/{rel}","templated":true}]}}