{"id":663846,"date":"2026-01-14T21:38:27","date_gmt":"2026-01-14T21:38:27","guid":{"rendered":"https:\/\/www.europesays.com\/fr\/663846\/"},"modified":"2026-01-14T21:38:27","modified_gmt":"2026-01-14T21:38:27","slug":"match-deja-9-absents-pour-psg-lille-probablement-plus","status":"publish","type":"post","link":"https:\/\/www.europesays.com\/fr\/663846\/","title":{"rendered":"Match : D\u00e9j\u00e0 9 absents pour PSG\/Lille, probablement plus"},"content":{"rendered":"<p>Pas moins de 9 joueurs sont d\u00e9j\u00e0 assur\u00e9s de manquer le match PSG\/Lille de ce vendredi soir (21h) au Parc des Princes, que ce soit en raison de la CAN ou de blessures. Plusieurs autres joueurs sont aussi incertains pour ce choc de la 18e journ\u00e9e de Ligue 1. On fait le point \u00e0 J-2.<\/p>\n<p>Respectivement 2e de Ligue 1 avec 39 points et 4e avec 32 points, le PSG et Lille s&rsquo;affrontent ce vendredi soir au Parc des Princes \u00e0 partir de 21h pour le compte de la 18e journ\u00e9e de Ligue 1. Un match qui va opposer deux \u00e9quipes qui viennent de se faire \u00e9liminer en 16e de finale de Coupe de France \u00e0 domicile, face au Paris FC pour le PSG, contre l&rsquo;OL pour le LOSC.<\/p>\n<p>Encore 5 absents au PSG, mais un retour<\/p>\n<p>Au repos ce mercredi, le PSG s&rsquo;est entra\u00een\u00e9 mardi matin au lendemain de son \u00e9limination en Coupe de France et aucun des bless\u00e9s des derni\u00e8res semaines n&rsquo;\u00e9tait de retour. Lee<strong> Kang-in<\/strong>, Matvey <strong>Safonov <\/strong>et Quentin <strong>Ndjantou <\/strong>seront donc encore forfaits ce vendredi face \u00e0 Lille, tout comme Ibrahim <strong>Mbaye <\/strong>et Achraf <strong>Hakimi<\/strong>, qui vont disputer la demi-finale de la CAN ce mercredi, puis la petite finale (samedi) et\/ou la finale (dimanche).<\/p>\n<blockquote class=\"twitter-tweet\">\n<p dir=\"ltr\" lang=\"fr\">Nos Parisiens de retour au travail au Campus PSG ! =\ufffd <a href=\"https:\/\/t.co\/4C8rZ4aA9w\">pic.twitter.com\/4C8rZ4aA9w<\/a><\/p>\n<p>\u2014 Paris Saint-Germain (@PSG_inside) <a href=\"https:\/\/twitter.com\/PSG_inside\/status\/2011061773533917667?ref_src=twsrc%5Etfw\" target=\"_blank\" rel=\"noopener\">January 13, 2026<\/a><\/p><\/blockquote>\n<p>La bonne nouvelle c\u00f4t\u00e9 parisien concerne en revanche le retour \u00e0 l&rsquo;entra\u00eenement mardi de Lucas <strong>Hernandez<\/strong>, qui avait d\u00fb d\u00e9clarer forfait contre le Paris FC lundi en Coupe de France en raison d&rsquo;une maladie. Sauf mauvaise surprise d&rsquo;ici vendredi, le PSG aura donc 5 absents face aux Dogues.<\/p>\n<p>Plusieurs retours \u00e0 Lille, mais 2 gros absents<\/p>\n<p>De son c\u00f4t\u00e9, Bruno Genesio a r\u00e9cup\u00e9r\u00e9 cette semaine trois internationaux africains : le d\u00e9fenseur central alg\u00e9rien A\u00efssa <strong>Mandi<\/strong>, le d\u00e9fenseur central congolais Chancel <strong>Mbemba <\/strong>ainsi que le milieu d\u00e9fensif\u00a0Ngal&rsquo;ayel <strong>Mukau<\/strong>. Trois retours bienvenus pour l&rsquo;entra\u00eeneur lillois, qui a encore un international africain \u00e0 la CAN, son avant-centre marocain\u00a0Hamza <strong>Igamane<\/strong>, auteur de 9 buts depuis le d\u00e9but de saison.<\/p>\n<blockquote class=\"twitter-tweet\">\n<p dir=\"ltr\" lang=\"fr\">Nos africains de retour \u00e0 l&rsquo;entrainement =J <a href=\"https:\/\/t.co\/8NeqtZMhyD\">pic.twitter.com\/8NeqtZMhyD<\/a><\/p>\n<p>\u2014 LOSC (@losclive) <a href=\"https:\/\/twitter.com\/losclive\/status\/2011136663200862245?ref_src=twsrc%5Etfw\" target=\"_blank\" rel=\"noopener\">January 13, 2026<\/a><\/p><\/blockquote>\n<p>Surtout, le LOSC sera priv\u00e9 face au PSG de son capitaine Benjamin <strong>Andr\u00e9<\/strong>, touch\u00e9 \u00e0 l&rsquo;\u00e9paule contre Lyon dimanche dernier.\u00a0\u00ab Il a pass\u00e9 des examens, il n&rsquo;y a pas de fracture. C&rsquo;est une bonne nouvelle dans la soir\u00e9e. On verra la dur\u00e9e de son indisponibilit\u00e9, je ne sais pas combien de temps il sera absent \u00bb, confiait Genesio dimanche soir.<\/p>\n<p>Absent \u00e0 l&rsquo;entra\u00eenement mardi, l&rsquo;exp\u00e9riment\u00e9 milieu de terrain ne sera jamais r\u00e9tabli d&rsquo;ici vendredi, pas plus qu&rsquo;Ousmane <strong>Tour\u00e9<\/strong>, victime d&rsquo;une rupture des ligaments crois\u00e9s en d\u00e9but de saison. Pas convoqu\u00e9 depuis fin d\u00e9cembre, Ugo <strong>Raghouber <\/strong>est lui en instance d\u00e9part \u00e0 Levante et ne jouera pas non plus contre le PSG ce vendredi. Enfin, le milieu portugais Andr\u00e9 <strong>Gomes<\/strong>, toujours emb\u00eat\u00e9 par des probl\u00e8mes musculaires, est lui tr\u00e8s incertain, sachant qu&rsquo;il n&rsquo;a plus jou\u00e9 depuis le 5 d\u00e9cembre et n&rsquo;a pas \u00e9t\u00e9 convoqu\u00e9 depuis.<\/p>\n<p>Les absents de PSG\/Lille \u00e0 J-2 :<\/p>\n<ul>\n<li>CAN (3) : Hakimi, Mbaye, Igamane<\/li>\n<li>Infirmerie (5) : Lee, Safonov, Ndjantou, Andr\u00e9, Tour\u00e9<\/li>\n<li>Mercato (1) :\u00a0Raghouber\u00a0<\/li>\n<li>Incertain (1) : Andr\u00e9 Gomes<\/li>\n<\/ul>\n<p><script async src=\"https:\/\/platform.twitter.com\/widgets.js\" charset=\"utf-8\"><\/script><\/p>\n","protected":false},"excerpt":{"rendered":"Pas moins de 9 joueurs sont d\u00e9j\u00e0 assur\u00e9s de manquer le match PSG\/Lille de ce vendredi soir (21h)&hellip;\n","protected":false},"author":2,"featured_media":663847,"comment_status":"","ping_status":"","sticky":false,"template":"","format":"standard","meta":{"footnotes":""},"categories":[2815],"tags":[1111,11,1777,674,1011,27,811,1307,12,25],"class_list":{"0":"post-663846","1":"post","2":"type-post","3":"status-publish","4":"format-standard","5":"has-post-thumbnail","7":"category-lille","8":"tag-actu","9":"tag-actualites","10":"tag-eu","11":"tag-europe","12":"tag-fr","13":"tag-france","14":"tag-hauts-de-france","15":"tag-lille","16":"tag-news","17":"tag-republique-francaise"},"share_on_mastodon":{"url":"https:\/\/pubeurope.com\/@fr\/115895619584998609","error":""},"_links":{"self":[{"href":"https:\/\/www.europesays.com\/fr\/wp-json\/wp\/v2\/posts\/663846","targetHints":{"allow":["GET"]}}],"collection":[{"href":"https:\/\/www.europesays.com\/fr\/wp-json\/wp\/v2\/posts"}],"about":[{"href":"https:\/\/www.europesays.com\/fr\/wp-json\/wp\/v2\/types\/post"}],"author":[{"embeddable":true,"href":"https:\/\/www.europesays.com\/fr\/wp-json\/wp\/v2\/users\/2"}],"replies":[{"embeddable":true,"href":"https:\/\/www.europesays.com\/fr\/wp-json\/wp\/v2\/comments?post=663846"}],"version-history":[{"count":0,"href":"https:\/\/www.europesays.com\/fr\/wp-json\/wp\/v2\/posts\/663846\/revisions"}],"wp:featuredmedia":[{"embeddable":true,"href":"https:\/\/www.europesays.com\/fr\/wp-json\/wp\/v2\/media\/663847"}],"wp:attachment":[{"href":"https:\/\/www.europesays.com\/fr\/wp-json\/wp\/v2\/media?parent=663846"}],"wp:term":[{"taxonomy":"category","embeddable":true,"href":"https:\/\/www.europesays.com\/fr\/wp-json\/wp\/v2\/categories?post=663846"},{"taxonomy":"post_tag","embeddable":true,"href":"https:\/\/www.europesays.com\/fr\/wp-json\/wp\/v2\/tags?post=663846"}],"curies":[{"name":"wp","href":"https:\/\/api.w.org\/{rel}","templated":true}]}}