{"id":663848,"date":"2026-01-14T21:39:15","date_gmt":"2026-01-14T21:39:15","guid":{"rendered":"https:\/\/www.europesays.com\/fr\/663848\/"},"modified":"2026-01-14T21:39:15","modified_gmt":"2026-01-14T21:39:15","slug":"agata-ingarden-a-la-friche-et-a-la-collection-lambert","status":"publish","type":"post","link":"https:\/\/www.europesays.com\/fr\/663848\/","title":{"rendered":"Agata Ingarden \u00e0 La Friche et \u00e0 la Collection Lambert"},"content":{"rendered":"<p style=\"font-size:18px\">Jusqu\u2019\u00e0 la fin avril 2026, <strong>Agata Ingarden<\/strong> pr\u00e9sente \u00ab\u2009<strong>Au grand jour\u2009<\/strong>\u00bb, une double exposition personnelle con\u00e7ue par <strong>Triangle-Ast\u00e9rides<\/strong>, coproduite par la Friche la Belle de Mai et la <strong>Collection Lambert<\/strong> \u00e0 Avignon, en partenariat avec le <strong>Cirva<\/strong>.<\/p>\n<p>Apr\u00e8s une premi\u00e8re rencontre lors d\u2019<a href=\"https:\/\/www.enrevenantdelexpo.com\/2018\/09\/08\/retour-sur-art-o-rama-2018-by-the-sea-au-j1-a-marseille-2e-partie\/\" target=\"_blank\" rel=\"noreferrer noopener\">Art-o-rama 2018<\/a>, on avait r\u00e9ellement d\u00e9couvert son travail en 2019 avec Venus, une sculpture associant coquilles d\u2019hu\u00eetres, silicone, fils de cuivre et sucre carbonis\u00e9, pr\u00e9sent\u00e9e \u00e0 <a href=\"https:\/\/www.enrevenantdelexpo.com\/2019\/09\/06\/retour-sur-boom-moco-la-panacee\/\" target=\"_blank\" rel=\"noreferrer noopener\">BOOM Jeune Cr\u00e9ation<\/a> \u00e0 Montpellier. Cette \u0153uvre \u00e9tait \u00e9galement montr\u00e9e dans \u00ab\u2009<a href=\"https:\/\/www.enrevenantdelexpo.com\/2020\/03\/10\/street-trash-friche-belle-de-mai-marseille\/\" target=\"_blank\" rel=\"noreferrer noopener\">Street Trash\u00a0: L\u2019effet sp\u00e9cial de la sculpture<\/a>\u2009\u00bb, une exposition imagin\u00e9e par Amandine Guruceaga et Benjamin Marianne \u00e0 la Friche pendant le printemps\u00a02020, entre deux confinements.<\/p>\n<p><img data-recalc-dims=\"1\" fetchpriority=\"high\" decoding=\"async\" width=\"696\" height=\"928\" data-attachment-id=\"69367\" data-permalink=\"https:\/\/www.enrevenantdelexpo.com\/2026\/01\/14\/agata-ingarden-au-grand-jour-friche-belle-de-mai-collection-ambert\/agata-ingarden-venus-2019-street-trash-friche-la-belle-de-mai\/\" data-orig-file=\"https:\/\/i0.wp.com\/www.enrevenantdelexpo.com\/wp-content\/uploads\/2026\/01\/Agata-Ingarden-Venus-2019-Street-Trash-Friche-La-Belle-de-Mai.webp?fit=1200%2C1600&amp;ssl=1\" data-orig-size=\"1200,1600\" data-comments-opened=\"1\" data-image-meta=\"{&quot;aperture&quot;:&quot;0&quot;,&quot;credit&quot;:&quot;&quot;,&quot;camera&quot;:&quot;&quot;,&quot;caption&quot;:&quot;&quot;,&quot;created_timestamp&quot;:&quot;0&quot;,&quot;copyright&quot;:&quot;&quot;,&quot;focal_length&quot;:&quot;0&quot;,&quot;iso&quot;:&quot;0&quot;,&quot;shutter_speed&quot;:&quot;0&quot;,&quot;title&quot;:&quot;&quot;,&quot;orientation&quot;:&quot;0&quot;}\" data-image-title=\"Agata Ingarden \u2013 Venus, 2019 \u2013 Street Trash \u2013 Friche La Belle de Mai\" data-image-description=\"\" data-image-caption=\"&lt;p&gt;Agata Ingarden \u2013 Venus, 2019 \u2013 Street Trash \u2013 Friche La Belle de Mai&lt;\/p&gt;&#10;\" data-medium-file=\"https:\/\/i0.wp.com\/www.enrevenantdelexpo.com\/wp-content\/uploads\/2026\/01\/Agata-Ingarden-Venus-2019-Street-Trash-Friche-La-Belle-de-Mai.webp?fit=225%2C300&amp;ssl=1\" data-large-file=\"https:\/\/i0.wp.com\/www.enrevenantdelexpo.com\/wp-content\/uploads\/2026\/01\/Agata-Ingarden-Venus-2019-Street-Trash-Friche-La-Belle-de-Mai.webp?fit=696%2C928&amp;ssl=1\" src=\"data:image\/svg+xml,%3Csvg%20xmlns=\" http:=\"\" alt=\"Agata Ingarden - Venus, 2019 - Street Trash - Friche La Belle de Mai\" class=\"wp-image-69367\" data-lazy- data-lazy- data-lazy-src=\"https:\/\/www.europesays.com\/fr\/wp-content\/uploads\/2026\/01\/Agata-Ingarden-Venus-2019-Street-Trash-Friche-La-Belle-de-Mai.webp.jpeg\"\/><strong>Agata Ingarden<\/strong> \u2013 Venus, 2019 \u2013 Street Trash \u2013 Friche La Belle de Mai<\/p>\n<p>Au printemps dernier, Social Security (Grandma\u2019s cupboard) et Social Security (Bathroom fridge), con\u00e7ues en 2022 dans le cadre d\u2019un partenariat de production pour \u00ab Barbe \u00e0 Papa \u00bb au CAPC de Bordeaux, figuraient dans l\u2019exposition \u00ab Comme un printemps, je serai nombreuse \u00bb au Panorama de la Friche.<\/p>\n<p style=\"font-size:11px\"><strong>Agata Ingarden<\/strong> \u2013 Social Security, 2022. \u00ab Comme un printemps, je serai nombreuse\u00a0\u00bb au Panorama de La Friche la Belle de Mai, 2025. Photo Adrien Mole<\/p>\n<p>En quelques ann\u00e9es, Agata Ingarden s\u2019est impos\u00e9e comme une figure marquante de la sc\u00e8ne contemporaine europ\u00e9enne. Son travail, nourri de r\u00e9cits li\u00e9s aux \u00ab\u2009post-humanit\u00e9s\u2009\u00bb et \u00e0 la science-fiction, interroge la mat\u00e9rialit\u00e9 et le corps. Il explore les conflits entre nature et architecture, les oppositions entre espace public et priv\u00e9 et l\u2019instrumentalisation des corps. Proche des r\u00e9flexions de Nicolas Bourriaud sur l\u2019anthropoc\u00e8ne et le capitaloc\u00e8ne, Agata Ingarden d\u00e9veloppe des formes sculpturales hybrides int\u00e9grant vid\u00e9o, \u00e9l\u00e9ments organiques, technologiques et architecturaux.<\/p>\n<p>Depuis 2021, elle structure sa recherche autour du projet \u00ab\u2009The Dream House World\u2009\u00bb.<br \/>Plusieurs textes d\u00e9finissent cet univers fictionnel comme \u00ab\u2009un programme imaginaire qui g\u00e9n\u00e8re une simulation de vie r\u00e9elle pour un groupe de personnages appel\u00e9s les Butterfly People, supervis\u00e9s par des personnages nomm\u00e9s Emo-Polis. Tant\u00f4t s\u00e9par\u00e9s, tant\u00f4t fusionnant en un seul personnage, les Butterfly People explorent les limites de leurs corps, de leurs \u00e9tats \u00e9motionnels et de la communication par la danse et des mouvements non structur\u00e9s. Leurs efforts et leur \u00e9nergie, qui alimentent d\u2019une part l\u2019ensemble du programme, deviennent d\u2019autre part une forme de r\u00e9volte contre les normes sociales g\u00e9n\u00e9ralis\u00e9es et un moyen de s\u2019affranchir du syst\u00e8me. La dimension \u00e9motionnelle est un terrain de jeu pour explorer l\u2019exp\u00e9rience de devenir un \u201c\u00eatre\u201d, l\u2019id\u00e9e de m\u00e9moire\u2009\u00bb.<\/p>\n<p>Quelques semaines avant le vernissage, Victorine Grataloup, directrice de Triangle-Ast\u00e9rides, souligne\u00a0: \u00ab\u2009Agata a con\u00e7u l\u2019exposition \u00e0 Marseille comme tourn\u00e9e vers l\u2019ext\u00e9rieur du \u201cDream House World\u201d\u00a0: toutes les pi\u00e8ces sont en verre et travaillent l\u2019id\u00e9e de la transparence, d\u2019intimit\u00e9s expos\u00e9es. L\u2019exposition \u00e0 la Collection y r\u00e9pond en contrepoint avec des \u0153uvres plus organiques, visc\u00e9rales. C\u2019est ce que les deux sous-titres donnent \u00e0 imaginer\u2009\u00bb.<\/p>\n<p>Pour \u00ab\u2009Au grand jour\u2009\u00bb, Agata Ingarden pr\u00e9sente des \u0153uvres in\u00e9dites en France et deux s\u00e9ries produites par Triangle-Ast\u00e9rides et la Collection Lambert. Les Hermits constituent le lien entre les deux lieux. Ces douze sculptures en verre sont r\u00e9alis\u00e9es au Cirva \u00e0 Marseille.<\/p>\n<p>Au Panorama de la Friche, \u00ab\u2009<strong>Au grand jour\/In Broad Daylight<\/strong>\u2009\u00bb s\u2019articule autour d\u2019une grande installation de 2021, In-corporate elevators. Cette architecture construite \u00e0 partir de fen\u00eatres r\u00e9cup\u00e9r\u00e9es dans un immeuble de bureaux \u00e0 Kiev abrite divers objets\u00a0: sculptures en bronze, ensembles textiles, chaussures et \u00e9crans vid\u00e9o. <\/p>\n<p><img decoding=\"async\" data-attachment-id=\"69324\" data-permalink=\"https:\/\/www.enrevenantdelexpo.com\/agata-ingarten-rescue-dummies-in-corporate-and-friends-wearing-suits-2021-centre-dart-pinchuk-kiev-06\/\" data-orig-file=\"https:\/\/i0.wp.com\/www.enrevenantdelexpo.com\/wp-content\/uploads\/2026\/01\/Agata-Ingarten-Rescue-Dummies-In-corporate-and-Friends-wearing-suits-2021.-Centre-dart-Pinchuk-Kiev-06.webp?fit=1199%2C1799&amp;ssl=1\" data-orig-size=\"1199,1799\" data-comments-opened=\"1\" data-image-meta=\"{&quot;aperture&quot;:&quot;0&quot;,&quot;credit&quot;:&quot;&quot;,&quot;camera&quot;:&quot;&quot;,&quot;caption&quot;:&quot;&quot;,&quot;created_timestamp&quot;:&quot;0&quot;,&quot;copyright&quot;:&quot;&quot;,&quot;focal_length&quot;:&quot;0&quot;,&quot;iso&quot;:&quot;0&quot;,&quot;shutter_speed&quot;:&quot;0&quot;,&quot;title&quot;:&quot;&quot;,&quot;orientation&quot;:&quot;0&quot;}\" data-image-title=\"Agata Ingarden \u2013 Rescue Dummies: In-corporate Elevators and Friends wearing Suits, 2021. Fen\u00eatres trouv\u00e9es dans un immeuble de bureaux (69 Kyrylivska, Kiev), vid\u00e9o multicanal, son, sculptures en bois, sculptures en bronze, costumes en stores de bureau, v\u00eatements faits main, chaussures, harnais, lumi\u00e8res, cire, cuivre, ruban adh\u00e9sif. Installation pour le Future Generation Art Prize 2021, prix sp\u00e9cial, Pinchuk Art Center, Kiev, 2021.\" data-image-description=\"\" data-image-caption=\"&lt;p&gt;Agata Ingarden \u2013 Rescue Dummies: In-corporate Elevators and Friends wearing Suits, 2021. Fen\u00eatres trouv\u00e9es dans un immeuble de bureaux (69 Kyrylivska, Kiev), vid\u00e9o multicanal, son, sculptures en bois, sculptures en bronze, costumes en stores de bureau, v\u00eatements faits main, chaussures, harnais, lumi\u00e8res, cire, cuivre, ruban adh\u00e9sif. Installation pour le Future Generation Art Prize 2021, prix sp\u00e9cial, Pinchuk Art Center, Kiev, 2021.&lt;\/p&gt;&#10;\" data-medium-file=\"https:\/\/i0.wp.com\/www.enrevenantdelexpo.com\/wp-content\/uploads\/2026\/01\/Agata-Ingarten-Rescue-Dummies-In-corporate-and-Friends-wearing-suits-2021.-Centre-dart-Pinchuk-Kiev-06.webp?fit=200%2C300&amp;ssl=1\" data-large-file=\"https:\/\/i0.wp.com\/www.enrevenantdelexpo.com\/wp-content\/uploads\/2026\/01\/Agata-Ingarten-Rescue-Dummies-In-corporate-and-Friends-wearing-suits-2021.-Centre-dart-Pinchuk-Kiev-06.webp?fit=682%2C1024&amp;ssl=1\" role=\"button\" tabindex=\"0\" aria-label=\"Ouvrir l\u2019image 3 sur 5 en plein \u00e9cran data-lazy-\" alt=\"Agata Ingarden - Rescue Dummies: In-corporate Elevators and Friends wearing Suits, 2021. Fen\u00eatres trouv\u00e9es dans un immeuble de bureaux (69 Kyrylivska, Kiev), vid\u00e9o multicanal, son, sculptures en bois, sculptures en bronze, costumes en stores de bureau, v\u00eatements faits main, chaussures, harnais, lumi\u00e8res, cire, cuivre, ruban adh\u00e9sif. Installation pour le Future Generation Art Prize 2021, prix sp\u00e9cial, Pinchuk Art Center, Kiev, 2021.\" data-height=\"1799\" data-id=\"69324\" data-link=\"https:\/\/www.enrevenantdelexpo.com\/agata-ingarten-rescue-dummies-in-corporate-and-friends-wearing-suits-2021-centre-dart-pinchuk-kiev-06\/\" data-url=\"https:\/\/www.enrevenantdelexpo.com\/wp-content\/uploads\/2026\/01\/Agata-Ingarten-Rescue-Dummies-In-corporate-and-Friends-wearing-suits-2021.-Centre-dart-Pinchuk-Kiev-06-682x1024.webp\" data-width=\"1199\" src=\"data:image\/svg+xml,%3Csvg%20xmlns=\" http:=\"\" data-amp-layout=\"responsive\" data-lazy-src=\"https:\/\/www.europesays.com\/fr\/wp-content\/uploads\/2026\/01\/Agata-Ingarten-Rescue-Dummies-In-corporate-and-Friends-wearing-suits-2021.-Centre-dart-Pinchuk-Kiev-.jpeg\"\/><\/p>\n<p style=\"font-size:11px\"><strong>Agata Ingarden<\/strong> \u2013 Rescue Dummies: In-corporate Elevators and Friends wearing Suits, 2021. Fen\u00eatres trouv\u00e9es dans un immeuble de bureaux (69 Kyrylivska, Kiev), vid\u00e9o multicanal, son, sculptures en bois, sculptures en bronze, costumes en stores de bureau, v\u00eatements faits main, chaussures, harnais, lumi\u00e8res, cire, cuivre, ruban adh\u00e9sif. Installation pour le Future Generation Art Prize 2021, prix sp\u00e9cial, Pinchuk Art Center, Kiev, 2021.<\/p>\n<p>Suspendues au plafond, les sculptures en verre souffl\u00e9 r\u00e9alis\u00e9es au Cirva devraient se refl\u00e9ter dans les vitrages bleut\u00e9s de l\u2019installation. Selon le communiqu\u00e9 de presse, ces Flying Hermits sont \u00ab\u2009des ermitages sans dedans, des refuges qui non seulement ne prot\u00e8gent pas, mais plus encore exposent, au double sens du terme puisque leurs vitres en expansion ont pris toute la place\u2009\u00bb\u2026<\/p>\n<p>\u00c0 la Collection Lambert, dans le grand \u00ab\u2009L\u2009\u00bb au premier \u00e9tage de l\u2019H\u00f4tel de Montfaucon, \u00ab\u2009Au<strong> grand jour\/In Broad Moonlight<\/strong>\u2009\u00bb s\u2019organise autour de cinq sculptures monumentales (s\u00e9ries Atlas et Elation) et de quatre \u0153uvres grav\u00e9es sur m\u00e9tal (Evacuation plans). <\/p>\n<p style=\"font-size:11px\"><strong>Agata Ingarden<\/strong>, Elation, 2025. El\u00e9ments d\u2019ascenseurs trouv\u00e9s, acier inoxydable, acier galvanis\u00e9, cordes d\u2019instruments, moulages en bronze, adh\u00e9sif, boulons, vis, fils d\u2019acier, fil de cuivre. Photos \u00a9Tomasz Koszewnik, courtesy of the artist and Gdansk City Gallery et Evacuation Plan 2, 2024. Plaque de cuivre, impression UV, oxydation, vernis, cadre en aluminium<\/p>\n<p>Elles ont, semble-t-il, \u00e9t\u00e9 pr\u00e9sent\u00e9es dans <a href=\"https:\/\/ggm.gda.pl\/en\/29636\/elations\/\" target=\"_blank\" rel=\"noreferrer noopener\">\u00ab\u2009Elations\u2009\u00bb \u00e0 la Gdanska Galeria Miejska<\/a> au printemps dernier. Six Hermits muraux accompagnent cet ensemble.<\/p>\n<p>Par l\u2019ampleur du projet et l\u2019exigence des lieux, cette double exposition personnelle constituera sans doute un moment important dans le parcours d\u2019Agata Ingarden.<\/p>\n<p>Chronique \u00e0 suivre apr\u00e8s les vernissages.<br \/>\u00c0 lire, ci-dessous, quelques rep\u00e8res biographiques et des extraits de textes de son portfolio \u00e0 propos de \u00ab\u2009The Dream House World\u2009\u00bb et de \u00ab\u2009Rescue Dummies : In-corporate and Friends wearing suits\u2009\u00bb.<\/p>\n<p><strong>En savoir plus\u00a0:<br \/><\/strong>Sur le <a href=\"https:\/\/triangle-asterides.org\/fr\/expositions\/au-grand-jour\" target=\"_blank\" rel=\"noreferrer noopener\">site de <strong>Triangle-Ast\u00e9rides<\/strong><\/a><br \/>Suivre l\u2019actualit\u00e9 de <strong>Triangle-Ast\u00e9rides<\/strong> sur <strong><a href=\"https:\/\/www.instagram.com\/triangle_asterides\/?hl=fr\" target=\"_blank\" rel=\"noreferrer noopener\">Instagram<\/a><\/strong><br \/>Sur le <a href=\"https:\/\/collectionlambert.com\/exposition\/agata-ingarden\/\" target=\"_blank\" rel=\"noreferrer noopener\">site de la <strong>Collection Lambert<\/strong><\/a><br \/>Suivre l\u2019actualit\u00e9 de la <strong>Collection Lambert<\/strong> sur <strong><a href=\"https:\/\/www.facebook.com\/collectionlambert.avignon\" target=\"_blank\" rel=\"noreferrer noopener\">Facebook<\/a> et <a href=\"https:\/\/www.instagram.com\/collection_lambert\/?hl=fr\" target=\"_blank\" rel=\"noreferrer noopener\">Instagram<\/a><\/strong><br \/>Sur le <a href=\"https:\/\/agataingardenstudio.com\/\" target=\"_blank\" rel=\"noreferrer noopener\">site d\u2019<strong>Agata Ingarden<\/strong><\/a> et sur <strong><a href=\"https:\/\/www.instagram.com\/agingarden\/\" target=\"_blank\" rel=\"noreferrer noopener\">Instagram<\/a><\/strong><br \/>Sur le <a href=\"https:\/\/bertholdpott.com\/artists\/agata-ingarden\/\" target=\"_blank\" rel=\"noopener\">site de la <strong>galerie Berthold Pott<\/strong><\/a>, Cologne<br \/>\u00c0 voir cette conf\u00e9rence d\u2019Agata Ingarden enregistr\u00e9e le 19 mars 2024 \u00e0 l\u2019Ensad Limoges<\/p>\n<p><strong>Agata Ingarden\u00a0: rep\u00e8res biographiques<\/strong><\/p>\n<p>Agata Ingarden (n\u00e9e en 1994 en Pologne) vit et travaille \u00e0 Paris.<br \/>Etudes aux Beaux-Arts de Paris (2016-2018) et \u00e0 la Cooper Union de Brooklyn (2016-2017).<\/p>\n<p>Elle utilise plusieurs m\u00e9dias et sa pratique sculpturale s\u2019\u00e9tend \u00e0 des \u0153uvres collaboratives combinant vid\u00e9o, performance, son et \u00e9criture. Sa pratique est motiv\u00e9e par la recherche mat\u00e9rielle ainsi que par des investigations dans les domaines des post-humanit\u00e9s, de la sociologie, de la science-fiction et des r\u00e9cits mythiques.<\/p>\n<p><strong>Expositions r\u00e9centes<\/strong><br \/><strong>2025\u00a0: <\/strong>\u00ab\u00a0Desire Path\u00a0\u00bb, exposition personnelle \u00e0 la Kunsthalle Appenzell, Suisse (octobre 2025- f\u00e9vrier 2026)\u00a0; \u00ab\u00a0Elations\u00a0\u00bb, exposition personnelle \u00e0 la Gdansk Galeria Miejska, Pologne (avril-juin 2025)\u00a0; \u00ab\u00a0EmoPolis\u00a0\u00bb, exposition personnelle au Museum Sztuki, \u0141\u00f3d\u017a, Pologne (11 octobre 2024 \u2013 9 f\u00e9vrier 2025)\u00a0; \u00ab\u00a0Comme un printemps\u00a0\u00bb, exposition collective \u00e0 Triangles Asteroids, Marseille, France (f\u00e9vrier-juin 2025).<strong><br \/>2024\u00a0: <\/strong>\u00ab\u00a0Shifting\u00a0\u00bb, One Minute Club. Ath\u00e8nes, Gr\u00e8ce, commissariat : Florent Frizet (janvier\/f\u00e9vrier 2024)\u00a0; \u00ab\u00a0Huidenclub\u00a0\u00bb, Rotterdam, commissariat : Leo Orta et Oliver Zeitoun (Centre Pompidou) (f\u00e9vrier\/mars 2024)\u00a0; \u00ab Stranger Things \u00bb \u00e0 la Neue Galerie Gladbeck, Allemagne, avec J\u00fcrgen Klauke, Valie Export, Toni Schmale et Joanna Pietrowska (mai\/juin)\u00a0; Liste Basel avec Piktogramm (juin)\u00a0; Eclipse \u00e0 66P Subjective Institution of Culture Poland, commissariat : Agnieszka Pindera (juin\/juillet)\u00a0; Biennale de Gwangju, commissariat : Nicolas Bourreaud, Cor\u00e9e du Sud (7 septembre \u2013 1er d\u00e9cembre 2024) \/ Exposition collective au Mus\u00e9e national de Cracovie, Pologne (d\u00e9cembre 2024 \u2013 avril 2025) <strong\/><\/p>\n<p>Expositions pass\u00e9es (s\u00e9lection) :<br \/>Centro de Cultura Digital, Mexico (2023)\u00a0;CAPC, Bordeaux (2022), commissariat de C\u00e9dric Fauq)\u00a0; The Radicants : \u00ab Changement climatique \u00bb, commissariat : Nicolas Bourriaud, Palazzo Bollani, Venise (2022)\u00a0; Fondation Fiminco, Paris (2022)\u00a0; Centre d\u2019art Pinchuk, Kiev (2021) Kunstfort bij Vijhuizen, Pays-Bas (2021) ; Muzeum Sztuki Lodz, Lodz (2021) ; Art Encounters Biennial, Timi\u0219oara (2021)\u00a0; le Mus\u00e9e de Sil\u00e9sie, Katowice (2020) ; le Nassauischer Kunstverein Wiesbaden (2020) ; le K\u00fcnstlerhaus, Vienne (2020) ; Palais de Tokyo, Paris (2019) ; le Frac, \u00eele-de-France, Paris (2019) ; le Mo.Co, La Panac\u00e9e, Montpellier (2019)<\/p>\n<p><strong>R\u00e9sidences :<br \/><\/strong>Fondation Fiminco, Paris, France (2021-22), Cit\u00e9 internationale des arts, Paris, France (2021), A l\u2019\u0153uvre, Lafayette Anticipations, Paris, France (2020), La Totale, Les studios Orta, France (2020), Villa Belleville, Paris, France (2018), Leo XIII Gastatelier, Tilburg, Pays-Bas (2018)<\/p>\n<p>The Dream House World<\/p>\n<p>Le projet \u00ab\u00a0The Dream House World\u00a0\u00bb a d\u00e9but\u00e9 avec l\u2019exposition \u00ab\u00a0Rescue dummies\u00a0\u00bb, pr\u00e9sent\u00e9e \u00e0 Kiev en 2021 dans le cadre du Future Generation Art Prize au Pinchuk ArtCentre, et s\u2019est poursuivi \u00e0 travers plusieurs \u0153uvres\u00a0: \u00ab\u00a0Inside The Dream House\u00a0\u00bb (2022) et \u00ab\u00a0Mushroom Brain\u00a0\u00bb (2022), toutes deux expos\u00e9es \u00e0 la Fondation Fiminco \u00e0 Paris en 2022, ainsi que \u00ab\u00a04Rooms\u00a0\u00bb (2023), une installation vid\u00e9o pr\u00e9sent\u00e9e au Festival Tono, d\u00e9di\u00e9 \u00e0 la performance, \u00e0 la danse et \u00e0 l\u2019art vid\u00e9o, au Centro de Cultura Digital de Mexico.<\/p>\n<p>Rescue Dummies : In-corporate and Friends wearing suits (2021)<\/p>\n<p>Prix sp\u00e9cial Future Generation Art Prize 2021, Centre d\u2019art Pinchuk, Kiev.<\/p>\n<p>L\u2019installation d\u2019Agata Ingarden est une structure architecturale compos\u00e9e de fen\u00eatres r\u00e9cup\u00e9r\u00e9es dans un immeuble de bureaux de Kiev. Ces fen\u00eatres abritent divers objets : moules en bois, sculptures en bronze, ensembles textiles (deux mod\u00e8les), chaussures de cyclisme modifi\u00e9es et \u00e9crans vid\u00e9o. La pi\u00e8ce, d\u00e9barrass\u00e9e de ses plaques de pl\u00e2tre blanches et de son faux plafond, r\u00e9v\u00e8le un syst\u00e8me de ventilation et une composition \u00e9clectique. Entre les reflets kal\u00e9idoscopiques du verre semi-transparent se dessine un r\u00e9seau d\u2019ascenseurs, de couloirs et de sous-sols, cr\u00e9ant une dimension \u00e9motionnelle, \u00e0 la fois r\u00e9elle et accessible par les \u00e9crans. Les objets en bois et en bronze sont inspir\u00e9s des mannequins de sauvetage utilis\u00e9s pour l\u2019entra\u00eenement au sauvetage aquatique. Les moules en bois sont peupl\u00e9s de champignons arborescents scann\u00e9s en 3D, qui poussent g\u00e9n\u00e9ralement \u00e0 l\u2019horizontale. Ici, en se tournant dans toutes les directions, elles indiquent soudainement un point de gravit\u00e9 diff\u00e9rent ou changeant, tout en imitant un syst\u00e8me imaginaire d\u2019organes internes. Des pi\u00e8ces de bronze, recouvertes de cire rouge \u00e0 modeler \u00e0 l\u2019ext\u00e9rieur, polies \u00e0 l\u2019int\u00e9rieur et oxyd\u00e9es sur les bords, \u00e9voquent des armures. Les costumes sont compos\u00e9s de multiples couches cousues ensemble, avec des points de couture apparents. Jouant avec l\u2019id\u00e9e de moule, Ingarden nous pr\u00e9sente diff\u00e9rentes coquilles sculpturales, faisant r\u00e9f\u00e9rence \u00e0 la multiplicit\u00e9 des couches qui composent le Corps, anim\u00e9 par l\u2019installation. Ce d\u00e9cor plonge le public dans un univers ludique.<br \/>Dream House \u2013 un programme imaginaire g\u00e9n\u00e9rant une simulation de la vie r\u00e9elle pour un groupe de personnages appel\u00e9s les Butterfly People et supervis\u00e9s par des personnages nomm\u00e9s la Police \u00c9motionnelle. Tant\u00f4t s\u00e9par\u00e9s, tant\u00f4t fusionnant en un seul personnage, les Butterfly People explorent les limites de leurs corps, de leurs \u00e9tats \u00e9motionnels et de la communication par la danse et des mouvements non structur\u00e9s. Leurs efforts et leur \u00e9nergie, qui alimentent d\u2019une part l\u2019ensemble du programme, deviennent d\u2019autre part une forme de r\u00e9volte contre les normes sociales g\u00e9n\u00e9ralis\u00e9es et un moyen de s\u2019affranchir du syst\u00e8me. La dimension \u00e9motionnelle est un terrain de jeu pour explorer l\u2019exp\u00e9rience de devenir un \u00ab \u00eatre \u00bb, l\u2019id\u00e9e de m\u00e9moire.<\/p>\n<p><script async src=\"\/\/www.instagram.com\/embed.js\"><\/script><\/p>\n","protected":false},"excerpt":{"rendered":"Jusqu\u2019\u00e0 la fin avril 2026, Agata Ingarden pr\u00e9sente \u00ab\u2009Au grand jour\u2009\u00bb, une double exposition personnelle con\u00e7ue par Triangle-Ast\u00e9rides,&hellip;\n","protected":false},"author":2,"featured_media":663849,"comment_status":"","ping_status":"","sticky":false,"template":"","format":"standard","meta":{"footnotes":""},"categories":[2814],"tags":[1111,11,76482,76483,76484,1777,674,1011,27,36350,884,12,882,25,55830],"class_list":{"0":"post-663848","1":"post","2":"type-post","3":"status-publish","4":"format-standard","5":"has-post-thumbnail","7":"category-marseille","8":"tag-actu","9":"tag-actualites","10":"tag-agata-ingarden","11":"tag-cirva","12":"tag-collection-lambert","13":"tag-eu","14":"tag-europe","15":"tag-fr","16":"tag-france","17":"tag-friche-la-belle-de-mai","18":"tag-marseille","19":"tag-news","20":"tag-provence-alpes-cote-dazur","21":"tag-republique-francaise","22":"tag-triangle-asterides"},"share_on_mastodon":{"url":"https:\/\/pubeurope.com\/@fr\/115895622970378562","error":""},"_links":{"self":[{"href":"https:\/\/www.europesays.com\/fr\/wp-json\/wp\/v2\/posts\/663848","targetHints":{"allow":["GET"]}}],"collection":[{"href":"https:\/\/www.europesays.com\/fr\/wp-json\/wp\/v2\/posts"}],"about":[{"href":"https:\/\/www.europesays.com\/fr\/wp-json\/wp\/v2\/types\/post"}],"author":[{"embeddable":true,"href":"https:\/\/www.europesays.com\/fr\/wp-json\/wp\/v2\/users\/2"}],"replies":[{"embeddable":true,"href":"https:\/\/www.europesays.com\/fr\/wp-json\/wp\/v2\/comments?post=663848"}],"version-history":[{"count":0,"href":"https:\/\/www.europesays.com\/fr\/wp-json\/wp\/v2\/posts\/663848\/revisions"}],"wp:featuredmedia":[{"embeddable":true,"href":"https:\/\/www.europesays.com\/fr\/wp-json\/wp\/v2\/media\/663849"}],"wp:attachment":[{"href":"https:\/\/www.europesays.com\/fr\/wp-json\/wp\/v2\/media?parent=663848"}],"wp:term":[{"taxonomy":"category","embeddable":true,"href":"https:\/\/www.europesays.com\/fr\/wp-json\/wp\/v2\/categories?post=663848"},{"taxonomy":"post_tag","embeddable":true,"href":"https:\/\/www.europesays.com\/fr\/wp-json\/wp\/v2\/tags?post=663848"}],"curies":[{"name":"wp","href":"https:\/\/api.w.org\/{rel}","templated":true}]}}