{"id":663850,"date":"2026-01-14T21:40:11","date_gmt":"2026-01-14T21:40:11","guid":{"rendered":"https:\/\/www.europesays.com\/fr\/663850\/"},"modified":"2026-01-14T21:40:11","modified_gmt":"2026-01-14T21:40:11","slug":"municipales-2026-a-marseille-martine-vassal-promet-notamment-la-gratuite-des-transports-pour-les-moins-de-26-ans","status":"publish","type":"post","link":"https:\/\/www.europesays.com\/fr\/663850\/","title":{"rendered":"Municipales 2026 \u00e0 Marseille\u00a0: Martine Vassal promet notamment la gratuit\u00e9 des transports pour les moins de 26 ans"},"content":{"rendered":"<p>Martine Vassal\u00a0a d\u00e9taill\u00e9 ce mercredi soir une s\u00e9rie de mesures \u00e0 destination des jeunes, dans le cadre de la campagne des municipales\u00a0: gratuit\u00e9 des transports pour les moins de 26 ans, une Maison de sant\u00e9 pour les \u00e9tudiants ou encore le doublement des places en cr\u00e8che pour les plus jeunes.<\/p>\n<p>Lors d&rsquo;un forum de la jeunesse organis\u00e9 ce mercredi 14 janvier \u00e0 Marseille, Martine Vassal\u00a0a d\u00e9taill\u00e9 une s\u00e9rie de mesures \u00e0 destination des jeunes, dans le cadre de la campagne des municipales. La\u00a0candidate de l\u2019union de la droite et du centre promet notamment\u00a0la <strong>gratuit\u00e9 des transports pour les moins de 26 ans<\/strong> (contre 11 ans actuellement), une mesure qui n&rsquo;est pas de la comp\u00e9tence municipales, mais qui pourra \u00eatre mise en oeuvre si elle conserve la t\u00eate de la M\u00e9tropole Aix-Marseille-Provence.<\/p>\n<p>Le logement et l&rsquo;acc\u00e8s \u00e0 la sant\u00e9 pour les plus \u00e2g\u00e9s<\/p>\n<p>Devant 200 jeunes r\u00e9unis au Rowing Club (7e arrondissement), Martine Vassal annonce aussi qu&rsquo;elle \u00ab\u00a0utilisera son <strong>droit de pr\u00e9emption<\/strong> en centre-ville pour faciliter l\u2019acc\u00e8s au logement \u00e9tudiant\u00a0\u00bb ou encore la cr\u00e9ation d\u2019une <strong>Maison de sant\u00e9<\/strong> d\u00e9di\u00e9e aux \u00e9tudiants sur la Canebi\u00e8re.<\/p>\n<p>Les \u00e9tudiants pourront b\u00e9n\u00e9ficier \u00e9galement de l&rsquo;<strong>ouverture des biblioth\u00e8ques<\/strong> \u00ab\u00a0jusqu&rsquo;\u00e0 21h, avec des ouvertures nocturnes durant les p\u00e9riodes d\u2019examens\u00a0\u00bb.<\/p>\n<p>Une fois les \u00e9tudes termin\u00e9es, Martine Vassal annonce pour les jeunes actifs\u00a0<strong>un pr\u00eat \u00e0 taux z\u00e9ro municipal<\/strong> pour les primoacc\u00e9dants. \u00ab\u00a0Je veux que vous soyez propri\u00e9taires\u00a0\u00bb\u00a0a-t-elle affirm\u00e9.<\/p>\n<p>Un \u00ab\u00a0Plan Charlemagne\u00a0\u00bb pour les plus jeunes<\/p>\n<p>Sur le volet \u00e9ducatif, la candidate de la droite et du centre promet le doublement des places en cr\u00e8ches et un renforcement de l\u2019aide aux devoirs.<\/p>\n<p>  <img decoding=\"async\" src=\"https:\/\/www.europesays.com\/fr\/wp-content\/uploads\/2026\/01\/1768426811_188_1280.jpeg\" alt=\"illustration agrandir l'image\" style=\"--_image-preview:url('data:image\/jpeg;base64,\/9j\/2wBDACgcHiMeGSgjISMtKygwPGRBPDc3PHtYXUlkkYCZlo+AjIqgtObDoKrarYqMyP\/L2u71\/\/\/\/m8H\/\/\/\/6\/+b9\/\/j\/2wBDASstLTw1PHZBQXb4pYyl+Pj4+Pj4+Pj4+Pj4+Pj4+Pj4+Pj4+Pj4+Pj4+Pj4+Pj4+Pj4+Pj4+Pj4+Pj4+Pj4+Pj\/wAARCAAfACoDASIAAhEBAxEB\/8QAFwABAQEBAAAAAAAAAAAAAAAAAgEDAP\/EABgQAQEBAQEAAAAAAAAAAAAAAAABAhES\/8QAFgEBAQEAAAAAAAAAAAAAAAAAAAEC\/8QAFREBAQAAAAAAAAAAAAAAAAAAABH\/2gAMAwEAAhEDEQA\/ANdbZa2F0F0zGiuguktG0FtTo2p1Ub0K11GeoAVFrpATjuHMr5B\/\/9k=');\" loading=\"lazy\" fetchpriority=\"low\" class=\"svelte-1cksh76 rounded\" onload=\"this.__e=event\" onerror=\"this.__e=event\"\/> Martine Vassal, lors de ses annonces pour la jeunesse au Rowing Club de Marseille (7e) \u00a9 Aucun(e) &#8211; \u00e9quipe de campagne\/ Martine Vassal  <\/p>\n","protected":false},"excerpt":{"rendered":"Martine Vassal\u00a0a d\u00e9taill\u00e9 ce mercredi soir une s\u00e9rie de mesures \u00e0 destination des jeunes, dans le cadre de&hellip;\n","protected":false},"author":2,"featured_media":663851,"comment_status":"","ping_status":"","sticky":false,"template":"","format":"standard","meta":{"footnotes":""},"categories":[2814],"tags":[1111,11,1777,674,1011,27,884,12,882,25],"class_list":{"0":"post-663850","1":"post","2":"type-post","3":"status-publish","4":"format-standard","5":"has-post-thumbnail","7":"category-marseille","8":"tag-actu","9":"tag-actualites","10":"tag-eu","11":"tag-europe","12":"tag-fr","13":"tag-france","14":"tag-marseille","15":"tag-news","16":"tag-provence-alpes-cote-dazur","17":"tag-republique-francaise"},"share_on_mastodon":{"url":"https:\/\/pubeurope.com\/@fr\/115895626940927818","error":""},"_links":{"self":[{"href":"https:\/\/www.europesays.com\/fr\/wp-json\/wp\/v2\/posts\/663850","targetHints":{"allow":["GET"]}}],"collection":[{"href":"https:\/\/www.europesays.com\/fr\/wp-json\/wp\/v2\/posts"}],"about":[{"href":"https:\/\/www.europesays.com\/fr\/wp-json\/wp\/v2\/types\/post"}],"author":[{"embeddable":true,"href":"https:\/\/www.europesays.com\/fr\/wp-json\/wp\/v2\/users\/2"}],"replies":[{"embeddable":true,"href":"https:\/\/www.europesays.com\/fr\/wp-json\/wp\/v2\/comments?post=663850"}],"version-history":[{"count":0,"href":"https:\/\/www.europesays.com\/fr\/wp-json\/wp\/v2\/posts\/663850\/revisions"}],"wp:featuredmedia":[{"embeddable":true,"href":"https:\/\/www.europesays.com\/fr\/wp-json\/wp\/v2\/media\/663851"}],"wp:attachment":[{"href":"https:\/\/www.europesays.com\/fr\/wp-json\/wp\/v2\/media?parent=663850"}],"wp:term":[{"taxonomy":"category","embeddable":true,"href":"https:\/\/www.europesays.com\/fr\/wp-json\/wp\/v2\/categories?post=663850"},{"taxonomy":"post_tag","embeddable":true,"href":"https:\/\/www.europesays.com\/fr\/wp-json\/wp\/v2\/tags?post=663850"}],"curies":[{"name":"wp","href":"https:\/\/api.w.org\/{rel}","templated":true}]}}