{"id":663852,"date":"2026-01-14T21:41:22","date_gmt":"2026-01-14T21:41:22","guid":{"rendered":"https:\/\/www.europesays.com\/fr\/663852\/"},"modified":"2026-01-14T21:41:22","modified_gmt":"2026-01-14T21:41:22","slug":"les-blacks-allez-dans-la-jungle","status":"publish","type":"post","link":"https:\/\/www.europesays.com\/fr\/663852\/","title":{"rendered":"Les blacks, allez dans la jungle"},"content":{"rendered":"<p>                    Par<br \/>\n        <strong><br \/>\n            <a href=\"https:\/\/actu.fr\/auteur\/anthony-soudani\" title=\"Consulter tous les articles de Anthony Soudani\" target=\"_blank\" rel=\"noopener\">Anthony Soudani<\/a><br \/>\n                    <\/strong><\/p>\n<p>        Publi\u00e9 le<\/p>\n<p>            14 janv. 2026 \u00e0 18h07        <\/p>\n<p>Etam au c\u0153ur d\u2019une pol\u00e9mique dont l\u2019enseigne se serait bien pass\u00e9e. <strong>Un vigile<\/strong> de leur magasin de <a href=\"https:\/\/actu.fr\/auvergne-rhone-alpes\/villefontaine_38553\/pres-de-lyon-le-centre-the-village-annonce-des-resultats-insolents-en-plein-marasme-du-commerce_63426912.html\" target=\"_blank\" rel=\"noopener\">The Village<\/a>, grand centre commercial outlet situ\u00e9 \u00e0 Villefontaine, pr\u00e8s de <a href=\"https:\/\/actu.fr\/lyon\/\" target=\"_blank\" rel=\"noopener\">Lyon<\/a>, a prof\u00e9r\u00e9 des insultes racistes apr\u00e8s la d\u00e9faite de l\u2019<a href=\"https:\/\/actu.fr\/auvergne-rhone-alpes\/lyon_69123\/can-l-algerie-se-qualifie-fete-et-debordements-signales-a-lyon-la-police-intervient_63662021.html\" target=\"_blank\" rel=\"noopener\">Alg\u00e9rie<\/a> face au Nig\u00e9ria lors de la Coupe d\u2019Afrique des Nations.<\/p>\n<p class=\" wall-content\">La s\u00e9quence qu\u2019il a lui-m\u00eame diffus\u00e9e sur son compte TikTok, LyonnaisKabyle (depuis supprim\u00e9), a \u00e9t\u00e9 largement relay\u00e9e sur X ce mercredi 14 janvier, au point que la marque sp\u00e9cialis\u00e9e dans la lingerie f\u00e9minine a d\u00fb r\u00e9agir.\u00a0<\/p>\n<p>\u00ab\u00a0Retournez dans la jungle, retournez dans les cages\u00a0\u00bb<\/p>\n<p class=\" wall-content\">\u00ab\u00a0Retournez dans la jungle, retournez dans les cages\u00a0\u00bb, lance-t-il face cam\u00e9ra en s\u2019adressant \u00e0 l\u2019arbitre s\u00e9n\u00e9galais du match, Issa Sy. \u00ab\u00a0Les Blancs \u00e0 l\u2019\u00e9poque, ils vous ont colonis\u00e9s, <strong>ils vous ont mis dans les cages. Wallah, ils ont raison<\/strong>. Votre place est dans les cages\u00a0\u00bb, poursuit-il, choquant de nombreux internautes.\u00a0<\/p>\n<p class=\" wall-content\">\n<p class=\" wall-content\">Le vigile va m\u00eame encore plus loin dans le racisme en traitant l\u2019arbitre s\u00e9n\u00e9galais \u00ab\u00a0d\u2019esclave\u00a0\u00bb. \u00ab\u00a0C\u2019est \u00e7a le foot africain ? Restez dans la jungle. Je vous conseille d\u2019aller dans la jungle, vous les Blacks.\u00a0\u00bb<\/p>\n<p>La direction d\u2019Etam r\u00e9agit au scandale<\/p>\n<p class=\" wall-content\">Apr\u00e8s des v\u00e9rifications men\u00e9es par la r\u00e9daction d\u2019actu Lyon, il s\u2019agit bien d\u2019un agent travaillant au magasin d\u2019Etam de Villefontaine (Is\u00e8re).<\/p>\n<p class=\" wall-content\">La direction d\u2019Etam a r\u00e9agi sur son compte X : \u00ab\u00a0Les propos rapport\u00e9s sont inacceptables et vont \u00e0 l\u2019encontre des valeurs d\u2019Etam, fond\u00e9es sur le respect, l\u2019inclusion et la diversit\u00e9. L\u2019incident a \u00e9t\u00e9 imm\u00e9diatement signal\u00e9 \u00e0 notre prestataire et <strong>l\u2019agent concern\u00e9 ne sera plus pr\u00e9sent<\/strong> dans notre magasin.\u00a0\u00bb<\/p>\n<p class=\" wall-content\">\n<p class=\" wall-content\">Le groupe ajoute : \u00ab\u00a0Nous restons pleinement mobilis\u00e9s pour garantir un environnement respectueux pour toutes et tous.\u00a0\u00bb<\/p>\n<p class=\" wall-content\">Personnalisez votre actualit\u00e9 en ajoutant vos villes et m\u00e9dias en favori avec <a href=\"https:\/\/moncompte.actu.fr\" title=\"D\u00e9couvez Mon Actu\" rel=\"nofollow noopener\" data-trk=\"{&quot;cta&quot;:{&quot;action&quot;:&quot;https:\\\/\\\/moncompte.actu.fr&quot;,&quot;category&quot;:&quot;mon compte&quot;,&quot;from&quot;:&quot;article footer&quot;,&quot;name&quot;:&quot;Mon actu&quot;,&quot;type&quot;:&quot;cta&quot;}}\" target=\"_blank\">Mon Actu<\/a>.<\/p>\n","protected":false},"excerpt":{"rendered":"Par Anthony Soudani Publi\u00e9 le 14 janv. 2026 \u00e0 18h07 Etam au c\u0153ur d\u2019une pol\u00e9mique dont l\u2019enseigne se&hellip;\n","protected":false},"author":2,"featured_media":663853,"comment_status":"","ping_status":"","sticky":false,"template":"","format":"standard","meta":{"footnotes":""},"categories":[1889],"tags":[1111,11,15,2430,1777,674,1011,27,2428,12,25,104,2439],"class_list":{"0":"post-663852","1":"post","2":"type-post","3":"status-publish","4":"format-standard","5":"has-post-thumbnail","7":"category-lyon","8":"tag-actu","9":"tag-actualites","10":"tag-algerie","11":"tag-auvergne-rhone-alpes","12":"tag-eu","13":"tag-europe","14":"tag-fr","15":"tag-france","16":"tag-lyon","17":"tag-news","18":"tag-republique-francaise","19":"tag-societe","20":"tag-tiktok"},"share_on_mastodon":{"url":"https:\/\/pubeurope.com\/@fr\/115895630815640224","error":""},"_links":{"self":[{"href":"https:\/\/www.europesays.com\/fr\/wp-json\/wp\/v2\/posts\/663852","targetHints":{"allow":["GET"]}}],"collection":[{"href":"https:\/\/www.europesays.com\/fr\/wp-json\/wp\/v2\/posts"}],"about":[{"href":"https:\/\/www.europesays.com\/fr\/wp-json\/wp\/v2\/types\/post"}],"author":[{"embeddable":true,"href":"https:\/\/www.europesays.com\/fr\/wp-json\/wp\/v2\/users\/2"}],"replies":[{"embeddable":true,"href":"https:\/\/www.europesays.com\/fr\/wp-json\/wp\/v2\/comments?post=663852"}],"version-history":[{"count":0,"href":"https:\/\/www.europesays.com\/fr\/wp-json\/wp\/v2\/posts\/663852\/revisions"}],"wp:featuredmedia":[{"embeddable":true,"href":"https:\/\/www.europesays.com\/fr\/wp-json\/wp\/v2\/media\/663853"}],"wp:attachment":[{"href":"https:\/\/www.europesays.com\/fr\/wp-json\/wp\/v2\/media?parent=663852"}],"wp:term":[{"taxonomy":"category","embeddable":true,"href":"https:\/\/www.europesays.com\/fr\/wp-json\/wp\/v2\/categories?post=663852"},{"taxonomy":"post_tag","embeddable":true,"href":"https:\/\/www.europesays.com\/fr\/wp-json\/wp\/v2\/tags?post=663852"}],"curies":[{"name":"wp","href":"https:\/\/api.w.org\/{rel}","templated":true}]}}