{"id":663854,"date":"2026-01-14T21:42:17","date_gmt":"2026-01-14T21:42:17","guid":{"rendered":"https:\/\/www.europesays.com\/fr\/663854\/"},"modified":"2026-01-14T21:42:17","modified_gmt":"2026-01-14T21:42:17","slug":"lyon-un-collectif-de-femmes-sans-abri-a-tente-doccuper-un-gymnase","status":"publish","type":"post","link":"https:\/\/www.europesays.com\/fr\/663854\/","title":{"rendered":"Lyon. Un collectif de femmes sans-abri a tent\u00e9 d\u2019occuper un gymnase"},"content":{"rendered":"<p class=\"insetTitle\">La r\u00e9ponse de la Ville de Lyon<\/p>\n<p>La Ville de Lyon mobilise des moyens in\u00e9dits pour aider les familles \u00e0 la rue. Pour autant, elle ne peut pas accepter que des \u00e9quipements municipaux soient utilis\u00e9s sans autorisation au d\u00e9triment des usagers. C\u2019est le cas ce jour au gymnase Mazenod dans le 3e arrondissement. Une nouvelle fois, la municipalit\u00e9 en appelle \u00e0 une mobilisation des services de l&rsquo;\u00c9tat \u00e0 la hauteur des besoins. Le 9 janvier dernier, en l\u2019absence persistante de solutions d\u2019h\u00e9bergement d\u2019urgence propos\u00e9es par l\u2019\u00c9tat, des dizaines de familles avec de jeunes enfants ont d\u00e9cid\u00e9 d\u2019occuper des modulaires install\u00e9s au parc Blandan. Malgr\u00e9 une exploitation d\u2019une partie du site par des services municipaux, la Ville de Lyon a d\u00e9cid\u00e9 d\u2019en autoriser son occupation temporaire.<\/p>\n<p>Au total, ce sont 27 familles repr\u00e9sentant 80 enfants qui sont aujourd\u2019hui mises \u00e0 l\u2019abri jusqu\u2019\u00e0 la fin de la tr\u00eave hivernale. Et l\u2019occupation de certaines \u00e9coles de la ville se poursuivent. Ce mercredi 14 janvier, plusieurs personnes ont tent\u00e9 d\u2019occuper le gymnase Mazenod dans le 3e arrondissement. La Ville de Lyon tient \u00e0 rappeler que les gymnases ne sont pas des centres d\u2019h\u00e9bergement. Ils ne peuvent \u00eatre mobilis\u00e9s qu\u2019\u00e0 titre exceptionnel, notamment lors de l\u2019activation du plan grand froid ou du plan canicule. L\u2019occupation cibl\u00e9e d\u2019\u00e9quipements exclusivement municipaux n\u2019est pas acceptable. Alors que l\u2019h\u00e9bergement d\u2019urgence rel\u00e8ve de la comp\u00e9tence de l\u2019\u00c9tat, la Ville de Lyon poursuit son engagement pour \u00e9viter que des enfants et leurs familles ne se retrouvent \u00e0 la rue.<\/p>\n<p>En 2025, pr\u00e8s de 3 millions d\u2019euros ont ainsi \u00e9t\u00e9 consacr\u00e9s \u00e0 l\u2019h\u00e9bergement d\u2019urgence et \u00e0 la lutte contre le sans-abrisme, auxquels s\u2019ajoutent 1,4 million d\u2019euros de subventions vers\u00e9es aux associations oeuvrant dans ce domaine. Tout en r\u00e9affirmant son engagement plein et entier dans la lutte contre le sans-abrisme, la Ville de Lyon appelle une nouvelle fois l\u2019\u00c9tat \u00e0 assumer pleinement ses responsabilit\u00e9s. Depuis cinq ans la municipalit\u00e9 mobilise des moyens humains et financiers sans pr\u00e9c\u00e9dent au-del\u00e0 de son champ de comp\u00e9tence ce qui l\u2019a conduite \u00e0 engager deux recours indemnitaires afin de faire reconna\u00eetre la responsabilit\u00e9 de l\u2019\u00c9tat et obtenir le remboursement des prises en charge assur\u00e9es par la collectivit\u00e9.<\/p>\n","protected":false},"excerpt":{"rendered":"La r\u00e9ponse de la Ville de Lyon La Ville de Lyon mobilise des moyens in\u00e9dits pour aider les&hellip;\n","protected":false},"author":2,"featured_media":663855,"comment_status":"","ping_status":"","sticky":false,"template":"","format":"standard","meta":{"footnotes":""},"categories":[1889],"tags":[1111,11,2430,2757,1777,674,1011,27,1908,2428,2756,12,25,2429,104],"class_list":{"0":"post-663854","1":"post","2":"type-post","3":"status-publish","4":"format-standard","5":"has-post-thumbnail","7":"category-lyon","8":"tag-actu","9":"tag-actualites","10":"tag-auvergne-rhone-alpes","11":"tag-edition-lyon-villeurbanne","12":"tag-eu","13":"tag-europe","14":"tag-fr","15":"tag-france","16":"tag-logement","17":"tag-lyon","18":"tag-lyon-bassin","19":"tag-news","20":"tag-republique-francaise","21":"tag-rhone","22":"tag-societe"},"share_on_mastodon":{"url":"https:\/\/pubeurope.com\/@fr\/115895634681861929","error":""},"_links":{"self":[{"href":"https:\/\/www.europesays.com\/fr\/wp-json\/wp\/v2\/posts\/663854","targetHints":{"allow":["GET"]}}],"collection":[{"href":"https:\/\/www.europesays.com\/fr\/wp-json\/wp\/v2\/posts"}],"about":[{"href":"https:\/\/www.europesays.com\/fr\/wp-json\/wp\/v2\/types\/post"}],"author":[{"embeddable":true,"href":"https:\/\/www.europesays.com\/fr\/wp-json\/wp\/v2\/users\/2"}],"replies":[{"embeddable":true,"href":"https:\/\/www.europesays.com\/fr\/wp-json\/wp\/v2\/comments?post=663854"}],"version-history":[{"count":0,"href":"https:\/\/www.europesays.com\/fr\/wp-json\/wp\/v2\/posts\/663854\/revisions"}],"wp:featuredmedia":[{"embeddable":true,"href":"https:\/\/www.europesays.com\/fr\/wp-json\/wp\/v2\/media\/663855"}],"wp:attachment":[{"href":"https:\/\/www.europesays.com\/fr\/wp-json\/wp\/v2\/media?parent=663854"}],"wp:term":[{"taxonomy":"category","embeddable":true,"href":"https:\/\/www.europesays.com\/fr\/wp-json\/wp\/v2\/categories?post=663854"},{"taxonomy":"post_tag","embeddable":true,"href":"https:\/\/www.europesays.com\/fr\/wp-json\/wp\/v2\/tags?post=663854"}],"curies":[{"name":"wp","href":"https:\/\/api.w.org\/{rel}","templated":true}]}}