{"id":663861,"date":"2026-01-14T21:47:12","date_gmt":"2026-01-14T21:47:12","guid":{"rendered":"https:\/\/www.europesays.com\/fr\/663861\/"},"modified":"2026-01-14T21:47:12","modified_gmt":"2026-01-14T21:47:12","slug":"pour-ses-derniers-voeux-anne-hidalgo-se-dit-fiere-davoir-profondement-transforme-paris","status":"publish","type":"post","link":"https:\/\/www.europesays.com\/fr\/663861\/","title":{"rendered":"Pour ses derniers v\u0153ux, Anne Hidalgo se dit \u00ab\u00a0fi\u00e8re\u00a0\u00bb d\u2019avoir \u00ab\u00a0profond\u00e9ment transform\u00e9 Paris\u00a0\u00bb"},"content":{"rendered":"<p> \u00abNous avons gagn\u00e9 tous les combats politiques.\u00a0\u00bb Ce mercredi, <a href=\"https:\/\/www.20minutes.fr\/dossier\/anne_hidalgo\" class=\"c-link c-link--is-underlined\" target=\"_blank\" rel=\"noopener\">Anne Hidalgo<\/a> a pr\u00e9sent\u00e9 ses v\u0153ux \u00e0 l\u2019H\u00f4tel de Ville de <a href=\"https:\/\/www.20minutes.fr\/paris\/\" class=\"c-link c-link--is-underlined\" target=\"_blank\" rel=\"noopener\">Paris<\/a>. Ses douzi\u00e8mes et derniers, puisque la maire de Paris a d\u00e9cid\u00e9 de ne pas briguer un troisi\u00e8me mandat <a href=\"https:\/\/www.20minutes.fr\/municipales\/\" class=\"c-link c-link--is-underlined\" target=\"_blank\" rel=\"noopener\">en mars<\/a>.<\/p>\n<p>La c\u00e9r\u00e9monie faisait donc office d\u2019au revoir, ou d\u2019adieu, pour celle qui restera peut-\u00eatre le personnage politique <a href=\"https:\/\/www.20minutes.fr\/paris\/4083524-20240328-anne-hidalgo-mairie-paris-annie-dingo-drame-paris-10-ans-10-surnoms\" class=\"c-link c-link--is-underlined\" target=\"_blank\" rel=\"noopener\">qui a le plus subit de critiques<\/a> et de moqueries dans l\u2019histoire r\u00e9cente en France. Mais le constat est l\u00e0, selon elle\u00a0: sa politique a r\u00e9ussi, elle a transform\u00e9 Paris.<\/p>\n<p>Qualit\u00e9 de l\u2019air, logements sociaux et victoire du v\u00e9lo sur la voiture<\/p>\n<p>Pour en t\u00e9moigner, Anne Hidalgo cite les \u00ab\u00a0nombreuses r\u00e9ussites\u00a0\u00bb de ses deux mandats, qu\u2019elle a toujours \u00ab\u00a0tourn\u00e9s vers les g\u00e9n\u00e9rations futures, m\u00eame si elles ne votent pas\u00a0\u00bb\u00a0: r<a href=\"https:\/\/www.20minutes.fr\/paris\/4183969-20251106-qualite-air-selon-etude-paris-reduit-25-emissions-gaz-effet-serre-dix-ans\" class=\"c-link c-link--is-underlined\" target=\"_blank\" rel=\"noopener\">\u00e9duction de la pollution de l\u2019air<\/a> (25\u00a0% d\u2019\u00e9missions de CO2 en moins) et de la Seine, 150.000 arbres plant\u00e9s, <a href=\"https:\/\/www.20minutes.fr\/paris\/4008719-20221106-paris-municipalite-vise-40-logement-public-2035\" class=\"c-link c-link--is-underlined\" target=\"_blank\" rel=\"noopener\">25\u00a0% de logements sociaux<\/a> atteints, transformation des places et des casernes de la ville, cr\u00e9ation des rues aux \u00e9coles, cr\u00e9ation de la <a href=\"https:\/\/www.20minutes.fr\/paris\/2436219-20190125-police-municipale-paris-parisiens-demande-ordre-anne-hidalgo-repond\" class=\"c-link c-link--is-underlined\" target=\"_blank\" rel=\"noopener\">police municipale<\/a>\u2026<\/p>\n<\/p>\n<p>Et ce qu\u2019elle consid\u00e8re comme sa plus grande victoire\u00a0: \u00ab\u00a0\u00c0 Paris, le v\u00e9lo a gagn\u00e9 sur la voiture\u00a0\u00bb, lance-t-elle en pointant les 1.500 kilom\u00e8tres de pistes cyclables qui irriguent la capitale.<\/p>\n<p>\u00ab\u00a0Tr\u00e8s fi\u00e8re\u00a0\u00bb de son bilan et d\u2019avoir \u00ab\u00a0profond\u00e9ment transform\u00e9 Paris\u00a0\u00bb, Anne Hidalgo rappelle tout de m\u00eame \u00e0 quel point le mandat de maire est \u00ab\u00a0le plus beau, mais sans doute aussi le plus difficile\u00a0\u00bb.<\/p>\n<p>Des moments de joie et des crises<\/p>\n<p>Ces mandats n\u2019auront en effet pas \u00e9t\u00e9 de tout repos. \u00ab\u00a0Tant de joie partag\u00e9e\u00a0\u00bb, mais aussi \u00ab\u00a0certains moments de douleurs\u00a0\u00bb rappelle-t-elle\u00a0: les fabuleux <a href=\"https:\/\/www.20minutes.fr\/sport\/jo_2024\/\" class=\"c-link c-link--is-underlined\" target=\"_blank\" rel=\"noopener\">JO de\u00a02024<\/a>, mais aussi les attentats de\u00a02015, <a href=\"https:\/\/www.20minutes.fr\/societe\/incendie-cathedrale-dame-paris\/\" class=\"c-link c-link--is-underlined\" target=\"_blank\" rel=\"noopener\">l\u2019incendie de Notre-Dame<\/a> ou la crise du <a href=\"https:\/\/www.20minutes.fr\/societe\/covid-19\/\" class=\"c-link c-link--is-underlined\" target=\"_blank\" rel=\"noopener\">Covid-19<\/a>.<\/p>\n<p>\u00ab\u00a0Habit\u00e9e par la ville\u00a0\u00bb, Anne Hidalgo assure n\u2019avoir \u00ab\u00a0jamais dirig\u00e9 dans le confort\u00a0\u00bb. Sans jamais la citer, elle n\u2019oublie pas de glisser quelques tacles \u00e0 Rachida Dati. Notamment sur les finances de la ville, r\u00e9guli\u00e8rement attaqu\u00e9e par l\u2019opposition\u00a0: \u00ab\u00a0Pas besoin de mentir ou de manipuler sur ce sujet. L\u2019investissement de plus de 18\u00a0milliards d\u2019euros fait par la Ville de Paris depuis\u00a02014 a g\u00e9n\u00e9r\u00e9 19\u00a0milliards d\u2019euros suppl\u00e9mentaires de patrimoine pour les Parisiennes et les Parisiens, qui est pass\u00e9 de 28 \u00e0 47\u00a0milliards d\u2019euros. Oui, en\u00a02026, la trajectoire financi\u00e8re de Paris est robuste\u00a0\u00bb. Elle assure laisser \u00e0 la prochaine municipalit\u00e9 \u00ab\u00a0une \u00e9pargne brute de 800\u00a0millions d\u2019euros et une dur\u00e9e de d\u00e9sendettement de douze ans et demi.\u00a0\u00bb<\/p>\n<p>Anne Hidalgo veut voir Paris rester \u00e0 gauche\u2026 mais sans citer Emmanuel Gr\u00e9goire<\/p>\n<p>Un bilan qui, elle le souhaite, permettra \u00e0 la ville de \u00ab\u00a0rester progressiste\u00a0\u00bb. \u00ab\u00a0J\u2019esp\u00e8re que les Parisiennes et les Parisiens continueront \u00e0 voter pour la gauche, pour l\u2019\u00e9cologie, pour la solidarit\u00e9. C\u2019est mon message politique\u00a0\u00bb, pr\u00e9cise l\u2019\u00e9lue. Avant d\u2019ajouter qu\u2019il \u00ab\u00a0y a de grands dangers face \u00e0 nous. Je pense qu\u2019une candidate de droite est capable de faire l\u2019union avec l\u2019extr\u00eame droite\u00a0\u00bb.<\/p>\n<p><a href=\"https:\/\/www.20minutes.fr\/municipales\/\" class=\"c-link c-btn c-btn--primary\" target=\"_blank\" rel=\"noopener\">Retrouvez ici toute l&rsquo;actualit\u00e9 des \u00e9lections municipales 2026<\/a><\/p>\n<p>Rachida Dati n\u2019est pas cit\u00e9e. Pas plus que son ancien bras droit et chef de file de l\u2019union de la gauche, Emmanuel Gr\u00e9goire, l\u2019\u00e9l\u00e9phant dans la pi\u00e8ce de cette c\u00e9r\u00e9monie. Si l\u2019animosit\u00e9 d\u2019Anne Hidalgo envers son ancien bras droit &#8211; jug\u00e9 \u00ab\u00a0impatient\u00a0\u00bb &#8211; n\u2019est un secret pour personne, la maire de Paris \u00e9vite les questions\u00a0: \u00ab\u00a0Je suis tenue \u00e0 une r\u00e9serve\u00a0\u00bb.<\/p>\n<p>Et concernant son avenir, Anne Hidalgo n\u2019est pas plus prolixe. Seul un proche ose lancer une piste\u00a0: \u00ab\u00a0Ce sera dans la justice environnementale.\u00a0\u00bb<\/p>\n","protected":false},"excerpt":{"rendered":"\u00abNous avons gagn\u00e9 tous les combats politiques.\u00a0\u00bb Ce mercredi, Anne Hidalgo a pr\u00e9sent\u00e9 ses v\u0153ux \u00e0 l\u2019H\u00f4tel de&hellip;\n","protected":false},"author":2,"featured_media":663862,"comment_status":"","ping_status":"","sticky":false,"template":"","format":"standard","meta":{"footnotes":""},"categories":[1888],"tags":[11,2618,646,3783,2761,1777,674,1011,27,662,7941,16354,12,626,5170,417,1306,25,13527],"class_list":{"0":"post-663861","1":"post","2":"type-post","3":"status-publish","4":"format-standard","5":"has-post-thumbnail","7":"category-paris","8":"tag-actualites","9":"tag-anne-hidalgo","10":"tag-automobile","11":"tag-bilan","12":"tag-elections-municipales-2026","13":"tag-eu","14":"tag-europe","15":"tag-fr","16":"tag-france","17":"tag-ile-de-france","18":"tag-jo-paris-2024","19":"tag-logement-social","20":"tag-news","21":"tag-paris","22":"tag-pollution-de-lair","23":"tag-rachida-dati","24":"tag-regions","25":"tag-republique-francaise","26":"tag-seine"},"share_on_mastodon":{"url":"https:\/\/pubeurope.com\/@fr\/115895654423589841","error":""},"_links":{"self":[{"href":"https:\/\/www.europesays.com\/fr\/wp-json\/wp\/v2\/posts\/663861","targetHints":{"allow":["GET"]}}],"collection":[{"href":"https:\/\/www.europesays.com\/fr\/wp-json\/wp\/v2\/posts"}],"about":[{"href":"https:\/\/www.europesays.com\/fr\/wp-json\/wp\/v2\/types\/post"}],"author":[{"embeddable":true,"href":"https:\/\/www.europesays.com\/fr\/wp-json\/wp\/v2\/users\/2"}],"replies":[{"embeddable":true,"href":"https:\/\/www.europesays.com\/fr\/wp-json\/wp\/v2\/comments?post=663861"}],"version-history":[{"count":0,"href":"https:\/\/www.europesays.com\/fr\/wp-json\/wp\/v2\/posts\/663861\/revisions"}],"wp:featuredmedia":[{"embeddable":true,"href":"https:\/\/www.europesays.com\/fr\/wp-json\/wp\/v2\/media\/663862"}],"wp:attachment":[{"href":"https:\/\/www.europesays.com\/fr\/wp-json\/wp\/v2\/media?parent=663861"}],"wp:term":[{"taxonomy":"category","embeddable":true,"href":"https:\/\/www.europesays.com\/fr\/wp-json\/wp\/v2\/categories?post=663861"},{"taxonomy":"post_tag","embeddable":true,"href":"https:\/\/www.europesays.com\/fr\/wp-json\/wp\/v2\/tags?post=663861"}],"curies":[{"name":"wp","href":"https:\/\/api.w.org\/{rel}","templated":true}]}}