{"id":663869,"date":"2026-01-14T21:51:13","date_gmt":"2026-01-14T21:51:13","guid":{"rendered":"https:\/\/www.europesays.com\/fr\/663869\/"},"modified":"2026-01-14T21:51:13","modified_gmt":"2026-01-14T21:51:13","slug":"une-gigantesque-panne-touche-les-utilisateurs-du-reseau-verizon-aux-usa","status":"publish","type":"post","link":"https:\/\/www.europesays.com\/fr\/663869\/","title":{"rendered":"Une gigantesque panne touche les utilisateurs du r\u00e9seau Verizon aux USA"},"content":{"rendered":"<p>Entre les piratages, les pannes et les soucis divers et vari\u00e9s des sites et r\u00e9seaux fran\u00e7ais, il serait facile de penser que seul l\u2019Hexagone est touch\u00e9 par ce genre de d\u00e9convenues&#8230; mais loin s\u2019en faut, c\u2019est aussi possible ailleurs, comme le prouve Verizon ce soir.<\/p>\n<p><img decoding=\"async\" loading=\"lazy\" src=\"https:\/\/www.europesays.com\/fr\/wp-content\/uploads\/2026\/01\/mg-5149ee30-w3000-w828-w2600-w1300.jpg\"   data-jslghtbx=\"https:\/\/cdn.mgig.fr\/2026\/01\/mg-5149ee30-w3000.jpg\"\/>SOS, rien d\u2019autre. Image 9to5Mac.<\/p>\n<p><a href=\"https:\/\/9to5mac.com\/2026\/01\/14\/verizon-is-down-major-outage\/\" target=\"_blank\" rel=\"noopener\">Selon 9to5Mac<\/a> et la quasi totalit\u00e9 des sites am\u00e9ricains, la panne a commenc\u00e9 vers midi heure de la c\u00f4te est, et touche un tr\u00e8s grand nombre de personne : en quelques minutes, Downdetector comptait plusieurs centaines de milliers de signalements, indiquant une panne tr\u00e8s vaste et d\u2019ampleur nationale.<\/p>\n<p><img decoding=\"async\" loading=\"lazy\" src=\"https:\/\/www.europesays.com\/fr\/wp-content\/uploads\/2026\/01\/mg-73e7fdd0-w1504-w828-w1300.jpg\"   data-jslghtbx=\"https:\/\/cdn.mgig.fr\/2026\/01\/mg-73e7fdd0-w1504.jpg\"\/>\u00c7a commence tr\u00e8s fort avec quasi 175 000 signalements \u00e0 12h38 ET.<\/p>\n<p>Contrairement \u00e0 certaines pannes ayant touch\u00e9 ces derni\u00e8res ann\u00e9es les r\u00e9seaux fran\u00e7ais, celle-ci est bien plus radicale : les t\u00e9l\u00e9phones touch\u00e9s ne captent simplement plus le r\u00e9seau Verizon, ou en tout cas ne parviennent pas \u00e0 s\u2019y connecter, affichant un simple \u00ab\u00a0SOS\u00a0\u00bb \u00e0 la place de l\u2019op\u00e9rateur. Les utilisateurs ne peuvent plus passer aucun appel, ni acc\u00e9der \u00e0 internet, seules les urgences (le fameux 911 aux USA) \u00e9tant accessibles.<\/p>\n<p>Par ricochet, certains utilisateurs de T-Mobile ou AT&amp;T font \u00e9tat de difficult\u00e9s durant leurs appels, simplement dues au fait que leur correspondant se trouve chez Verizon : le destinataire \u00e9tant injoignable, l\u2019appel ne peut \u00e9videmment pas aboutir. T-Mobile l\u2019a bien pr\u00e9cis\u00e9 \u00e0 ses clients, sans oublier de lancer une petite pique \u00e0 son concurrent au passage :<\/p>\n<blockquote><p>&#13;<\/p>\n<p>Le r\u00e9seau de T-Mobile continue d\u2019assurer la connexion de nos clients et nous avons confirm\u00e9 que notre r\u00e9seau fonctionne de mani\u00e8re optimale. Cependant, en raison de la panne signal\u00e9e chez Verizon, il est possible que nos clients ne puissent pas joindre pour le moment des correspondants utilisant le service Verizon.<\/p>\n<p>&#13;\n<\/p><\/blockquote>\n<p>Du c\u00f4t\u00e9 de Verizon, bien entendu, on indique que toutes les \u00e9quipes sont sur le pont pour r\u00e9tablir le r\u00e9seau dans les plus brefs d\u00e9lais. Cependant, \u00e0 l\u2019heure o\u00f9 nous r\u00e9digeons ces lignes, la panne est toujours en cours, plus de trois heures apr\u00e8s les premiers soucis.<\/p>\n","protected":false},"excerpt":{"rendered":"Entre les piratages, les pannes et les soucis divers et vari\u00e9s des sites et r\u00e9seaux fran\u00e7ais, il serait&hellip;\n","protected":false},"author":2,"featured_media":663870,"comment_status":"","ping_status":"","sticky":false,"template":"","format":"standard","meta":{"footnotes":""},"categories":[1589],"tags":[11,73,1866,12,76487,1864,1865,1863,308,76486],"class_list":{"0":"post-663869","1":"post","2":"type-post","3":"status-publish","4":"format-standard","5":"has-post-thumbnail","7":"category-etats-unis","8":"tag-actualites","9":"tag-etats-unis","10":"tag-etats-unis-damerique","11":"tag-news","12":"tag-panne-reseau","13":"tag-united-states","14":"tag-united-states-of-america","15":"tag-us","16":"tag-usa","17":"tag-verizon"},"share_on_mastodon":{"url":"https:\/\/pubeurope.com\/@fr\/115895670216858298","error":""},"_links":{"self":[{"href":"https:\/\/www.europesays.com\/fr\/wp-json\/wp\/v2\/posts\/663869","targetHints":{"allow":["GET"]}}],"collection":[{"href":"https:\/\/www.europesays.com\/fr\/wp-json\/wp\/v2\/posts"}],"about":[{"href":"https:\/\/www.europesays.com\/fr\/wp-json\/wp\/v2\/types\/post"}],"author":[{"embeddable":true,"href":"https:\/\/www.europesays.com\/fr\/wp-json\/wp\/v2\/users\/2"}],"replies":[{"embeddable":true,"href":"https:\/\/www.europesays.com\/fr\/wp-json\/wp\/v2\/comments?post=663869"}],"version-history":[{"count":0,"href":"https:\/\/www.europesays.com\/fr\/wp-json\/wp\/v2\/posts\/663869\/revisions"}],"wp:featuredmedia":[{"embeddable":true,"href":"https:\/\/www.europesays.com\/fr\/wp-json\/wp\/v2\/media\/663870"}],"wp:attachment":[{"href":"https:\/\/www.europesays.com\/fr\/wp-json\/wp\/v2\/media?parent=663869"}],"wp:term":[{"taxonomy":"category","embeddable":true,"href":"https:\/\/www.europesays.com\/fr\/wp-json\/wp\/v2\/categories?post=663869"},{"taxonomy":"post_tag","embeddable":true,"href":"https:\/\/www.europesays.com\/fr\/wp-json\/wp\/v2\/tags?post=663869"}],"curies":[{"name":"wp","href":"https:\/\/api.w.org\/{rel}","templated":true}]}}