{"id":663871,"date":"2026-01-14T21:52:16","date_gmt":"2026-01-14T21:52:16","guid":{"rendered":"https:\/\/www.europesays.com\/fr\/663871\/"},"modified":"2026-01-14T21:52:16","modified_gmt":"2026-01-14T21:52:16","slug":"le-petrolier-sous-pavillon-russe-saisi-par-les-etats-unis-est-entre-dans-les-eaux-britanniques-actualites","status":"publish","type":"post","link":"https:\/\/www.europesays.com\/fr\/663871\/","title":{"rendered":"Le p\u00e9trolier sous pavillon russe saisi par les Etats-Unis est entr\u00e9 dans les eaux britanniques : Actualit\u00e9s"},"content":{"rendered":"<p class=\"lead \">Un p\u00e9trolier battant pavillon russe, arraisonn\u00e9 et saisi la semaine derni\u00e8re dans l&rsquo;Atlantique nord, est entr\u00e9 dans les eaux territoriales du Royaume-Uni accompagn\u00e9 d&rsquo;un navire des garde-c\u00f4tes am\u00e9ricains, a indiqu\u00e9 le gouvernement britannique mercredi.<\/p>\n<p class=\"lead \">Le Marinera, auparavant nomm\u00e9 Bella-1, a \u00e9t\u00e9 localis\u00e9 au nord de l&rsquo;Ecosse.<\/p>\n<p class=\"lead \">Le navire \u00ab\u00a0est entr\u00e9 dans les eaux du Royaume-Uni pour refaire le plein de fournitures essentielles &#8211; incluant la nourriture et l&rsquo;eau pour l&rsquo;\u00e9quipage &#8211; avant de poursuivre sa route\u00a0\u00bb, a indiqu\u00e9 un porte-parole du gouvernement.<\/p>\n<p class=\"lead \"> Le minist\u00e8re de la D\u00e9fense britannique avait indiqu\u00e9 la semaine derni\u00e8re avoir apport\u00e9 un soutien \u00ab\u00a0op\u00e9rationnel\u00a0\u00bb aux forces am\u00e9ricaines dans la saisie entre le Royaume-Uni et l&rsquo;Islande de ce p\u00e9trolier qu&rsquo;elles poursuivaient depuis plusieurs jours.<\/p>\n<p class=\"lead \">Le p\u00e9trolier \u00e9tait sous sanctions am\u00e9ricaines depuis 2024 pour ses liens pr\u00e9sum\u00e9s avec l&rsquo;Iran et le groupe chiite libanais Hezbollah.<\/p>\n<p class=\"lead \">Il \u00e9tait poursuivi depuis le 21 d\u00e9cembre par les garde-c\u00f4tes am\u00e9ricains apr\u00e8s avoir \u00e9t\u00e9 en route vers le Venezuela, dans le cadre du blocus de Washington visant des p\u00e9troliers li\u00e9s \u00e0 ce pays. Il ne transportait pas de cargaison, selon le site sp\u00e9cialis\u00e9 TankerTrackers. <\/p>\n<p class=\"lead \">Le Premier ministre \u00e9cossais John Swinney a reproch\u00e9 au gouvernement britannique de ne pas l&rsquo;avoir inform\u00e9 de l&rsquo;arriv\u00e9e du p\u00e9trolier.<\/p>\n<p class=\"lead \">\u00ab\u00a0J&rsquo;aurais esp\u00e9r\u00e9 \u00eatre pr\u00e9venu \u00e0 l&rsquo;avance des mesures prises pour prendre en charge le p\u00e9trolier dans le Moray Firth\u00a0\u00bb, une baie du nord-est de l&rsquo;Ecosse, a-t-il d\u00e9clar\u00e9 \u00e0 l&rsquo;agence Press Association.<\/p>\n<p class=\"small font-weight-bold text-gray3 \"> publi\u00e9 le 14 janvier \u00e0 21h14, AFP<\/p>\n<p>                             Partager<\/p>\n","protected":false},"excerpt":{"rendered":"Un p\u00e9trolier battant pavillon russe, arraisonn\u00e9 et saisi la semaine derni\u00e8re dans l&rsquo;Atlantique nord, est entr\u00e9 dans les&hellip;\n","protected":false},"author":2,"featured_media":663872,"comment_status":"","ping_status":"","sticky":false,"template":"","format":"standard","meta":{"footnotes":""},"categories":[1588],"tags":[14427,11,2120,312,2105,1777,674,6228,6127,12,18472,473,1853,132,2803,1851,1850,1852,308,337],"class_list":{"0":"post-663871","1":"post","2":"type-post","3":"status-publish","4":"format-standard","5":"has-post-thumbnail","7":"category-royaume-uni","8":"tag-nergie","9":"tag-actualites","10":"tag-conflit","11":"tag-diplomatie","12":"tag-distribution","13":"tag-eu","14":"tag-europe","15":"tag-gb","16":"tag-mer","17":"tag-news","18":"tag-ptrole","19":"tag-royaume-uni","20":"tag-royaume-uni-de-grande-bretagne-et-dirlande-du-nord","21":"tag-russie","22":"tag-transport","23":"tag-uk","24":"tag-united-kingdom","25":"tag-united-kingdom-of-great-britain-and-northern-ireland","26":"tag-usa","27":"tag-venezuela"},"share_on_mastodon":{"url":"https:\/\/pubeurope.com\/@fr\/115895674052425360","error":""},"_links":{"self":[{"href":"https:\/\/www.europesays.com\/fr\/wp-json\/wp\/v2\/posts\/663871","targetHints":{"allow":["GET"]}}],"collection":[{"href":"https:\/\/www.europesays.com\/fr\/wp-json\/wp\/v2\/posts"}],"about":[{"href":"https:\/\/www.europesays.com\/fr\/wp-json\/wp\/v2\/types\/post"}],"author":[{"embeddable":true,"href":"https:\/\/www.europesays.com\/fr\/wp-json\/wp\/v2\/users\/2"}],"replies":[{"embeddable":true,"href":"https:\/\/www.europesays.com\/fr\/wp-json\/wp\/v2\/comments?post=663871"}],"version-history":[{"count":0,"href":"https:\/\/www.europesays.com\/fr\/wp-json\/wp\/v2\/posts\/663871\/revisions"}],"wp:featuredmedia":[{"embeddable":true,"href":"https:\/\/www.europesays.com\/fr\/wp-json\/wp\/v2\/media\/663872"}],"wp:attachment":[{"href":"https:\/\/www.europesays.com\/fr\/wp-json\/wp\/v2\/media?parent=663871"}],"wp:term":[{"taxonomy":"category","embeddable":true,"href":"https:\/\/www.europesays.com\/fr\/wp-json\/wp\/v2\/categories?post=663871"},{"taxonomy":"post_tag","embeddable":true,"href":"https:\/\/www.europesays.com\/fr\/wp-json\/wp\/v2\/tags?post=663871"}],"curies":[{"name":"wp","href":"https:\/\/api.w.org\/{rel}","templated":true}]}}