{"id":663873,"date":"2026-01-14T21:53:17","date_gmt":"2026-01-14T21:53:17","guid":{"rendered":"https:\/\/www.europesays.com\/fr\/663873\/"},"modified":"2026-01-14T21:53:17","modified_gmt":"2026-01-14T21:53:17","slug":"desaccord-fondamental-entre-le-danemark-et-les-etats-unis-mission-militaire-europeenne","status":"publish","type":"post","link":"https:\/\/www.europesays.com\/fr\/663873\/","title":{"rendered":"\u00ab\u00a0d\u00e9saccord fondamental\u00a0\u00bb entre le Danemark et les \u00c9tats-Unis\u00a0; mission militaire europ\u00e9enne"},"content":{"rendered":"<p>Pas d\u2019investissements \u00ab\u00a0massifs\u00a0\u00bb au Groenland<\/p>\n<p>Il n\u2019y a ni navires ni investissements \u00ab\u00a0massifs\u00a0\u00bb chinois au Groenland, a assur\u00e9 mercredi 14\u00a0janvier le ministre des affaires \u00e9trang\u00e8res danois \u00e0 la sortie d\u2019une rencontre \u00e0 la Maison-Blanche avec des responsables am\u00e9ricains o\u00f9 il a constat\u00e9 un \u00ab\u00a0d\u00e9saccord fondamental\u00a0\u00bb.<\/p>\n<p>\u00ab\u00a0Il n\u2019y a pas de navires de guerre chinois le long des c\u00f4tes du Groenland (\u2026) Il n\u2019y a pas non plus d\u2019investissements massifs chinois au Groenland\u00a0\u00bb, a dit Lars L\u00f8kke Rasmussen \u00e0 la presse danoise.<\/p>\n<p>La France participe \u00e0 une mission militaire europ\u00e9enne<\/p>\n<p><a href=\"https:\/\/www.la-croix.com\/rencontre-sous-haute-tension-a-la-maison-blanche-autour-du-groenland-20260114\" data-tracking=\"inpage_click\" data-tracking-action=\"lire un article\" data-tracking-category=\"recirculation\" target=\"_blank\" rel=\"noopener\">Des militaires fran\u00e7ais<\/a> vont participer \u00e0 une mission militaire europ\u00e9enne au Groenland avec d\u2019autres nations europ\u00e9ennes, a-t-on appris mercredi aupr\u00e8s de l\u2019arm\u00e9e fran\u00e7aise, sans plus de pr\u00e9cisions.<\/p>\n<p>La Su\u00e8de et l\u2019Allemagne ont annonc\u00e9 dans la journ\u00e9e qu\u2019ils allaient d\u00e9ployer quelques personnels militaires sur cette \u00eele arctique qui attire la convoitise du pr\u00e9sident am\u00e9ricain, Donald Trump, dans le cadre de cette mission de reconnaissance \u00ab\u00a0en vue d\u2019\u00e9ventuelles contributions militaires destin\u00e9es \u00e0 soutenir le Danemark dans la garantie de la s\u00e9curit\u00e9 dans la r\u00e9gion\u00a0\u00bb, selon le minist\u00e8re allemand de la D\u00e9fense.<\/p>\n<p>Le Danemark demande une \u00ab\u00a0coop\u00e9ration respectueuse\u00a0\u00bb<\/p>\n<p>Le ministre danois des affaires \u00e9trang\u00e8res a demand\u00e9 une \u00ab\u00a0coop\u00e9ration respectueuse\u00a0\u00bb avec les \u00c9tats-Unis \u00e0 l\u2019issue d\u2019une rencontre \u00e0 la Maison-Blanche avec des responsables am\u00e9ricains sur le Groenland, qui s\u2019est achev\u00e9e, selon le ministre, sur un constat de d\u00e9saccord.<\/p>\n<p>\u00ab\u00a0Il est clair que le pr\u00e9sident (am\u00e9ricain Donald Trump) nourrit le souhait de s\u2019emparer du Groenland\u00a0\u00bb, a dit \u00e0 la presse Lars L\u00f8kke Rasmussen, qui veut \u00ab\u00a0travailler en \u00e9troite collaboration avec les \u00c9tats-Unis, mais cela doit, bien s\u00fbr, \u00eatre une coop\u00e9ration respectueuse\u00a0\u00bb.<\/p>\n<p>L\u2019Allemagne participera \u00e0 une \u00ab\u00a0exploration\u00a0\u00bb du Groenland<\/p>\n<p>Berlin a annonc\u00e9 envoyer des troupes pour participer \u00e0 une \u00ab\u00a0exploration du Groenland\u00a0\u00bb de jeudi \u00e0 samedi avec d\u2019autres nations europ\u00e9ennes afin de soutenir le Danemark, menac\u00e9 d\u2019une offensive par les \u00c9tats-Unis.<\/p>\n<p>\u00ab\u00a0L\u2019objectif est d\u2019examiner les conditions-cadres en vue d\u2019\u00e9ventuelles contributions militaires destin\u00e9es \u00e0 soutenir le Danemark dans la garantie de la s\u00e9curit\u00e9 dans la r\u00e9gion, par exemple dans le domaine des capacit\u00e9s de surveillance maritime\u00a0\u00bb, a d\u00e9clar\u00e9 le minist\u00e8re de la d\u00e9fense allemand dans un communiqu\u00e9, ajoutant envoyer jeudi une \u00ab\u00a0\u00e9quipe de reconnaissance\u00a0\u00bb compos\u00e9e de 13 membres de la Bundeswehr, l\u2019arm\u00e9e allemande, \u00e0 Nuuk, la capitale groenlandaise.<\/p>\n<p>\u00ab\u00a0D\u00e9saccord fondamental\u00a0\u00bb \u00e0 propos du Groenland<\/p>\n<p>Le Danemark et les \u00c9tats-Unis ont un \u00ab\u00a0d\u00e9saccord fondamental\u00a0\u00bb \u00e0 propos du\u00a0Groenland, a d\u00e9clar\u00e9 mercredi le ministre danois des affaires \u00e9trang\u00e8res \u00e0 l\u2019issue<a href=\"https:\/\/www.la-croix.com\/groenland-rencontre-a-haut-risque-mercredi-a-la-maison-blanche-pour-les-representants-danois-et-groenlandais-20260113\" data-tracking=\"inpage_click\" data-tracking-action=\"lire un article\" data-tracking-category=\"recirculation\" target=\"_blank\" rel=\"noopener\"> d\u2019une rencontre \u00e0 la Maison-Blanche avec des responsables am\u00e9ricains<\/a>, parlant de positions qui \u00ab\u00a0diff\u00e8rent\u00a0\u00bb.<\/p>\n<p>Il n\u2019est \u00ab\u00a0absolument pas n\u00e9cessaire\u00a0\u00bb que les \u00c9tats-Unis s\u2019emparent du\u00a0Groenland, comme l\u2019a menac\u00e9 le pr\u00e9sident am\u00e9ricain Donald Trump, a dit Lars L\u00f8kke Rasmussen \u00e0 la presse.<\/p>\n","protected":false},"excerpt":{"rendered":"Pas d\u2019investissements \u00ab\u00a0massifs\u00a0\u00bb au Groenland Il n\u2019y a ni navires ni investissements \u00ab\u00a0massifs\u00a0\u00bb chinois au Groenland, a assur\u00e9&hellip;\n","protected":false},"author":2,"featured_media":663874,"comment_status":"","ping_status":"","sticky":false,"template":"","format":"standard","meta":{"footnotes":""},"categories":[1587],"tags":[11,672,1804,1805,1803,1777,674,1801,12,1802],"class_list":{"0":"post-663873","1":"post","2":"type-post","3":"status-publish","4":"format-standard","5":"has-post-thumbnail","7":"category-allemagne","8":"tag-actualites","9":"tag-allemagne","10":"tag-bundesrepublik-deutschland","11":"tag-de","12":"tag-deutschland","13":"tag-eu","14":"tag-europe","15":"tag-germany","16":"tag-news","17":"tag-republique-federale-dallemagne"},"share_on_mastodon":{"url":"https:\/\/pubeurope.com\/@fr\/115895677991762278","error":""},"_links":{"self":[{"href":"https:\/\/www.europesays.com\/fr\/wp-json\/wp\/v2\/posts\/663873","targetHints":{"allow":["GET"]}}],"collection":[{"href":"https:\/\/www.europesays.com\/fr\/wp-json\/wp\/v2\/posts"}],"about":[{"href":"https:\/\/www.europesays.com\/fr\/wp-json\/wp\/v2\/types\/post"}],"author":[{"embeddable":true,"href":"https:\/\/www.europesays.com\/fr\/wp-json\/wp\/v2\/users\/2"}],"replies":[{"embeddable":true,"href":"https:\/\/www.europesays.com\/fr\/wp-json\/wp\/v2\/comments?post=663873"}],"version-history":[{"count":0,"href":"https:\/\/www.europesays.com\/fr\/wp-json\/wp\/v2\/posts\/663873\/revisions"}],"wp:featuredmedia":[{"embeddable":true,"href":"https:\/\/www.europesays.com\/fr\/wp-json\/wp\/v2\/media\/663874"}],"wp:attachment":[{"href":"https:\/\/www.europesays.com\/fr\/wp-json\/wp\/v2\/media?parent=663873"}],"wp:term":[{"taxonomy":"category","embeddable":true,"href":"https:\/\/www.europesays.com\/fr\/wp-json\/wp\/v2\/categories?post=663873"},{"taxonomy":"post_tag","embeddable":true,"href":"https:\/\/www.europesays.com\/fr\/wp-json\/wp\/v2\/tags?post=663873"}],"curies":[{"name":"wp","href":"https:\/\/api.w.org\/{rel}","templated":true}]}}