{"id":663889,"date":"2026-01-14T22:06:15","date_gmt":"2026-01-14T22:06:15","guid":{"rendered":"https:\/\/www.europesays.com\/fr\/663889\/"},"modified":"2026-01-14T22:06:15","modified_gmt":"2026-01-14T22:06:15","slug":"on-a-retrouve-pasquine-vandermouten-actualite","status":"publish","type":"post","link":"https:\/\/www.europesays.com\/fr\/663889\/","title":{"rendered":"On a retrouv\u00e9 : Pasquine Vandermouten &#8211; Actualit\u00e9"},"content":{"rendered":"<p><strong id=\"docs-internal-guid-a5532668-7fff-9fc7-d602-d00185f7e37e\">Entre 2014 et 2020, DirectVelo donnait r\u00e9guli\u00e8rement des nouvelles d\u2019anciens coureurs qui ont arr\u00eat\u00e9 leur carri\u00e8re cycliste apr\u00e8s avoir longtemps \u00e9t\u00e9 suivis par notre m\u00e9dia dans les rangs \u00c9lites, depuis les cat\u00e9gories Espoirs, Juniors ou m\u00eame parfois d\u00e8s les Cadets. Apr\u00e8s cinq ann\u00e9es d\u2019interruption, <a href=\"https:\/\/www.directvelo.com\/actualites\/categorie\/76\/on-a-retrouve\" target=\"_blank\" rel=\"noopener\">la rubrique \u00ab On a retrouv\u00e9 \u00bb<\/a> reprend son voyage \u00e0 travers le temps et les parcours de vie.<br \/><\/strong><\/p>\n<p>Ce deuxi\u00e8me num\u00e9ro de la version 2.0 se conjugue au f\u00e9minin puisque c\u2019est <strong><a href=\"https:\/\/www.directvelo.com\/coureur\/18469\/pasquine-vandermouten\" target=\"_blank\" rel=\"noopener\">Pasquine Vandermouten<\/a><\/strong><strong id=\"docs-internal-guid-a5532668-7fff-9fc7-d602-d00185f7e37e\"> qui donne de ses nouvelles, \u00e0 24 ans. Ancienne sp\u00e9cialiste de cyclo-cross et de VTT, elle avait montr\u00e9 de tr\u00e8s belles choses dans les jeunes cat\u00e9gories, jusqu\u2019\u00e0 devenir l\u2019un des grands espoirs du cyclisme f\u00e9minin fran\u00e7ais. Avant de \u201cp\u00e9ter un c\u00e2ble\u201d, de son propre aveu, et d\u2019abandonner la pratique du sport cycliste, se d\u00e9barrassant m\u00eame en peu de temps de tout son mat\u00e9riel, histoire de s\u2019assurer de ne pas revenir. Depuis, la Perpignanaise est pass\u00e9e des v\u00e9los\u2026 aux camions. <\/strong><\/p>\n<p><strong>DirectVelo : Voil\u00e0 quatre ans et demi que tu n\u2019as plus disput\u00e9 la moindre comp\u00e9tition. Que deviens-tu depuis l\u2019\u00e9t\u00e9 2021 ?<\/strong><br \/>Pasquine Vandermouten : Je sors de chez le notaire (rire), je viens d\u2019acheter ma premi\u00e8re maison. Tout se passe tr\u00e8s bien, je suis pos\u00e9e et j\u2019ai une vie qui me pla\u00eet. Sur le coup, lorsque j\u2019ai arr\u00eat\u00e9, \u00e7a n\u2019avait pas \u00e9t\u00e9 facile car il a fallu trouver quoi faire de ma vie. J\u2019ai d\u2019abord fait des tests pour devenir pompier volontaire, j\u2019ai pass\u00e9 quelque temps en caserne. Puis j\u2019ai voulu reprendre l\u2019\u00e9cole, je suis partie \u00e0 Lille, au soleil (rire), pour me lancer dans des \u00e9tudes d\u2019infirmi\u00e8re mais j\u2019ai laiss\u00e9 tomber au bout de six mois, j\u2019ai p\u00e9t\u00e9 un plomb. Je suis vite retourn\u00e9e \u00e0 Perpignan. Et j\u2019ai fini par, naturellement, bosser dans un domaine dans lequel j\u2019ai baign\u00e9 depuis petite.<\/p>\n<p><strong>\u00ab J\u2019AI TRAC\u00c9 MA ROUTE ET J&rsquo;APPR\u00c9CIE CE CHOIX \u00bb <\/strong><\/p>\n<p><strong>C\u2019est-\u00e0-dire ?<\/strong><br \/>Mon p\u00e8re g\u00e8re une bo\u00eete de transports sur Perpignan, j\u2019ai fini par suivre la m\u00eame voie. J\u2019ai pass\u00e9 tous mes dipl\u00f4mes pour monter ma propre bo\u00eete, et je l\u2019ai fait. Aujourd\u2019hui, je suis \u00e0 la t\u00eate de ma soci\u00e9t\u00e9, j\u2019ai quatre chauffeurs qui tournent tous les jours. Mais ce n\u2019est pas fini, j\u2019aimerais continuer de grandir. Mon p\u00e8re sera tr\u00e8s prochainement \u00e0 la retraite et l\u2019id\u00e9e est de reprendre la suite de sa bo\u00eete aussi, l\u2019ann\u00e9e prochaine. \u00c7a va faire du boulot mais petit \u00e0 petit, j\u2019ai trac\u00e9 ma route et j\u2019appr\u00e9cie ce choix.<\/p>\n<p><strong>Et voil\u00e0 un petit bout de femme qui g\u00e8re une entreprise tr\u00e8s masculine !<\/strong><br \/>C\u2019est s\u00fbr que \u00e7a reste un m\u00e9tier de mecs mais franchement, j\u2019ai r\u00e9ussi \u00e0 me faire ma place car j\u2019ai un caract\u00e8re assez tremp\u00e9, je ne me laisse pas faire. Cette situation en a parfois \u00e9tonn\u00e9 certains, y compris mes propres chauffeurs qui se retrouvent avec une jeune patronne mais je crois que \u00e7a leur convient (rire). Je sais \u00eatre assez souple et ferme \u00e0 la fois.\u00a0 <\/p>\n<p><strong>\u00ab JE N&rsquo;\u00c9TAIS PAS PR\u00caTE \u00c0 TOUS LES SACRIFICES \u00bb <\/strong><\/p>\n<p><strong>Tu es donc pass\u00e9e du v\u00e9lo aux camions !<\/strong> <br \/>Oui, j\u2019ai pass\u00e9 tous les permis poids lourds d\u2019ailleurs, y compris les super-lourds. Mon activit\u00e9 me prend beaucoup d&rsquo;\u00e9nergie et j\u2019avoue que je n\u2019ai plus trop le temps de faire du sport \u00e0 c\u00f4t\u00e9, mais c\u2019est un choix de vie, il fallait avancer. Je n\u2019oublie pas pour autant tout ce que m\u2019a apport\u00e9 le v\u00e9lo, notamment le s\u00e9rieux, le c\u00f4t\u00e9 carr\u00e9 et la r\u00e9gularit\u00e9. <\/p>\n<p><strong>Que te reste-t-il, d\u00e9sormais, de tes ann\u00e9es de cross et de VTT ?<\/strong><br \/>De bons souvenirs mais j\u2019ai gard\u00e9 peu de contacts, si ce n\u2019est avec Amandine Fouquenet. Elle \u00e9tait d\u00e9j\u00e0 ma copine \u00e0 l\u2019\u00e9poque et c\u2019est toujours le cas aujourd\u2019hui, on s\u2019\u00e9crit pratiquement tous les jours. Elle a toujours \u00e9t\u00e9 mon amie avant d\u2019\u00eatre mon adversaire. Je la suis toujours, je regarde ses courses et je suis impressionn\u00e9e de ce qu\u2019elle r\u00e9alise. Je suis tr\u00e8s fi\u00e8re. Elle prouve plus que jamais qu\u2019elle a sa place parmi les meilleures.<\/p>\n<p><img decoding=\"async\" src=\"https:\/\/www.europesays.com\/fr\/wp-content\/uploads\/2026\/01\/PASQUINE II.png\" alt=\"\"\/><\/p>\n<p><strong>T\u2019arrive-t-il encore de faire un parall\u00e8le avec ton propre parcours, de t\u2019imaginer \u00e0 sa place ?<\/strong><br \/>Oui et non. Il y a toujours un peu de nostalgie, forc\u00e9ment. Parfois, quand je suis des manches de Coupe du Monde, je reconnais des circuits sur lesquels j\u2019ai \u00e9volu\u00e9, que ce soit en VTT ou en cyclo-cross. Il y a le parall\u00e8le, c\u2019est s\u00fbr, car on avait sensiblement le m\u00eame niveau avec Amandine. C\u2019est la m\u00eame chose avec Loana Lecomte pour le VTT. Je me dis que si je m\u2019\u00e9tais acharn\u00e9e davantage, que j\u2019avais \u00e9t\u00e9 s\u00e9rieuse sur tous les \u00e0-c\u00f4t\u00e9s, \u00e7a aurait pu le faire. Mais je n\u2019\u00e9tais pas pr\u00eate \u00e0 tous les sacrifices pour performer \u00e0 l\u2019\u00e9poque, m\u00eame si je bossais dur \u00e0 l\u2019entra\u00eenement. Et j\u2019ai fini par p\u00e9ter un plomb. J\u2019aurais pu \u00eatre l\u00e0 aussi, comme Amandine ou Loana, mais je n\u2019ai aucun regret. C\u2019est la vie, et celle que je m\u00e8ne aujourd\u2019hui me convient \u00e0 200%. Avec des si, on peut refaire le monde.<\/p>\n<p><strong>\u00ab J\u2019AURAIS PU PRENDRE UN PEU PLUS MON TEMPS \u00bb <\/strong><\/p>\n<p><strong>Avec le recul, qu\u2019est-ce qui n\u2019a pas fonctionn\u00e9 sur la dur\u00e9e \u00e0 l\u2019\u00e9poque, alors que tu as \u00e9t\u00e9 Championne de France Juniors de VTT, vice-Championne de France de la m\u00eame cat\u00e9gorie en cyclo-cross\u2026 ?<\/strong><br \/>J\u2019ai commenc\u00e9 \u00e0 marcher fort tr\u00e8s jeune, chez les Cadettes. Toute ma vie tournait autour du v\u00e9lo durant mon adolescence. J\u2019ai peut-\u00eatre fait des choses pr\u00e9matur\u00e9ment et \u00e7a a fini par me jouer des tours. Peut-\u00eatre \u00e9galement que je n\u2019\u00e9tais pas assez forte mentalement, je ne sais pas\u2026 Je me dis que je me suis mis trop de pression, aussi. Quand on a des parents \u00e0 fond derri\u00e8re soi, qu\u2019on marche fort en \u00e9tant la plus jeune de l\u2019\u00e9quipe, avec MASSI, \u00e7a pousse \u00e0 toujours en faire davantage. Je ne voulais pas \u00eatre ridicule par rapport aux autres, j\u2019ai toujours \u00e9t\u00e9 une gagneuse, et j\u2019aurais pu prendre un peu plus mon temps par moments, j\u2019imagine\u2026<\/p>\n<p><strong>Pourquoi avais-tu arr\u00eat\u00e9 la comp\u00e9tition ?<\/strong><br \/>Disons que \u00e7a faisait un petit bout de temps que \u00e7a me trottait dans la t\u00eate, j\u2019avais d\u00e9j\u00e0 fait une pause. Je ne prenais plus trop de plaisir aux entra\u00eenements. J\u2019en ai eu ras-le-bol. J\u2019avais arr\u00eat\u00e9 les \u00e9tudes, je donnais tout pour le v\u00e9lo, mais \u00e7a a fini par me faire peur, je me suis dit que j\u2019allais me retrouver sans bagages. L\u2019air de rien, il y a encore quatre ou cinq ans de \u00e7a, le cyclisme f\u00e9minin n\u2019\u00e9tait pas celui qu\u2019il est aujourd\u2019hui. Je ne voulais pas m\u2019acharner pour sans doute pas grand-chose, j\u2019avais peur de ne pas r\u00e9ussir \u00e0 faire carri\u00e8re, et j\u2019ai perdu la motivation. Lorsque j\u2019ai arr\u00eat\u00e9, j\u2019ai rendu tout le mat\u00e9riel que j\u2019avais, j\u2019ai p\u00e9t\u00e9 un c\u00e2ble. Je me suis d\u00e9barrass\u00e9e des casques, des chaussures, des gants, de tout\u2026 J\u2019ai tout largu\u00e9. J\u2019ai continu\u00e9 la course \u00e0 pied mais je ne voulais plus entendre parler de v\u00e9lo.<\/p>\n<p><strong>Et depuis ?<\/strong> <br \/>Il y a un an et demi environ, l\u2019envie m\u2019est revenue. Je me suis pris un gravel et je vais rouler de temps en temps, une heure ou deux, pour le plaisir. Mais \u00e7a n\u2019ira pas plus loin, je ne reprendrai pas la comp\u00e9tition pour me prendre un tour. Je suis trop comp\u00e9titrice pour \u00e7a, je ne l&rsquo;accepterais pas mais j&rsquo;ai conscience que je serais compl\u00e8tement largu\u00e9e maintenant tant le niveau a augment\u00e9 chez les filles. Ma vie est ailleurs maintenant.<\/p>\n<p><img decoding=\"async\" src=\"https:\/\/www.europesays.com\/fr\/wp-content\/uploads\/2026\/01\/PASQUINE I.png\" alt=\"\"\/><\/p>\n","protected":false},"excerpt":{"rendered":"Entre 2014 et 2020, DirectVelo donnait r\u00e9guli\u00e8rement des nouvelles d\u2019anciens coureurs qui ont arr\u00eat\u00e9 leur carri\u00e8re cycliste apr\u00e8s&hellip;\n","protected":false},"author":2,"featured_media":663890,"comment_status":"","ping_status":"","sticky":false,"template":"","format":"standard","meta":{"footnotes":""},"categories":[1411],"tags":[834,828,836,829,837,827,83,826,824,823,1154,207,814,817,815,816,822,821,832,211,839,1011,27,820,818,819,835,831,830,833,838,60,212,208,825],"class_list":{"0":"post-663889","1":"post","2":"type-post","3":"status-publish","4":"format-standard","5":"has-post-thumbnail","7":"category-cyclisme","8":"tag-attaque","9":"tag-belgique","10":"tag-braquet","11":"tag-bretagne","12":"tag-chute","13":"tag-competition","14":"tag-coupe-de-france","15":"tag-coureur","16":"tag-course-cyclisme","17":"tag-course-cycliste","18":"tag-cycling","19":"tag-cyclisme","20":"tag-direct","21":"tag-direct-velo","22":"tag-directvelo","23":"tag-directvelo-com","24":"tag-epreuve","25":"tag-epreuve-cycliste","26":"tag-federation-francaise-de-cyclisme","27":"tag-ffc","28":"tag-flandres","29":"tag-fr","30":"tag-france","31":"tag-live","32":"tag-live-course","33":"tag-live-epreuve","34":"tag-peloton","35":"tag-radio-peloton","36":"tag-radio-tour","37":"tag-ravitaillement","38":"tag-relance","39":"tag-sports","40":"tag-uci","41":"tag-velo","42":"tag-velos"},"share_on_mastodon":{"url":"https:\/\/pubeurope.com\/@fr\/115895729230430958","error":""},"_links":{"self":[{"href":"https:\/\/www.europesays.com\/fr\/wp-json\/wp\/v2\/posts\/663889","targetHints":{"allow":["GET"]}}],"collection":[{"href":"https:\/\/www.europesays.com\/fr\/wp-json\/wp\/v2\/posts"}],"about":[{"href":"https:\/\/www.europesays.com\/fr\/wp-json\/wp\/v2\/types\/post"}],"author":[{"embeddable":true,"href":"https:\/\/www.europesays.com\/fr\/wp-json\/wp\/v2\/users\/2"}],"replies":[{"embeddable":true,"href":"https:\/\/www.europesays.com\/fr\/wp-json\/wp\/v2\/comments?post=663889"}],"version-history":[{"count":0,"href":"https:\/\/www.europesays.com\/fr\/wp-json\/wp\/v2\/posts\/663889\/revisions"}],"wp:featuredmedia":[{"embeddable":true,"href":"https:\/\/www.europesays.com\/fr\/wp-json\/wp\/v2\/media\/663890"}],"wp:attachment":[{"href":"https:\/\/www.europesays.com\/fr\/wp-json\/wp\/v2\/media?parent=663889"}],"wp:term":[{"taxonomy":"category","embeddable":true,"href":"https:\/\/www.europesays.com\/fr\/wp-json\/wp\/v2\/categories?post=663889"},{"taxonomy":"post_tag","embeddable":true,"href":"https:\/\/www.europesays.com\/fr\/wp-json\/wp\/v2\/tags?post=663889"}],"curies":[{"name":"wp","href":"https:\/\/api.w.org\/{rel}","templated":true}]}}