{"id":663893,"date":"2026-01-14T22:08:10","date_gmt":"2026-01-14T22:08:10","guid":{"rendered":"https:\/\/www.europesays.com\/fr\/663893\/"},"modified":"2026-01-14T22:08:10","modified_gmt":"2026-01-14T22:08:10","slug":"gros-cu-et-cellulite-marlene-schaff-star-academy-43-ans-assume-sans-complexe-son-physique","status":"publish","type":"post","link":"https:\/\/www.europesays.com\/fr\/663893\/","title":{"rendered":"\u00ab\u00a0Gros cu*\u00a0\u00bb et \u00ab\u00a0cellulite\u00a0\u00bb&#8230; Marl\u00e8ne Schaff (Star Academy), 43 ans, assume sans complexe son physique"},"content":{"rendered":"<p>Apr\u00e8s plusieurs semaines de comp\u00e9tition, la Star Academy touche<br \/>\nbient\u00f4t \u00e0 sa fin. Une ligne d\u2019arriv\u00e9e que Marl\u00e8ne Schaff attend<br \/>\navec impatience comme de nombreux fans. En effet, dans les couloirs<br \/>\ndu ch\u00e2teau de Dammarie-les-Lys, celle qui a troqu\u00e9 son r\u00f4le de<br \/>\nr\u00e9p\u00e9titrice pour celui de professeur d\u2019expression sc\u00e9nique vit<br \/>\nchaque r\u00e9p\u00e9tition avec une intensit\u00e9 palpable. V\u00e9ritable<br \/>\npassionn\u00e9e, cette derni\u00e8re ne l\u00e9sine pas sur les efforts afin de<br \/>\nfaire briller ses \u00e9l\u00e8ves. Apr\u00e8s une longue p\u00e9riode \u00e0 sculpter le<br \/>\ntalent des acad\u00e9miciens, elle s\u2019appr\u00eate \u00e0 d\u00e9couvrir le nouveau<br \/>\nprodige de t\u00e9l\u00e9-crochet. Toutefois, si cette Marl\u00e8ne Schaff peut<br \/>\nprofiter de ces moments inoubliables aux c\u00f4t\u00e9s de jeunes<br \/>\nprometteurs, c\u2019est parce qu\u2019<a href=\"https:\/\/www.melty.fr\/tele\/star-academy-la-mort-la-frappee-je-vais-lever-ma-coupe-pour-toi-reveillon-en-demi-teinte-pour-marlene-schaff-et-son-clan-2285092.html\" target=\"_blank\" rel=\"noopener\">elle<br \/>\nn\u2019a pas abandonn\u00e9 face aux difficult\u00e9s<\/a>, notamment des critiques<br \/>\nviolentes qui ont bien failli pousser cette derni\u00e8re \u00e0 mettre un<br \/>\nterme \u00e0 sa carri\u00e8re.<\/p>\n<p>Une p\u00e9riode particuli\u00e8rement difficile<\/p>\n<p>C\u2019est un retour symbolique pour Marl\u00e8ne Schaff au sein de la<br \/>\nStar Academy. Mais cette derni\u00e8re a bien failli mettre sa carri\u00e8re<br \/>\nsur \u201cpause\u201d \u00e0 cause de s\u00e9rieux soucis de sant\u00e9. Mais lors de son<br \/>\npassage dans le podcast Le(s) D\u00e9clic(s), l\u2019interpr\u00e8te est revenu<br \/>\nsur <strong>une p\u00e9riode difficile<\/strong>. Elle a notamment \u00e9voqu\u00e9<br \/>\n<a href=\"https:\/\/www.melty.fr\/people\/marlene-schaff-star-academy-raconte-la-phrase-sur-son-physique-quelle-na-jamais-oubliee-2276932.html\" target=\"_blank\" rel=\"noopener\"><br \/>\nun \u00e9pisode marquant qui l\u2019a profond\u00e9ment bless\u00e9.<\/a> Apr\u00e8s sa<br \/>\nparticipation \u00e0 The Voice en 2022, cette derni\u00e8re parvient \u00e0<br \/>\ndevenir coach vocal pour Louis Bertignac ou encore Matt Pokora dans<br \/>\nl\u2019\u00e9mission l\u2019ann\u00e9e suivante. Une v\u00e9ritable joie pour Marl\u00e8ne<br \/>\nSchaff.<\/p>\n<p>Cependant, le r\u00eave de cette derni\u00e8re \u00e9tait d\u2019\u00eatre sur sc\u00e8ne. Du<br \/>\ncoup, elle a encha\u00een\u00e9 les auditions, mais sans succ\u00e8s. \u201cCe<br \/>\nn\u00a0\u00bb\u00e9tait jamais moi qu&rsquo;on prenait. <strong>Je me souviendrai<br \/>\ntoujours de cette audition dans les ann\u00e9es 2000,<\/strong><br \/>\nj&rsquo;auditionnais pour une princesse. [\u2026] Et \u00e0 la fin, la coach vocale<br \/>\nme regarde et me dit : &lsquo;Enfin bon l\u00e0, <strong>il faut que tu perdes<br \/>\ncinq kilos parce qu&rsquo;on ne croira jamais que t&rsquo;es une<br \/>\nprincesse.<\/strong> Il y a eu un avant et un apr\u00e8s cette<br \/>\nphrase.\u201d Des mots durs qui n\u2019ont pas laiss\u00e9 la prof de la Star<br \/>\nAcademy indiff\u00e9rente. Depuis, elle ne manque pas une occasion de<br \/>\nd\u00e9noncer et de lutter contre la grossophobie.<\/p>\n<p>Marl\u00e8ne Schaff (Star Academy) sans d\u00e9tour sur les critiques sur<br \/>\nson physique<\/p>\n<p>Tout au long de sa carri\u00e8re, Marl\u00e8ne Schaff a fait face \u00e0 des<br \/>\ncritiques sur son physique. Des mots blessants qu\u2019elle a \u00e9voqu\u00e9<br \/>\nlors de son passage dans le podcast Conversation avant la fin<br \/>\ndu monde. Durant cet entretien, la professeure de la Star<br \/>\nAcademy a tenu \u00e0 revenir sur une anecdote marquante. \u201cJe<br \/>\nm\u2019\u00e9tais pris une violence de la part de stylistes, qui me<br \/>\nregardaient de haut en bas en disant : \u2018Pff j\u2019ai rien \u00e0 lui mettre<br \/>\n!\u2019. <strong>L\u2019assistante d\u2019une cheffe styliste rigole en disant \u2018la<br \/>\ncheffe n\u2019aime pas habiller les grosses\u2019<\/strong> et tout le monde<br \/>\nrigole devant les gens de mon \u00e9quipe. Et la cheffe qui ne se<br \/>\nd\u00e9sar\u00e7onne pas et qui me dit \u2018non mais c\u2019est juste que moi dans ma<br \/>\nt\u00eate j\u2019imagine des trucs avec des corps minces et apr\u00e8s voil\u00e0\u2026<br \/>\n<strong>\u00e7a rend moins bien quoi<\/strong><strong>\u2019<\/strong>\u201d,<br \/>\na-t-elle confi\u00e9.<\/p>\n<p>Avant de poursuivre avec agacement : \u201c<strong>Votre m\u00e9tier<br \/>\nc\u2019est d\u2019habiller les corps humains<\/strong>, ce n\u2019est pas<br \/>\nd\u2019habiller des porte-manteaux ou alors soyez des stylistes de<br \/>\nporte-manteaux mais dans ce cas-l\u00e0 vous n\u2019\u00eates pas des<br \/>\nstylistes.\u201d<\/p>\n<p>\u201cIl y a un vrai souci par rapport \u00e0<br \/>\n\u00e7a\u201d<\/p>\n<p>Lors de cette interview, Marl\u00e8ne Schaff n\u2019a pas seulement \u00e9voqu\u00e9<br \/>\nles critiques visant son corps. Elle a \u00e9galement tenu \u00e0 se confier<br \/>\nsur les propos concernant les \u00e9l\u00e8ves de la Star Academy.<br \/>\n\u201c<strong>Je suis un peu d\u00e9sesp\u00e9r\u00e9e\u2026 Moi, sur les primes, je<br \/>\nm\u2019amuse, je peux mettre une perruque.<\/strong> Mais il y a une<br \/>\ndiff\u00e9rence entre dire \u2018je n\u2019aime pas cette robe\u2019 et dire \u2018cette<br \/>\nrobe ne lui va pas, \u00e7a la rend moche, \u00e7a la boudine\u2019\u201d,<br \/>\na-t-elle r\u00e9v\u00e9l\u00e9. Puis, elle a ajout\u00e9 : \u201cCe que j\u2019aimerais c\u2019est<br \/>\nqu\u2019il y ait un petit peu plus d\u2019\u00e9galit\u00e9 de mani\u00e8re g\u00e9n\u00e9rale. Il y a<br \/>\nun vrai souci par rapport \u00e0 \u00e7a dans l\u2019offrande qu\u2019on fait au monde<br \/>\nde ce qui est un corps et de ce qui ne l\u2019est pas.\u201d<\/p>\n<p>D\u2019ailleurs, pour illustrer ses dires, elle n\u2019a pas manqu\u00e9 de<br \/>\nmentionner Helena Bailly de la promotion 2023 et son titre Summer<br \/>\nBody. \u201cJe suis totalement \u00e9pat\u00e9e qu\u2019une jeune femme de 22 ans<br \/>\nait d\u00e9j\u00e0 compris tout \u00e7a, <strong>elle a fait la tourn\u00e9e des<br \/>\nfestivals en crop top<\/strong>, moi j\u2019ai \u00e9t\u00e9 sa prof et je ne suis<br \/>\npas capable de faire \u00e7a\u00a0\u00bb\u201d, a-t-elle confi\u00e9. Avant de conclure<br \/>\n: \u201cSi on est de plus en plus \u00e0 mettre des crop tops et \u00e0<br \/>\nmontrer nos petites poign\u00e9es d\u2019amour qui sortent, <strong>ils<br \/>\nfiniront tous par bien fermer leur bouche !<\/strong> Apr\u00e8s \u00e7a va<br \/>\n\u00eatre quoi ? Qu\u2019on a un gros cul ? Et bien on va tous montrer nos<br \/>\ngros culs et notre cellulite et nos seins qui tombent, parce que<br \/>\n<strong>c\u2019est la \u2018fucking life !\u2019<\/strong> On est tous dans le m\u00eame<br \/>\nbateau ! (\u2026) il y a des choses tellement plus importantes \u00e0<br \/>\ntravailler et \u00e0 juger que nos corps.\u201d<\/p>\n","protected":false},"excerpt":{"rendered":"Apr\u00e8s plusieurs semaines de comp\u00e9tition, la Star Academy touche bient\u00f4t \u00e0 sa fin. Une ligne d\u2019arriv\u00e9e que Marl\u00e8ne&hellip;\n","protected":false},"author":2,"featured_media":663894,"comment_status":"","ping_status":"","sticky":false,"template":"","format":"standard","meta":{"footnotes":""},"categories":[1359],"tags":[58,59,1011,27,973,5095,65861],"class_list":{"0":"post-663893","1":"post","2":"type-post","3":"status-publish","4":"format-standard","5":"has-post-thumbnail","7":"category-people","8":"tag-divertissement","9":"tag-entertainment","10":"tag-fr","11":"tag-france","12":"tag-people","13":"tag-star-academy","14":"tag-trend"},"share_on_mastodon":{"url":"https:\/\/pubeurope.com\/@fr\/115895736946810424","error":""},"_links":{"self":[{"href":"https:\/\/www.europesays.com\/fr\/wp-json\/wp\/v2\/posts\/663893","targetHints":{"allow":["GET"]}}],"collection":[{"href":"https:\/\/www.europesays.com\/fr\/wp-json\/wp\/v2\/posts"}],"about":[{"href":"https:\/\/www.europesays.com\/fr\/wp-json\/wp\/v2\/types\/post"}],"author":[{"embeddable":true,"href":"https:\/\/www.europesays.com\/fr\/wp-json\/wp\/v2\/users\/2"}],"replies":[{"embeddable":true,"href":"https:\/\/www.europesays.com\/fr\/wp-json\/wp\/v2\/comments?post=663893"}],"version-history":[{"count":0,"href":"https:\/\/www.europesays.com\/fr\/wp-json\/wp\/v2\/posts\/663893\/revisions"}],"wp:featuredmedia":[{"embeddable":true,"href":"https:\/\/www.europesays.com\/fr\/wp-json\/wp\/v2\/media\/663894"}],"wp:attachment":[{"href":"https:\/\/www.europesays.com\/fr\/wp-json\/wp\/v2\/media?parent=663893"}],"wp:term":[{"taxonomy":"category","embeddable":true,"href":"https:\/\/www.europesays.com\/fr\/wp-json\/wp\/v2\/categories?post=663893"},{"taxonomy":"post_tag","embeddable":true,"href":"https:\/\/www.europesays.com\/fr\/wp-json\/wp\/v2\/tags?post=663893"}],"curies":[{"name":"wp","href":"https:\/\/api.w.org\/{rel}","templated":true}]}}