{"id":663899,"date":"2026-01-14T22:12:13","date_gmt":"2026-01-14T22:12:13","guid":{"rendered":"https:\/\/www.europesays.com\/fr\/663899\/"},"modified":"2026-01-14T22:12:13","modified_gmt":"2026-01-14T22:12:13","slug":"le-jour-ou-je-vais-commencer-a-men-meler-florent-pagny-partage-un-constat-amer-sur-lindustrie-musicale","status":"publish","type":"post","link":"https:\/\/www.europesays.com\/fr\/663899\/","title":{"rendered":"\u00ab\u00a0Le jour o\u00f9 je vais commencer \u00e0 m\u2019en m\u00ealer&#8230;\u00a0\u00bb : Florent Pagny partage un constat amer sur l\u2019industrie musicale"},"content":{"rendered":"<p>C\u2019est une apparition remarqu\u00e9e pour Florent Pagny. Le 9 janvier dernier, le chanteur de 64 ans \u00e9tait de passage au minist\u00e8re de la Culture, aux c\u00f4t\u00e9s de   <a href=\"https:\/\/www.programme-television.org\/news\/tv\/sequences-tele\/florent-pagny-fait-de-rares-confidences-sur-azucena-qui-partage-sa-vie-depuis-32-ans-quand-tu-as-la-chance-de-trouver-ta-moitie-4744795\" target=\"_self\" rel=\"noopener\">son \u00e9pouse Azucena Caama\u00f1o<\/a> et d\u2019une poign\u00e9e d\u2019artistes afin d\u2019\u00e9pauler Alexandre Kirchhoff. Pour cause, ce dernier n\u2019est autre que le PDG du label musical Capitol Music France et a re\u00e7u, des mains de Rachida Dati, la m\u00e9daille de chevalier de l&rsquo;ordre des arts et des lettres. Mais dans   <a href=\"https:\/\/www.instagram.com\/reels\/DTc2I-nDXoQ\/\" target=\"_self\" rel=\"noopener\">une vid\u00e9o partag\u00e9e sur les r\u00e9seaux sociaux de confr\u00e8res du magazine Public<\/a>, parue ce mardi 13 janvier,   <a href=\"https:\/\/www.programme-television.org\/news\/tv\/sequences-tele\/ca-peut-debarquer-n-importe-quand-florent-pagny-se-livre-sans-fard-sur-son-etat-de-sante-4748408\" target=\"_self\" rel=\"noopener\">le c\u00e9l\u00e8bre interpr\u00e8te de Ma libert\u00e9 de penser<\/a> s\u2019est longuement \u00e9panch\u00e9 sur l\u2019industrie musicale. Et \u00e0 ce sujet, il a eu beaucoup de choses \u00e0 pointer du doigt.<\/p>\n<p><a id=\"eztoc103401638_1\"\/>Florent Pagny d\u00e9\u00e7u par le streaming : \u00ab\u00a0Le jour o\u00f9 je vais commencer \u00e0 vouloir m\u2019en m\u00ealer\u2026\u00a0\u00bb<\/p>\n<p>Pour cause, aux yeux de Florent Pagny, le streaming n\u2019est pas forc\u00e9ment une bonne unit\u00e9 de mesure pour les artistes. \u00ab\u00a0Le jour o\u00f9 je vais commencer \u00e0 vouloir m\u2019en m\u00ealer, \u00e7a va \u00eatre compliqu\u00e9\u00a0\u00bb, a-t-il rapidement fait savoir, avant de r\u00e9v\u00e9ler qu\u2019il avait un \u00ab\u00a0petit probl\u00e8me avec le stream\u00a0\u00bb qui, \u00e0 ses yeux, \u00ab\u00a0n\u2019est pas juste\u00a0\u00bb pour les artistes. \u00ab\u00a0Aujourd\u2019hui, on n\u2019est pas capable par le stream de savoir combien on a vendu d\u2019albums. On ne peut pas le savoir\u00a0\u00bb, a-t-il d\u00e9plor\u00e9, avant d\u2019entrer dans les d\u00e9tails : \u00ab\u00a0Et puis, \u00e7a permet aussi de tricher&#8230; Pour quelques derniers, on peut vraiment faire monter des streams\u00a0\u00bb. Et de poursuivre, exasp\u00e9r\u00e9 : \u00ab\u00a0Mais c\u2019est difficile parce qu\u2019il y a des tas de gens, surtout dans l\u2019urbain, [\u00e0 qui] ce stream les arrange bien [&#8230;] Je ne sais pas o\u00f9 votre truc va aller, mais si \u00e7a arrive sur les r\u00e9seaux, \u00e7a va ouvrir le d\u00e9bat quoi\u00a0\u00bb.<\/p>\n<p><a id=\"eztoc103401638_2\"\/>Florent Pagny propose des solutions sur le streaming<\/p>\n<p>Toujours lors de ce m\u00eame rendez-vous, Florent Pagny a poursuivi son propos en tentant de proposer des alternatives qui, selon lui, ne devraient pas aussi \u00eatre in\u00e9galitaires. \u00ab\u00a0Traiter des sorties, des nouveaut\u00e9s, avec trois \u00e9coutes. On a fait trois streams et on arr\u00eate. On n\u2019est pas l\u00e0 en train de comptabiliser les millions. \u00c0 trois, on sait que tu as vendu un album\u00a0\u00bb, a-t-il ainsi sugg\u00e9r\u00e9. Un moyen qui permettrait \u00e0 tous les artistes de revenir \u00ab\u00a0\u00e0 ce qu\u2019on a connu quand on sortait des singles, des disques et des lasers\u00a0\u00bb. Reste \u00e0 voir si son avis va \u00eatre entendu\u2026<\/p>\n<p>            <script async src=\"\/\/www.instagram.com\/embed.js\"><\/script><\/p>\n","protected":false},"excerpt":{"rendered":"C\u2019est une apparition remarqu\u00e9e pour Florent Pagny. Le 9 janvier dernier, le chanteur de 64 ans \u00e9tait de&hellip;\n","protected":false},"author":2,"featured_media":663900,"comment_status":"","ping_status":"","sticky":false,"template":"","format":"standard","meta":{"footnotes":""},"categories":[1355],"tags":[58,59,1011,27,1361,873],"class_list":{"0":"post-663899","1":"post","2":"type-post","3":"status-publish","4":"format-standard","5":"has-post-thumbnail","7":"category-musique","8":"tag-divertissement","9":"tag-entertainment","10":"tag-fr","11":"tag-france","12":"tag-music","13":"tag-musique"},"share_on_mastodon":{"url":"https:\/\/pubeurope.com\/@fr\/115895753035136848","error":""},"_links":{"self":[{"href":"https:\/\/www.europesays.com\/fr\/wp-json\/wp\/v2\/posts\/663899","targetHints":{"allow":["GET"]}}],"collection":[{"href":"https:\/\/www.europesays.com\/fr\/wp-json\/wp\/v2\/posts"}],"about":[{"href":"https:\/\/www.europesays.com\/fr\/wp-json\/wp\/v2\/types\/post"}],"author":[{"embeddable":true,"href":"https:\/\/www.europesays.com\/fr\/wp-json\/wp\/v2\/users\/2"}],"replies":[{"embeddable":true,"href":"https:\/\/www.europesays.com\/fr\/wp-json\/wp\/v2\/comments?post=663899"}],"version-history":[{"count":0,"href":"https:\/\/www.europesays.com\/fr\/wp-json\/wp\/v2\/posts\/663899\/revisions"}],"wp:featuredmedia":[{"embeddable":true,"href":"https:\/\/www.europesays.com\/fr\/wp-json\/wp\/v2\/media\/663900"}],"wp:attachment":[{"href":"https:\/\/www.europesays.com\/fr\/wp-json\/wp\/v2\/media?parent=663899"}],"wp:term":[{"taxonomy":"category","embeddable":true,"href":"https:\/\/www.europesays.com\/fr\/wp-json\/wp\/v2\/categories?post=663899"},{"taxonomy":"post_tag","embeddable":true,"href":"https:\/\/www.europesays.com\/fr\/wp-json\/wp\/v2\/tags?post=663899"}],"curies":[{"name":"wp","href":"https:\/\/api.w.org\/{rel}","templated":true}]}}