{"id":663901,"date":"2026-01-14T22:13:15","date_gmt":"2026-01-14T22:13:15","guid":{"rendered":"https:\/\/www.europesays.com\/fr\/663901\/"},"modified":"2026-01-14T22:13:15","modified_gmt":"2026-01-14T22:13:15","slug":"premieres-images-pour-le-film-dhorreur-avec-deux-stars-de-game-of-thrones","status":"publish","type":"post","link":"https:\/\/www.europesays.com\/fr\/663901\/","title":{"rendered":"premi\u00e8res images pour le film d&rsquo;horreur avec deux stars de Game of Thrones"},"content":{"rendered":"<p><strong>Survivre \u00e0 l\u2019apr\u00e8s-<a href=\"https:\/\/www.ecranlarge.com\/series\/870549-game-of-thrones\" data-type=\"series\" data-id=\"693730\" target=\"_blank\" rel=\"noopener\">Game of Thrones<\/a>, c\u2019est un peu comme essayer de traverser le Mur en tongs : p\u00e9rilleux. <a href=\"https:\/\/www.ecranlarge.com\/personnalite\/782289-kit-harington\" data-type=\"people\" data-id=\"420133\" target=\"_blank\" rel=\"noopener\">Kit Harington<\/a> et <a href=\"https:\/\/www.ecranlarge.com\/personnalite\/937429-sophie-turner\" data-type=\"people\" data-id=\"470512\" target=\"_blank\" rel=\"noopener\">Sophie Turner<\/a> tentent encore de s\u2019extirper de leurs costumes de Stark avec <a href=\"https:\/\/www.ecranlarge.com\/films\/the-dreadful\" data-type=\"films\" data-id=\"1366786\" target=\"_blank\" rel=\"noopener\">The Dreadful<\/a>, un film d\u2019horreur qui vient de d\u00e9voiler ses premiers clich\u00e9s.<\/strong><\/p>\n<p>Difficile de se remettre d\u2019une carri\u00e8re lanc\u00e9e par un raz-de-mar\u00e9e comme <strong>Game of Thrones<\/strong>. Si la saga se poursuit ad vitam aeternam sur petit \u00e9cran avec 12 000 spin-offs (coucou <strong><a href=\"https:\/\/www.ecranlarge.com\/series\/1474482-a-knight-of-the-seven-kingdoms-the-hedge-knight\" data-type=\"series\" data-id=\"697277\" target=\"_blank\" rel=\"noopener\">A Knight of the Seven Kingdoms<\/a><\/strong>, <strong><a href=\"https:\/\/www.ecranlarge.com\/series\/1119163-house-of-the-dragon\" data-type=\"series\" data-id=\"695111\" target=\"_blank\" rel=\"noopener\">House of the Dragon<\/a><\/strong>, <a href=\"https:\/\/www.ecranlarge.com\/series\/news\/1379533-game-of-thrones-le-spin-off-sur-la-princesse-guerriere-nymeria-a-trouve-une-scenariste\" target=\"_blank\" rel=\"noopener\"><strong>10 000 Ships<\/strong> qui racontera la fuite \u00e9pique de la princesse Nymeria<\/a> et m\u00eame des s\u00e9ries anim\u00e9es), pour les acteurs, c\u2019est une autre paire de manches. Pour beaucoup, l\u2019\u00e9tiquette \u00ab\u00a0ex-Stark\u00a0\u00bb colle plus \u00e0 la peau qu\u2019une armure en acier valyrien.<\/p>\n<p>                    <img decoding=\"async\" alt=\"\" class=\"wp-image-518375\" style=\"object-fit:cover;width:25px;height:25px\" src=\"https:\/\/www.ecranlarge.com\/content\/uploads\/2023\/09\/arrow-right-circle.svg\"\/><\/p>\n<p>Kit Harington a bien tent\u00e9 le coup dans <strong><a href=\"https:\/\/www.ecranlarge.com\/series\/1098376-criminal\" data-type=\"series\" data-id=\"695051\" target=\"_blank\" rel=\"noopener\">Criminal <\/a><\/strong>ou chez Marvel avec l\u2019<a href=\"https:\/\/www.ecranlarge.com\/films\/news\/marvel-les-eternels-bide-suite-annulation-projets-10-ans\" data-type=\"link\" data-id=\"https:\/\/www.ecranlarge.com\/films\/news\/marvel-les-eternels-bide-suite-annulation-projets-10-ans\" target=\"_blank\" rel=\"noopener\">\u00e9norme bide <strong>Les \u00c9ternels<\/strong><\/a>, tandis que Sophie Turner est all\u00e9e sur les terres du teen-drama avec <strong><a href=\"https:\/\/www.ecranlarge.com\/films\/news\/1443354-do-revenge-un-teaser-wtf-pour-le-remake-netflix-de-linconnu-du-nord-express\" data-type=\"post\" data-id=\"776769\" target=\"_blank\" rel=\"noopener\">Do Revenge<\/a><\/strong>, en attendant d\u2019endosser <a href=\"https:\/\/www.ecranlarge.com\/series\/news\/tomb-raider-amazon-casting-complet\" data-type=\"link\" data-id=\"https:\/\/www.ecranlarge.com\/series\/news\/tomb-raider-amazon-casting-complet\" target=\"_blank\" rel=\"noopener\">le costume de Lara Croft pour la s\u00e9rie <strong>Tomb Raider<\/strong> d\u2019Amazon<\/a>. Mais les voil\u00e0 r\u00e9unis \u00e0 l\u2019affiche de <strong>The Dreadful<\/strong>, un film d\u2019horreur gothique r\u00e9alis\u00e9 par <a href=\"https:\/\/www.ecranlarge.com\/personnalite\/natasha-kermani\" data-type=\"people\" data-id=\"1366787\" target=\"_blank\" rel=\"noopener\">Natasha Kermani<\/a>, <strong>qui s\u2019inspire du classique japonais culte <a href=\"https:\/\/www.ecranlarge.com\/films\/839964-onibaba-les-tueuses\" data-type=\"films\" data-id=\"655385\" target=\"_blank\" rel=\"noopener\">Onibaba <\/a>de Kaneto Shind\u014d.<\/strong> Le film a d\u00e9voil\u00e9 ses premi\u00e8res images officielles. <\/p>\n<p><a href=\"https:\/\/www.ecranlarge.com\/content\/uploads\/2026\/01\/c-etait-vraiment-bizarre-apres-game-of-thrones-sophie-turner-et-kit-harington-sont-amants-dans-un-film-d-horreur_jpg.jpg\" target=\"_blank\" rel=\"noopener\"><\/p>\n<p><img loading=\"lazy\" decoding=\"async\" alt=\"game of thrones sophie turner kit harington\" src=\"https:\/\/www.europesays.com\/fr\/wp-content\/uploads\/2026\/01\/c-etait-vraiment-bizarre-apres-game-of-thrones-sophie-turner-et-kit-harington-sont-amants-dans-un-fi.jpeg\" width=\"1260\" height=\"709\"  \/><\/p>\n<p><\/a>On prend les m\u00eames et on recommenceThe Dreadful Horror Picture Show<\/p>\n<p>Les premi\u00e8res images, livr\u00e9es en exclusivit\u00e9 \u00e0 Entertainment Weekly, montrent<strong> Kit Harington et Sophie Turner assis dans un cadre forestier, puis en bord de mer<\/strong>. L\u2019ambiance semble l\u00e9g\u00e8re, \u00e0 des ann\u00e9es-lumi\u00e8re de l\u2019image d\u2019\u00c9pinal du film d\u2019horreur gothique.<\/p>\n<p><a href=\"https:\/\/www.ecranlarge.com\/content\/uploads\/2026\/01\/the-dreadful-sophie-turner-and-kit-harington-011226-2-df317554882542038be9f44d870d1236_jpg.jpg\" target=\"_blank\" rel=\"noopener\"><\/p>\n<p><img loading=\"lazy\" decoding=\"async\" alt=\"sophie turner kit harington the dreadful\" src=\"https:\/\/www.europesays.com\/fr\/wp-content\/uploads\/2026\/01\/the-dreadful-sophie-turner-and-kit-harington-011226-2-df317554882542038be9f44d870d1236_jpg-1260x840..jpeg\" width=\"1260\" height=\"840\"  \/><\/p>\n<p><\/a><a href=\"https:\/\/www.ecranlarge.com\/content\/uploads\/2026\/01\/the-dreadful-sophie-turner-and-kit-harington-011226-1-89d71343edf348848af4a22a8f3cfbf1_jpg.jpg\" target=\"_blank\" rel=\"noopener\"><\/p>\n<p><img loading=\"lazy\" decoding=\"async\" alt=\"sophie turner kit harington the dreadful\" src=\"https:\/\/www.europesays.com\/fr\/wp-content\/uploads\/2026\/01\/the-dreadful-sophie-turner-and-kit-harington-011226-1-89d71343edf348848af4a22a8f3cfbf1_jpg-1260x840..jpeg\" width=\"1260\" height=\"840\"  \/><\/p>\n<p><\/a><\/p>\n<p>C\u00f4t\u00e9 sc\u00e9nario, le film se d\u00e9roulera<strong> pendant le XVe si\u00e8cle, en pleine guerre des Deux-Roses<\/strong>, cette p\u00e9riode charmante o\u00f9 l\u2019Angleterre se d\u00e9coupait joyeusement pour savoir qui porterait la couronne. Sophie Turner incarnera Anne, une femme vivant en marge de la soci\u00e9t\u00e9 m\u00e9di\u00e9vale avec sa belle-m\u00e8re, Morwen. Leur quotidien d\u00e9j\u00e0 pas folichon bascule lorsqu\u2019un homme surgi du pass\u00e9 d\u2019Anne, Jago (Kit Harington), revient du front. Comme si cela ne suffisait pas, une mal\u00e9diction d\u00e9barque sous la forme d\u2019un myst\u00e9rieux chevalier.<\/p>\n<p><a href=\"https:\/\/www.ecranlarge.com\/content\/uploads\/2026\/01\/the-dreadful-sophie-turner-and-kit-harington-011226-e4f5a1c01b6c46d8b07e50942bce58af_jpg.jpg\" target=\"_blank\" rel=\"noopener\"><\/p>\n<p><img loading=\"lazy\" decoding=\"async\" alt=\"sophie turner kit harington the dreadful\" src=\"https:\/\/www.europesays.com\/fr\/wp-content\/uploads\/2026\/01\/the-dreadful-sophie-turner-and-kit-harington-011226-e4f5a1c01b6c46d8b07e50942bce58af_jpg-1260x840.jp.jpeg\" width=\"1260\" height=\"840\"  \/><\/p>\n<p><\/a><\/p>\n<p>Outre le duo de t\u00eate, on retrouvera la grande Marcia Gay Harden (<strong>The Mist, Mystic River<\/strong>) dans le r\u00f4le de la belle-m\u00e8re Morwen. Laurence O\u2019Fuarain (Thor dans <strong>The Sandman<\/strong>) pr\u00eatera ses traits \u00e0 un certain Seamus et Jonathan Howard<strong> <\/strong>(<strong>Kingdom<\/strong>) incarnera le Fr\u00e8re Penros. Un petit groupe qui va devoir apprendre \u00e0 survivre \u00e0 la fois \u00e0 la guerre civile et \u00e0 des forces surnaturelles, le tout sans dragons pour leur sauver les fesses.<\/p>\n<p>Pour v\u00e9rifier si l\u2019alchimie entre Jon Snow et Sansa Stark fonctionne aussi bien dans l\u2019horreur gothique que dans les intrigues de cour de Port-R\u00e9al, on ne devra pas patienter tr\u00e8s longtemps. <strong>The Dreadful<\/strong> sortira dans les salles aux \u00c9tats-Unis, en vid\u00e9o \u00e0 la demande et sur les plateformes num\u00e9riques le <strong>20 f\u00e9vrier 2026<\/strong>. <strong>Pour le moment, le film n\u2019a pas de date de sortie en France.<\/strong><\/p>\n","protected":false},"excerpt":{"rendered":"Survivre \u00e0 l\u2019apr\u00e8s-Game of Thrones, c\u2019est un peu comme essayer de traverser le Mur en tongs : p\u00e9rilleux.&hellip;\n","protected":false},"author":2,"featured_media":663902,"comment_status":"","ping_status":"","sticky":false,"template":"","format":"standard","meta":{"footnotes":""},"categories":[1354],"tags":[58,59,1346,1011,27,1360],"class_list":{"0":"post-663901","1":"post","2":"type-post","3":"status-publish","4":"format-standard","5":"has-post-thumbnail","7":"category-films","8":"tag-divertissement","9":"tag-entertainment","10":"tag-films","11":"tag-fr","12":"tag-france","13":"tag-movies"},"share_on_mastodon":{"url":"https:\/\/pubeurope.com\/@fr\/115895756994600030","error":""},"_links":{"self":[{"href":"https:\/\/www.europesays.com\/fr\/wp-json\/wp\/v2\/posts\/663901","targetHints":{"allow":["GET"]}}],"collection":[{"href":"https:\/\/www.europesays.com\/fr\/wp-json\/wp\/v2\/posts"}],"about":[{"href":"https:\/\/www.europesays.com\/fr\/wp-json\/wp\/v2\/types\/post"}],"author":[{"embeddable":true,"href":"https:\/\/www.europesays.com\/fr\/wp-json\/wp\/v2\/users\/2"}],"replies":[{"embeddable":true,"href":"https:\/\/www.europesays.com\/fr\/wp-json\/wp\/v2\/comments?post=663901"}],"version-history":[{"count":0,"href":"https:\/\/www.europesays.com\/fr\/wp-json\/wp\/v2\/posts\/663901\/revisions"}],"wp:featuredmedia":[{"embeddable":true,"href":"https:\/\/www.europesays.com\/fr\/wp-json\/wp\/v2\/media\/663902"}],"wp:attachment":[{"href":"https:\/\/www.europesays.com\/fr\/wp-json\/wp\/v2\/media?parent=663901"}],"wp:term":[{"taxonomy":"category","embeddable":true,"href":"https:\/\/www.europesays.com\/fr\/wp-json\/wp\/v2\/categories?post=663901"},{"taxonomy":"post_tag","embeddable":true,"href":"https:\/\/www.europesays.com\/fr\/wp-json\/wp\/v2\/tags?post=663901"}],"curies":[{"name":"wp","href":"https:\/\/api.w.org\/{rel}","templated":true}]}}