{"id":663907,"date":"2026-01-14T22:16:19","date_gmt":"2026-01-14T22:16:19","guid":{"rendered":"https:\/\/www.europesays.com\/fr\/663907\/"},"modified":"2026-01-14T22:16:19","modified_gmt":"2026-01-14T22:16:19","slug":"lune-des-victimes-de-jean-marc-morandini-deplore-son-maintien-sur-cnews","status":"publish","type":"post","link":"https:\/\/www.europesays.com\/fr\/663907\/","title":{"rendered":"l&rsquo;une des victimes de Jean-Marc Morandini d\u00e9plore son maintien sur CNews"},"content":{"rendered":"\n<p class=\"c-chapo \">\n  Malgr\u00e9 sa condamnation d\u00e9finitive pour corruption de mineurs, le groupe Canal+ va maintenir \u00e0 l&rsquo;antenne l&rsquo;animateur de 60 ans.\n<\/p>\n<p>      lire plus tard<\/p>\n<p id=\"dialog__title\" class=\"dialog__title\">Pour sauvegarder cet article, connectez-vous ou cr\u00e9ez un compte franceinfo<\/p>\n<p class=\"dialog__description\">Sans paiement. Sans abonnement.<\/p>\n<p>        Fermer la fen\u00eatre d\u2019activation des notifications France Info<\/p>\n<p>      cr\u00e9er votre compte<\/p>\n<p>      se connecter<\/p>\n<p>      :<\/p>\n<p>        Fermer la fen\u00eatre de pr\u00e9sentation<\/p>\n<p>    Publi\u00e9 le 14\/01\/2026 20:58<\/p>\n<p>        Temps de lecture : 3min<\/p>\n<p>    <img decoding=\"async\"  alt=\"Jean-Marc Morandini au tribunal judiciaire de Paris, le 13 juin 2023. (BERTRAND GUAY \/ AFP)\" width=\"432\" height=\"243\" src=\"https:\/\/www.europesays.com\/fr\/wp-content\/uploads\/2026\/01\/000-33jd4h4-6967f1490786d968734539.jpg\" fetchpriority=\"high\"\/><\/p>\n<p>      Jean-Marc Morandini au tribunal judiciaire de Paris, le 13 juin 2023. (BERTRAND GUAY \/ AFP)<\/p>\n<p>Axel a l\u00e2ch\u00e9 un \u00ab\u00a0&lsquo;ouf de soulagement\u00a0\u00bb, mercredi 14 janvier en d\u00e9but d&rsquo;apr\u00e8s-midi, lorsqu&rsquo;il a appris <a href=\"https:\/\/www.franceinfo.fr\/economie\/medias\/morandini\/l-animateur-jean-marc-morandini-definitivement-condamne-pour-corruption-de-mineurs-apres-la-decision-de-la-cour-de-cassation_7738930.html\" rel=\"noopener noreferrer nofollow\" data-tooltip-url=\"https:\/\/www.franceinfo.fr\/economie\/medias\/morandini\/l-animateur-jean-marc-morandini-definitivement-condamne-pour-corruption-de-mineurs-apres-la-decision-de-la-cour-de-cassation_7738930.html\" target=\"_blank\">la condamnation d\u00e9finitive<\/a> de Jean-Marc Morandini pour corruption de mineurs. Le jeune homme, qui a t\u00e9moign\u00e9 pour la premi\u00e8re fois \u00e0 visage d\u00e9couvert dans <a href=\"http:\/\/www.franceinfo.fr\/replay-magazine\/france-2\/complement-d-enquete\/video-et-a-un-moment-il-me-demande-comme-un-defi-pour-lui-de-lui-envoyer-une-photo-de-moi-nu-un-temoignage-qui-accuse-jean-marc-morandini-condamne-pour-corruption-de-mineurs_7641779.html#xtor=CS2-765-%5Bautres%5D-\" rel=\"noopener noreferrer nofollow\" data-tooltip-url=\"\/replay-magazine\/france-2\/complement-d-enquete\/video-et-a-un-moment-il-me-demande-comme-un-defi-pour-lui-de-lui-envoyer-une-photo-de-moi-nu-un-temoignage-qui-accuse-jean-marc-morandini-condamne-pour-corruption-de-mineurs_7641779.html#xtor=CS2-765-%5Bautres%5D-\" target=\"_blank\">\u00ab\u00a0Compl\u00e9ment d&rsquo;enqu\u00eate\u00a0\u00bb<\/a> en novembre dernier, fait partie des trois adolescents \u00e0 qui l&rsquo;animateur de 60 ans a envoy\u00e9 des messages de nature sexuelle entre 2009 et 2016. Conform\u00e9ment \u00e0 la peine prononc\u00e9e en appel, Jean-Marc Morandini \u00e9cope de deux ans de prison avec sursis et 20 000 euros d&rsquo;amende. Il est \u00e9galement inscrit au fichier des auteurs d\u2019infractions sexuelles ou violentes (Fijais) et se voit interdit d\u2019exercer une profession en contact avec des mineurs.<\/p>\n<p>\u00ab\u00a0Cette d\u00e9cision va me permettre d&rsquo;avancer sereinement \u00e0 l&rsquo;avenir\u00a0\u00bb, souligne Axel, interrog\u00e9 par franceinfo, rappelant que \u00ab\u00a0cette affaire me suit depuis que j&rsquo;ai 15 ans. Cela fait bient\u00f4t onze ans que je suis dans ce processus judiciaire. C&rsquo;est un petit chamboulement en ce d\u00e9but d&rsquo;ann\u00e9e, je suis tr\u00e8s heureux de tourner cette longue page, qui a dur\u00e9 trop longtemps.\u00a0\u00bb Il dit esp\u00e9rer que son t\u00e9moignage\u00a0\u00ab\u00a0aidera d&rsquo;autres victimes de violences sexuelles \u00e0 prendre la parole\u00a0\u00bb m\u00eame si \u00ab\u00a0c&rsquo;est tr\u00e8s difficile \u00e0 ext\u00e9rioriser\u00a0\u00bb.\u00a0<\/p>\n<p>Passionn\u00e9 par le monde de l&rsquo;audiovisuel, Axel avait contact\u00e9 Jean-Marc Morandini sur les r\u00e9seaux sociaux en 2015, dans l&rsquo;espoir d&rsquo;obtenir un stage. Mais leurs \u00e9changes avaient rapidement pris une autre tournure. Selon le r\u00e9cit du jeune homme, apr\u00e8s lui avoir demand\u00e9 s&rsquo;il avait \u00ab\u00a0l&rsquo;habitude\u00a0\u00bb de la nudit\u00e9, l&rsquo;animateur avait fini par r\u00e9clamer \u00e0 l&rsquo;adolescent une photo de lui nu. Malgr\u00e9 les r\u00e9ticences d&rsquo;Axel, les demandes de Jean-Marc Morandini seraient ensuite devenues r\u00e9currentes. \u00ab\u00a0Au bout d&rsquo;un moment, j&rsquo;ai craqu\u00e9. J&rsquo;ai pris une photo d&rsquo;Internet, et je lui ai envoy\u00e9e\u00a0\u00bb, avait relat\u00e9 le plaignant aupr\u00e8s de \u00ab\u00a0Compl\u00e9ment d&rsquo;enqu\u00eate\u00a0\u00bb.\u00a0<\/p>\n<p>Aupr\u00e8s de franceinfo, Axel d\u00e9plore aujourd&rsquo;hui la d\u00e9cision de CNews de laisser \u00e0 l&rsquo;antenne le pr\u00e9sentateur de l&rsquo;\u00e9mission \u00ab\u00a0Morandini Live\u00a0\u00bb, diffus\u00e9e du lundi au vendredi, de 10h30 \u00e0 midi, sur le canal 14 de la TNT.\u00a0\u00ab\u00a0Le groupe Canal+ va mettre \u00e0 l&rsquo;antenne un d\u00e9linquant sexuel quotidiennement\u00a0\u00bb, s&rsquo;indigne Axel, pointant \u00ab\u00a0l&rsquo;image catastrophique qui est renvoy\u00e9e\u00a0\u00bb.\u00a0<\/p>\n<p>\u00ab\u00a0Jean-Marc Morandini continue son combat pour la justice et il reste \u00e0 l&rsquo;antenne sur CNews\u00a0\u00bb, d\u00e8s ce jeudi \u00e0 10h30, a relay\u00e9 la cha\u00eene dans une d\u00e9claration transmise \u00e0 l&rsquo;AFP. Dans un communiqu\u00e9 distinct, le sexag\u00e9naire a dit \u00e9tudier \u00ab\u00a0la possibilit\u00e9 de saisir la Cour europ\u00e9enne des droits de l&rsquo;Homme\u00a0\u00bb sur son cas.<\/p>\n<p>Cet \u00e9ventuel recours n&rsquo;est toutefois \u00ab\u00a0pas suspensif de quoi que ce soit\u00a0\u00bb, pointe Anthony Mottet, l&rsquo;avocat d&rsquo;Axel, soulignant que \u00ab\u00a0Jean-Marc Morandini n&rsquo;est d\u00e9sormais plus pr\u00e9sum\u00e9 innocent : sa condamnation est effective\u00a0\u00bb. Il regrette la \u00ab\u00a0contradiction\u00a0\u00bb du groupe Canal+ qui avait affirm\u00e9, dans un communiqu\u00e9 en 2016, qu'\u00a0\u00bben cas de condamnation\u00a0\u00bb, Jean-Marc Morandini \u00ab\u00a0quitterait le groupe sans indemnit\u00e9\u00a0\u00bb.<\/p>\n<p>Le pr\u00e9sentateur \u00ab\u00a0a approch\u00e9 ses victimes gr\u00e2ce \u00e0 son influence m\u00e9diatique. En le gardant \u00e0 l&rsquo;antenne, on lui permet de conserver cette influence-l\u00e0\u00a0\u00bb, pointe l&rsquo;avocat, rappelant que \u00ab\u00a0la justice par trois fois a reconnu qu\u2019il a fait souffrir des mineurs\u00a0\u00bb. Il d\u00e9plore le fait qu'\u00a0\u00bbaucun arsenal juridique ne permette de l&rsquo;\u00e9carter de ses fonctions t\u00e9l\u00e9visuelles : c&rsquo;est un choix de l&#8217;employeur\u00a0\u00bb.\u00a0<\/p>\n","protected":false},"excerpt":{"rendered":"Malgr\u00e9 sa condamnation d\u00e9finitive pour corruption de mineurs, le groupe Canal+ va maintenir \u00e0 l&rsquo;antenne l&rsquo;animateur de 60&hellip;\n","protected":false},"author":2,"featured_media":663908,"comment_status":"","ping_status":"","sticky":false,"template":"","format":"standard","meta":{"footnotes":""},"categories":[8],"tags":[58,59,1011,27],"class_list":{"0":"post-663907","1":"post","2":"type-post","3":"status-publish","4":"format-standard","5":"has-post-thumbnail","7":"category-divertissement","8":"tag-divertissement","9":"tag-entertainment","10":"tag-fr","11":"tag-france"},"share_on_mastodon":{"url":"https:\/\/pubeurope.com\/@fr\/115895768662960970","error":""},"_links":{"self":[{"href":"https:\/\/www.europesays.com\/fr\/wp-json\/wp\/v2\/posts\/663907","targetHints":{"allow":["GET"]}}],"collection":[{"href":"https:\/\/www.europesays.com\/fr\/wp-json\/wp\/v2\/posts"}],"about":[{"href":"https:\/\/www.europesays.com\/fr\/wp-json\/wp\/v2\/types\/post"}],"author":[{"embeddable":true,"href":"https:\/\/www.europesays.com\/fr\/wp-json\/wp\/v2\/users\/2"}],"replies":[{"embeddable":true,"href":"https:\/\/www.europesays.com\/fr\/wp-json\/wp\/v2\/comments?post=663907"}],"version-history":[{"count":0,"href":"https:\/\/www.europesays.com\/fr\/wp-json\/wp\/v2\/posts\/663907\/revisions"}],"wp:featuredmedia":[{"embeddable":true,"href":"https:\/\/www.europesays.com\/fr\/wp-json\/wp\/v2\/media\/663908"}],"wp:attachment":[{"href":"https:\/\/www.europesays.com\/fr\/wp-json\/wp\/v2\/media?parent=663907"}],"wp:term":[{"taxonomy":"category","embeddable":true,"href":"https:\/\/www.europesays.com\/fr\/wp-json\/wp\/v2\/categories?post=663907"},{"taxonomy":"post_tag","embeddable":true,"href":"https:\/\/www.europesays.com\/fr\/wp-json\/wp\/v2\/tags?post=663907"}],"curies":[{"name":"wp","href":"https:\/\/api.w.org\/{rel}","templated":true}]}}