{"id":663917,"date":"2026-01-14T22:21:13","date_gmt":"2026-01-14T22:21:13","guid":{"rendered":"https:\/\/www.europesays.com\/fr\/663917\/"},"modified":"2026-01-14T22:21:13","modified_gmt":"2026-01-14T22:21:13","slug":"une-serveuse-sur-les-epaules-dun-collegue-cette-etonnante-pratique-au-coeur-du-drame-de-crans-montana","status":"publish","type":"post","link":"https:\/\/www.europesays.com\/fr\/663917\/","title":{"rendered":"Une serveuse sur les \u00e9paules d&rsquo;un coll\u00e8gue: cette \u00e9tonnante pratique au c\u0153ur du drame de Crans-Montana"},"content":{"rendered":"<p>Le d\u00e9part de l\u2019incendie qui a fait 40 morts et 116 bless\u00e9s le 1er janvier au Constellation est attribu\u00e9 aux bougies scintillantes trop proches du plafond du bar. Parmi les victimes, il y a une jeune serveuse qui se trouvait sur les \u00e9paules d\u2019un de ses coll\u00e8gues. Une pratique qui pose question en mati\u00e8re de responsabilit\u00e9.<\/p>\n<p>Elle s&rsquo;appelait Cyane. Cette jeune Fran\u00e7aise de 24 ans adorait le Valais. Le couple Moretti, patron du bar \u00ab\u00a0Le Constellation\u00a0\u00bb \u00e0 Crans-Montana, l\u2019a engag\u00e9e en 2021. Elle est devenue leur prot\u00e9g\u00e9e, partageant la vie de leur beau-fils.<\/p>\n<p>Victime et non responsable<\/p>\n<p>La nuit du Nouvel An, c&rsquo;est elle qui serait mont\u00e9e sur les \u00e9paules d\u2019un coll\u00e8gue pour apporter \u00e0 une table des bouteilles de champagne orn\u00e9es de bougies scintillantes. Le Minist\u00e8re public valaisan soup\u00e7onne que cette pratique est \u00e0 l&rsquo;origine de l\u2019incendie fatal.\u00a0<\/p>\n<p>Pour les parents de Cyane, leur fille est une victime et n\u2019est en aucun cas responsable de ce qu\u2019il s\u2019est pass\u00e9. \u00ab\u00a0Aujourd&rsquo;hui, il n&rsquo;y a aucun \u00e9l\u00e9ment probant du dossier qui confirme que c&rsquo;est bien Cyane qui a \u00e9t\u00e9 \u00e0 l&rsquo;origine de cet incendie\u00a0\u00bb, plaide Me Sophie Haenni. \u00ab\u00a0Il est aussi possible qu&rsquo;avec l&rsquo;allumage de toutes ces bougies qui ont \u00e9t\u00e9 apparemment allum\u00e9es en m\u00eame temps, avec la chaleur, l&rsquo;origine du feu ait pu prendre ainsi.\u00a0\u00bb<\/p>\n<p><strong class=\"inline-title\">&gt;&gt; Lire aussi\u00a0: <\/strong><a href=\"https:\/\/www.rts.ch\/info\/suisse\/2026\/article\/tragedie-de-crans-montana-40-vies-fauchees-dont-20-mineurs-emoi-national-29113496.html\" data-item-id=\"richtext_link\" target=\"_blank\" rel=\"noopener\">Arthur, Cyane, Caroline&#8230; derri\u00e8re les hommages, les visages de la trag\u00e9die de Crans-Montana<\/a><\/p>\n<p>\u00ab\u00a0Habitude de faire ce show\u00a0\u00bb<\/p>\n<p>Reste que la pratique de servir les clients sur les \u00e9paules d&rsquo;un autre serveur, muni d&rsquo;engins pyrotechniques, interroge. \u00ab\u00a0On a des t\u00e9moignages de proches de Cyane qui nous ont confirm\u00e9 qu&rsquo;effectivement, les serveurs avaient pour habitude de faire ce show, que les serveuses montaient parfois sur leurs \u00e9paules.\u00a0\u00bb<\/p>\n<p>\u00ab\u00a0Une amie proche de Cyane \u00e9tait tr\u00e8s souvent \u00e0 Crans-Montana\u00a0\u00bb, raconte l&rsquo;avocate. \u00ab\u00a0Et justement, elle entendait souvent Madame Moretti (la g\u00e9rante, ndlr) demander \u00e0 Cyane de faire telle ou telle chose parce que tout venait vraiment des g\u00e9rants. Les employ\u00e9s ne prenaient pas d&rsquo;initiative par eux-m\u00eames.\u00a0\u00bb<\/p>\n<p><strong class=\"inline-title\">&gt;&gt; Lire aussi\u00a0: <\/strong><a href=\"https:\/\/www.rts.ch\/info\/regions\/valais\/2026\/article\/incendie-du-constellation-patron-confirme-porte-de-secours-verrouillee-29114171.html\" data-item-id=\"richtext_link\" target=\"_blank\" rel=\"noopener\">Le patron du Constellation a confirm\u00e9 que la porte de service du rez-de-chauss\u00e9e \u00e9tait verrouill\u00e9e<\/a><\/p>\n<p>\u00a0\u00ab\u00a0J&rsquo;ai arr\u00eat\u00e9 de faire \u00e7a\u00a0\u00bb<\/p>\n<p>Cet ancien employ\u00e9 du Constellation que la RTS a retrouv\u00e9 confirme cette pratique. Il souhaite rester anonyme. \u00ab\u00a0Avant que j&rsquo;arrive, ils avaient pour habitude au Constellation de faire ce show-l\u00e0, de porter les serveuses sur les \u00e9paules\u00a0\u00bb, se souvient-il. \u00ab\u00a0La patronne, Jessica, m\u2019a propos\u00e9 de faire pareil.\u00a0\u00bb<\/p>\n<p>Selon lui, cette m\u00eame sc\u00e8ne se r\u00e9p\u00e9tait chaque samedi. \u00ab\u00a0On avait l&rsquo;habitude pour ce spectacle d\u2019\u00eatre encourag\u00e9s par les propri\u00e9taires \u00e0 porter les serveuses sur les \u00e9paules avec des feux de Bengale pour donner envie aux autres clients d&rsquo;avoir ce m\u00eame spectacle. On a \u00e9t\u00e9 encourag\u00e9 dans le sens o\u00f9 je n&rsquo;avais pas l&rsquo;id\u00e9e de faire \u00e7a. Le fait qu&rsquo;on portait les serveuses sur les \u00e9paules, on \u00e9tait quand m\u00eame tr\u00e8s proche du plafond. Et c&rsquo;est pour \u00e7a que par la suite, j&rsquo;ai arr\u00eat\u00e9 de faire \u00e7a.\u00a0\u00bb<\/p>\n<p>\u00ab\u00a0Jamais oblig\u00e9s\u00a0\u00bb \u00e0 le faire<\/p>\n<p>Le soir du R\u00e9veillon 2019, un autre serveur avait la m\u00eame conscience du danger, comme la RTS le r\u00e9v\u00e9lait la semaine derni\u00e8re. \u00ab\u00a0Faites gaffe \u00e0 la mousse!\u00a0\u00bb, criait-il deux fois aux clients en guise d&rsquo;avertissement.<\/p>\n<p><strong class=\"inline-title\">&gt;&gt; Lire aussi\u00a0: <\/strong><a href=\"https:\/\/www.rts.ch\/info\/regions\/valais\/2026\/article\/video-choc-employe-du-bar-constellation-avertit-du-danger-des-mousses-en-2019-29108515.html\" data-item-id=\"richtext_link\" target=\"_blank\" rel=\"noopener\">\u00ab\u00a0Faites gaffe \u00e0 la mousse!\u00a0\u00bb, la vid\u00e9o accablante d\u2019un pr\u00e9c\u00e9dent R\u00e9veillon au bar Le Constellation<\/a><\/p>\n<p>Contact\u00e9s, les avocats du couple Moretti se sont refus\u00e9s \u00e0 apporter un commentaire. Mais dans son audition du 1er janvier \u00e0 la police valaisanne, Jessica Moretti d\u00e9clarait ceci : \u00ab\u00a0Je reconnais Cyane sur la photo. Elle est effectivement sur les \u00e9paules de quelqu&rsquo;un (\u2026). Elle l&rsquo;a fait d&rsquo;elle-m\u00eame. L&rsquo;\u00e9quipe avait envie de mettre l&rsquo;ambiance (\u2026). Ils se prennent au jeu. Je ne les ai jamais emp\u00each\u00e9s de le faire, mais je ne les ai jamais oblig\u00e9s non plus.\u00a0\u00bb<\/p>\n<p>Plainte d\u00e9pos\u00e9e<\/p>\n<p>Appuy\u00e9s par leur avocate, les parents de Cyane ont d\u00e9j\u00e0 port\u00e9 plainte contre X, \u00e0 savoir contre toute personne qui pourrait \u00eatre tenue pour responsable dans ce drame.<\/p>\n<p>L&rsquo;enqu\u00eate du Minist\u00e8re public se poursuit.<\/p>\n<p class=\"sources\">Flore Dussey, Rapha\u00ebl Leroy<\/p>\n","protected":false},"excerpt":{"rendered":"Le d\u00e9part de l\u2019incendie qui a fait 40 morts et 116 bless\u00e9s le 1er janvier au Constellation est&hellip;\n","protected":false},"author":2,"featured_media":663918,"comment_status":"","ping_status":"","sticky":false,"template":"","format":"standard","meta":{"footnotes":""},"categories":[2],"tags":[11,20933,9780,5744,43885,36797,36798,47301,1011,27,1310,12,31344,65671,9418],"class_list":{"0":"post-663917","1":"post","2":"type-post","3":"status-publish","4":"format-standard","5":"has-post-thumbnail","7":"category-actualites","8":"tag-actualites","9":"tag-avocat","10":"tag-collegue","11":"tag-constellation","12":"tag-crans-montana","13":"tag-desastres","14":"tag-desastres-et-accidents","15":"tag-forme-dramatique","16":"tag-fr","17":"tag-france","18":"tag-incendie","19":"tag-news","20":"tag-serveur-informatique","21":"tag-valais","22":"tag-victime"},"share_on_mastodon":{"url":"https:\/\/pubeurope.com\/@fr\/115895788120681706","error":""},"_links":{"self":[{"href":"https:\/\/www.europesays.com\/fr\/wp-json\/wp\/v2\/posts\/663917","targetHints":{"allow":["GET"]}}],"collection":[{"href":"https:\/\/www.europesays.com\/fr\/wp-json\/wp\/v2\/posts"}],"about":[{"href":"https:\/\/www.europesays.com\/fr\/wp-json\/wp\/v2\/types\/post"}],"author":[{"embeddable":true,"href":"https:\/\/www.europesays.com\/fr\/wp-json\/wp\/v2\/users\/2"}],"replies":[{"embeddable":true,"href":"https:\/\/www.europesays.com\/fr\/wp-json\/wp\/v2\/comments?post=663917"}],"version-history":[{"count":0,"href":"https:\/\/www.europesays.com\/fr\/wp-json\/wp\/v2\/posts\/663917\/revisions"}],"wp:featuredmedia":[{"embeddable":true,"href":"https:\/\/www.europesays.com\/fr\/wp-json\/wp\/v2\/media\/663918"}],"wp:attachment":[{"href":"https:\/\/www.europesays.com\/fr\/wp-json\/wp\/v2\/media?parent=663917"}],"wp:term":[{"taxonomy":"category","embeddable":true,"href":"https:\/\/www.europesays.com\/fr\/wp-json\/wp\/v2\/categories?post=663917"},{"taxonomy":"post_tag","embeddable":true,"href":"https:\/\/www.europesays.com\/fr\/wp-json\/wp\/v2\/tags?post=663917"}],"curies":[{"name":"wp","href":"https:\/\/api.w.org\/{rel}","templated":true}]}}