{"id":66393,"date":"2025-05-01T07:47:11","date_gmt":"2025-05-01T07:47:11","guid":{"rendered":"https:\/\/www.europesays.com\/fr\/66393\/"},"modified":"2025-05-01T07:47:11","modified_gmt":"2025-05-01T07:47:11","slug":"un-ancien-gardien-de-camp-nazi-meurt-juste-avant-son-proces-2","status":"publish","type":"post","link":"https:\/\/www.europesays.com\/fr\/66393\/","title":{"rendered":"Un ancien gardien de camp nazi meurt juste avant son proc\u00e8s"},"content":{"rendered":"<p>C\u2019est ce qui s\u2019appelle \u00eatre sauv\u00e9 par le gong. Un ancien gardien du camp de concentration nazi de Sachsenhausen, menac\u00e9 d\u2019un proc\u00e8s, est d\u00e9c\u00e9d\u00e9 avant de r\u00e9pondre devant un juge des accusations de complicit\u00e9 de meurtres dans plus de 3.300 cas, a annonc\u00e9 mercredi la <a href=\"https:\/\/www.20minutes.fr\/monde\/3316627-20220628-allemagne-josef-schtz-plus-vieil-accuse-crimes-nazis-condamne-cinq-ans-prison\" target=\"_blank\" class=\"color-ultramarine c-link\" rel=\"noopener\">justice allemande<\/a>.<\/p>\n<p>Le tribunal de Hanau (ouest) a fait \u00e9tat du d\u00e9c\u00e8s de ce centenaire dont il n\u2019a pas r\u00e9v\u00e9l\u00e9 l\u2019identit\u00e9, intervenu \u00ab\u00a0de mani\u00e8re inattendue\u00a0\u00bb le 2\u00a0avril. La proc\u00e9dure devrait donc se terminer par un non-lieu.<\/p>\n<p>L\u2019accus\u00e9, un ancien gardien SS du <a href=\"https:\/\/www.20minutes.fr\/monde\/3137011-20210930-allemagne-ancienne-secretaire-camp-nazi-fuite-avant-proces\" target=\"_blank\" class=\"color-ultramarine c-link\" rel=\"noopener\">camp nazi <\/a>de Sachsenhausen, au nord de Berlin, \u00e9tait inculp\u00e9 par le parquet de Giessen depuis l\u2019\u00e9t\u00e9\u00a02023 de complicit\u00e9 de meurtres dans 3.322 cas, entre\u00a01943 et\u00a01945. Selon des m\u00e9dias allemands, l\u2019homme s\u2019appelait Gregor Formanek.<\/p>\n<p>Incapacit\u00e9 \u00e0 \u00eatre jug\u00e9\u00a0?<\/p>\n<p>La proc\u00e9dure a connu des rebondissements. En f\u00e9vrier\u00a02024, un expert a estim\u00e9 que l\u2019homme n\u2019\u00e9tait plus en \u00e9tat d\u2019\u00eatre jug\u00e9 en raison de son \u00e9tat physique et mental. La chambre des mineurs du tribunal de Hanau &#8211; l\u2019homme \u00e9tait \u00e2g\u00e9 de moins de 21 ans au moment des faits lui \u00e9tant reproch\u00e9s &#8211; avait alors refus\u00e9 d\u2019ouvrir un proc\u00e8s. Mais la d\u00e9cision avait \u00e9t\u00e9 annul\u00e9e par la Cour d\u2019appel de Francfort en d\u00e9cembre \u00e0 la suite de recours du parquet au motif que l\u2019expertise m\u00e9dicale obtenue de cet homme alors \u00e2g\u00e9 de 100 ans n\u2019\u00e9tait pas suffisante pour \u00e9valuer de mani\u00e8re fiable son incapacit\u00e9 \u00e0 \u00eatre jug\u00e9.<\/p>\n<p>Entre\u00a01936 et\u00a01945, quelque 200.000 personnes, principalement des opposants politiques, des juifs et des homosexuels, ont \u00e9t\u00e9 incarc\u00e9r\u00e9es au camp de Sachsenhausen. Des dizaines de milliers d\u2019entre elles ont p\u00e9ri, victimes principalement d\u2019\u00e9puisement d\u00fb au travail forc\u00e9 et aux cruelles conditions de d\u00e9tention.<\/p>\n<p>Des proc\u00e8s tardifs<\/p>\n<p>Plusieurs proc\u00e8s <a href=\"https:\/\/www.20minutes.fr\/monde\/3316627-20220628-allemagne-josef-schtz-plus-vieil-accuse-crimes-nazis-condamne-cinq-ans-prison\" target=\"_blank\" class=\"color-ultramarine c-link\" rel=\"noopener\">d\u2019anciens employ\u00e9s de camps nazis<\/a> ont eu lieu ces derni\u00e8res ann\u00e9es en Allemagne, depuis la condamnation en\u00a02011 de l\u2019ancien gardien du camp d\u2019extermination de Sobibor, John Demjanjuk, qui avait fait jurisprudence. Compte tenu du grand \u00e2ge des accus\u00e9s, les proc\u00e8s n\u2019ont parfois pas pu se tenir ou les condamn\u00e9s sont d\u00e9c\u00e9d\u00e9s avant d\u2019\u00eatre emprisonn\u00e9s, comme John Demjanjuk.<\/p>\n<p><a href=\"https:\/\/www.20minutes.fr\/monde\/3142923-20211007-allemagne-plus-vieil-accuse-crimes-nazis-refuse-exprimer-proces\" target=\"_blank\" class=\"color-ultramarine c-link\" rel=\"noopener\">Josef Sch\u00fctz<\/a>, un autre ancien gardien de camp de concentration condamn\u00e9 en juin\u00a02022 \u00e0 cinq ans de prison, est d\u00e9c\u00e9d\u00e9 moins d\u2019un an plus tard \u00e0 l\u2019\u00e2ge de 102 ans. Enfin Irmgard Furchner, une ex-secr\u00e9taire du camp de Stutthof, dans l\u2019actuelle <a href=\"https:\/\/www.20minutes.fr\/monde\/pologne\/4151082-20250430-pologne-contre-lois-strictes-ivg-lfi-apporte-pilules-abortives-varsovie\" target=\"_blank\" class=\"color-ultramarine c-link\" rel=\"noopener\">Pologne<\/a>, qui avait \u00e9cop\u00e9 de deux ans de prison avec sursis, est morte \u00e0 99 ans, avait annonc\u00e9 la justice le 7\u00a0avril.<\/p>\n","protected":false},"excerpt":{"rendered":"C\u2019est ce qui s\u2019appelle \u00eatre sauv\u00e9 par le gong. Un ancien gardien du camp de concentration nazi de&hellip;\n","protected":false},"author":2,"featured_media":66394,"comment_status":"","ping_status":"","sticky":false,"template":"","format":"standard","meta":{"footnotes":""},"categories":[1587],"tags":[47,11,672,1804,1805,1803,1777,674,1801,303,936,16684,12,2694,1802,935],"class_list":{"0":"post-66393","1":"post","2":"type-post","3":"status-publish","4":"format-standard","5":"has-post-thumbnail","7":"category-allemagne","8":"tag-actualite","9":"tag-actualites","10":"tag-allemagne","11":"tag-bundesrepublik-deutschland","12":"tag-de","13":"tag-deutschland","14":"tag-eu","15":"tag-europe","16":"tag-germany","17":"tag-justice","18":"tag-nazi","19":"tag-nazisme","20":"tag-news","21":"tag-proces","22":"tag-republique-federale-dallemagne","23":"tag-seconde-guerre-mondiale"},"share_on_mastodon":{"url":"https:\/\/pubeurope.com\/@fr\/114431475277416218","error":""},"_links":{"self":[{"href":"https:\/\/www.europesays.com\/fr\/wp-json\/wp\/v2\/posts\/66393","targetHints":{"allow":["GET"]}}],"collection":[{"href":"https:\/\/www.europesays.com\/fr\/wp-json\/wp\/v2\/posts"}],"about":[{"href":"https:\/\/www.europesays.com\/fr\/wp-json\/wp\/v2\/types\/post"}],"author":[{"embeddable":true,"href":"https:\/\/www.europesays.com\/fr\/wp-json\/wp\/v2\/users\/2"}],"replies":[{"embeddable":true,"href":"https:\/\/www.europesays.com\/fr\/wp-json\/wp\/v2\/comments?post=66393"}],"version-history":[{"count":0,"href":"https:\/\/www.europesays.com\/fr\/wp-json\/wp\/v2\/posts\/66393\/revisions"}],"wp:featuredmedia":[{"embeddable":true,"href":"https:\/\/www.europesays.com\/fr\/wp-json\/wp\/v2\/media\/66394"}],"wp:attachment":[{"href":"https:\/\/www.europesays.com\/fr\/wp-json\/wp\/v2\/media?parent=66393"}],"wp:term":[{"taxonomy":"category","embeddable":true,"href":"https:\/\/www.europesays.com\/fr\/wp-json\/wp\/v2\/categories?post=66393"},{"taxonomy":"post_tag","embeddable":true,"href":"https:\/\/www.europesays.com\/fr\/wp-json\/wp\/v2\/tags?post=66393"}],"curies":[{"name":"wp","href":"https:\/\/api.w.org\/{rel}","templated":true}]}}