{"id":663931,"date":"2026-01-14T22:28:10","date_gmt":"2026-01-14T22:28:10","guid":{"rendered":"https:\/\/www.europesays.com\/fr\/663931\/"},"modified":"2026-01-14T22:28:10","modified_gmt":"2026-01-14T22:28:10","slug":"la-sensation-pop-debarque-au-rockstore","status":"publish","type":"post","link":"https:\/\/www.europesays.com\/fr\/663931\/","title":{"rendered":"La sensation pop d\u00e9barque au Rockstore"},"content":{"rendered":"<p>\t\t\t\t\t\t\t\tUn journal intime \u00e0 ciel ouvert<\/p>\n<p>Entre autofiction crue et m\u00e9lodies explosives, la r\u00e9v\u00e9lation de l\u2019ann\u00e9e vient prouver que la nouvelle vague pop fran\u00e7aise n\u2019a plus aucun tabou.<\/p>\n<p data-path-to-node=\"5\">MIKI, c\u2019est l\u2019histoire d\u2019une artiste qui transforme le chaos du quotidien en tubes radiophoniques. Avec son premier album intitul\u00e9 <b data-path-to-node=\"5\" data-index-in-node=\"131\">\u00ab\u00a0Industry Plant\u00a0\u00bb<\/b> (sorti en octobre 2025), elle s\u2019est impos\u00e9e comme une voix incontournable. Ses textes, souvent qualifi\u00e9s de r\u00e9cits explosifs, naviguent entre humour acide et confessions d\u00e9sarmantes. Amours d\u00e9\u00e7ues, bad trips et qu\u00eate d\u2019identit\u00e9 : tout passe au filtre de sa plume ac\u00e9r\u00e9e.<\/p>\n<p data-path-to-node=\"6\">Son titre phare, <b data-path-to-node=\"6\" data-index-in-node=\"17\">\u00ab \u00c9chec et Mat \u00bb<\/b>, cumule d\u00e9j\u00e0 plus de <b data-path-to-node=\"6\" data-index-in-node=\"55\">6 millions d\u2019\u00e9coutes sur Spotify<\/b>, tandis que sa communaut\u00e9 ne cesse de grandir avec plus de <b data-path-to-node=\"6\" data-index-in-node=\"147\">178 000 abonn\u00e9s<\/b> sur Instagram.<\/p>\n<p>Une ascension record<\/p>\n<p data-path-to-node=\"8\">Si vous n\u2019avez pas encore entendu parler d\u2019elle, les chiffres parlent d\u2019eux-m\u00eames. En quelques mois, MIKI a br\u00fbl\u00e9 les \u00e9tapes :<\/p>\n<ul data-path-to-node=\"9\">\n<li>\n<p data-path-to-node=\"9,0,0\"><b data-path-to-node=\"9,0,0\" data-index-in-node=\"0\">Star Academy :<\/b> Son passage remarqu\u00e9 a g\u00e9n\u00e9r\u00e9 plus de <b data-path-to-node=\"9,0,0\" data-index-in-node=\"53\">2,4 millions de vues<\/b> sur les r\u00e9seaux sociaux et a boost\u00e9 l\u2019audience de l\u2019\u00e9mission \u00e0 <b data-path-to-node=\"9,0,0\" data-index-in-node=\"137\">2,6 millions de t\u00e9l\u00e9spectateurs<\/b>.<\/p>\n<\/li>\n<li>\n<p data-path-to-node=\"9,1,0\"><b data-path-to-node=\"9,1,0\" data-index-in-node=\"0\">Sc\u00e8ne :<\/b> Apr\u00e8s un <b data-path-to-node=\"9,1,0\" data-index-in-node=\"17\">Olympia complet<\/b> en octobre 2025, elle a d\u00e9j\u00e0 annonc\u00e9 un <b data-path-to-node=\"9,1,0\" data-index-in-node=\"73\">Z\u00e9nith de Paris pour le 18 novembre 2026<\/b>.<\/p>\n<\/li>\n<li>\n<p data-path-to-node=\"9,2,0\"><b data-path-to-node=\"9,2,0\" data-index-in-node=\"0\">Reconnaissance :<\/b> Cerise sur le g\u00e2teau, elle vient de d\u00e9crocher <b data-path-to-node=\"9,2,0\" data-index-in-node=\"63\">deux nominations aux Victoires de la Musique 2026<\/b> dans les cat\u00e9gories \u00ab\u00a0R\u00e9v\u00e9lation F\u00e9minine\u00a0\u00bb et \u00ab\u00a0R\u00e9v\u00e9lation Sc\u00e8ne\u00a0\u00bb.<\/p>\n<\/li>\n<\/ul>\n<p>Le Rockstore : une date \u00e0 ne pas manquer<\/p>\n<p data-path-to-node=\"11\">Assister \u00e0 un concert de MIKI, c\u2019est plonger dans un univers visuel et sonore unique, o\u00f9 l\u2019intimit\u00e9 d\u2019une chambre d\u2019adolescente rencontre l\u2019\u00e9nergie d\u2019une salle de concert en fusion. \u00c0 Montpellier, le <b data-path-to-node=\"11\" data-index-in-node=\"200\">19 f\u00e9vrier prochain<\/b>, le public aura la chance de d\u00e9couvrir de pr\u00e8s celle qui r\u00e9invente les codes de la pop.<\/p>\n<ul data-path-to-node=\"12,1\">\n<li>\n<p data-path-to-node=\"12,1,0,0\"><b data-path-to-node=\"12,1,0,0\" data-index-in-node=\"0\">Date :<\/b> Jeudi 19 f\u00e9vrier \u00e0 19h30<\/p>\n<\/li>\n<li>\n<p data-path-to-node=\"12,1,1,0\"><b data-path-to-node=\"12,1,1,0\" data-index-in-node=\"0\">Lieu :<\/b> Le Rockstore, 20 rue de Verdun \u00e0 Montpellier<\/p>\n<\/li>\n<li>\n<p data-path-to-node=\"12,1,3,0\"><b data-path-to-node=\"12,1,3,0\" data-index-in-node=\"0\">Billet :<\/b> 26,80\u20ac <a href=\"https:\/\/billetterie.seetickets.fr\/miki-concert-le-rockstore-montpellier-19-fevrier-2026-css5-rockstoremontpellier-pg101-ri11002473.html\" target=\"_blank\" rel=\"noopener\"><strong>ici<\/strong><\/a><\/p>\n<\/li>\n<\/ul>\n<blockquote class=\"instagram-media\" style=\"background: #FFF; border: 0; border-radius: 3px; box-shadow: 0 0 1px 0 rgba(0,0,0,0.5),0 1px 10px 0 rgba(0,0,0,0.15); margin: 1px; max-width: 540px; min-width: 326px; padding: 0; width: calc(100% - 2px);\" data-instgrm-captioned=\"\" data-instgrm-permalink=\"https:\/\/www.instagram.com\/p\/DRkW_zwAhQY\/?utm_source=ig_embed&amp;utm_campaign=loading\" data-instgrm-version=\"14\">\n<\/blockquote>\n<p>\t\t\t\t\t\t\t\t\t\t\t\t\t\t\t<script async src=\"\/\/www.instagram.com\/embed.js\"><\/script><\/p>\n","protected":false},"excerpt":{"rendered":"Un journal intime \u00e0 ciel ouvert Entre autofiction crue et m\u00e9lodies explosives, la r\u00e9v\u00e9lation de l\u2019ann\u00e9e vient prouver&hellip;\n","protected":false},"author":2,"featured_media":663932,"comment_status":"","ping_status":"","sticky":false,"template":"","format":"standard","meta":{"footnotes":""},"categories":[9599],"tags":[1111,11,1777,674,1011,27,2208,12,2680,25],"class_list":{"0":"post-663931","1":"post","2":"type-post","3":"status-publish","4":"format-standard","5":"has-post-thumbnail","7":"category-montpellier","8":"tag-actu","9":"tag-actualites","10":"tag-eu","11":"tag-europe","12":"tag-fr","13":"tag-france","14":"tag-montpellier","15":"tag-news","16":"tag-occitanie","17":"tag-republique-francaise"},"share_on_mastodon":{"url":"https:\/\/pubeurope.com\/@fr\/115895815693161811","error":""},"_links":{"self":[{"href":"https:\/\/www.europesays.com\/fr\/wp-json\/wp\/v2\/posts\/663931","targetHints":{"allow":["GET"]}}],"collection":[{"href":"https:\/\/www.europesays.com\/fr\/wp-json\/wp\/v2\/posts"}],"about":[{"href":"https:\/\/www.europesays.com\/fr\/wp-json\/wp\/v2\/types\/post"}],"author":[{"embeddable":true,"href":"https:\/\/www.europesays.com\/fr\/wp-json\/wp\/v2\/users\/2"}],"replies":[{"embeddable":true,"href":"https:\/\/www.europesays.com\/fr\/wp-json\/wp\/v2\/comments?post=663931"}],"version-history":[{"count":0,"href":"https:\/\/www.europesays.com\/fr\/wp-json\/wp\/v2\/posts\/663931\/revisions"}],"wp:featuredmedia":[{"embeddable":true,"href":"https:\/\/www.europesays.com\/fr\/wp-json\/wp\/v2\/media\/663932"}],"wp:attachment":[{"href":"https:\/\/www.europesays.com\/fr\/wp-json\/wp\/v2\/media?parent=663931"}],"wp:term":[{"taxonomy":"category","embeddable":true,"href":"https:\/\/www.europesays.com\/fr\/wp-json\/wp\/v2\/categories?post=663931"},{"taxonomy":"post_tag","embeddable":true,"href":"https:\/\/www.europesays.com\/fr\/wp-json\/wp\/v2\/tags?post=663931"}],"curies":[{"name":"wp","href":"https:\/\/api.w.org\/{rel}","templated":true}]}}