{"id":663935,"date":"2026-01-14T22:30:13","date_gmt":"2026-01-14T22:30:13","guid":{"rendered":"https:\/\/www.europesays.com\/fr\/663935\/"},"modified":"2026-01-14T22:30:13","modified_gmt":"2026-01-14T22:30:13","slug":"comment-faire-le-bon-choix","status":"publish","type":"post","link":"https:\/\/www.europesays.com\/fr\/663935\/","title":{"rendered":"comment faire le bon choix ?\u00a0"},"content":{"rendered":"<p melodystyle=\"texte\" data-end=\"452\">La plateforme Parcoursup ouvre lundi 19\u00a0janvier. C&rsquo;est le d\u00e9but d&rsquo;une \u00e9tape d\u00e9cisive pour les lyc\u00e9ens, qui doivent \u00e9mettre des v\u0153ux pour leur avenir. Pour Denis Leboucher, directeur de l&rsquo;Agence de l&rsquo;orientation et des m\u00e9tiers de Normandie, \u00ab\u00a0l&rsquo;accompagnement de l&rsquo;\u00e9quipe \u00e9ducative reste fondamental pour aider les jeunes \u00e0 clarifier leurs envies et leurs capacit\u00e9s\u00a0\u00bb.<\/p>\n<p>Rencontrer les professionnels<\/p>\n<p melodystyle=\"texte\" data-end=\"452\">Les \u00e9v\u00e9nements d&rsquo;orientation jouent \u00e9galement un r\u00f4le cl\u00e9, comme le Salon r\u00e9gional de l&rsquo;orientation et des m\u00e9tiers, les 5, 6 et 7\u00a0f\u00e9vrier \u00e0 Caen, qui permettent de rencontrer \u00e9coles et acteurs de terrain. Autre ressource majeure, \u00ab\u00a0la rencontre avec des professionnels ou des \u00e9tudiants d\u00e9j\u00e0 en formation, ainsi que des stages pendant les vacances scolaires peuvent aussi aider \u00e0 confirmer un choix\u00a0\u00bb.\u00a0Si certaines fili\u00e8res restent tr\u00e8s demand\u00e9es (droit, psychologie, STAPS, sant\u00e9), les entreprises normandes recherchent aussi des profils dans des secteurs d&rsquo;avenir comme l&rsquo;\u00e9nergie, le num\u00e9rique, la cybers\u00e9curit\u00e9 ou la pharmacie.<\/p>\n","protected":false},"excerpt":{"rendered":"La plateforme Parcoursup ouvre lundi 19\u00a0janvier. C&rsquo;est le d\u00e9but d&rsquo;une \u00e9tape d\u00e9cisive pour les lyc\u00e9ens, qui doivent \u00e9mettre&hellip;\n","protected":false},"author":2,"featured_media":663936,"comment_status":"","ping_status":"","sticky":false,"template":"","format":"standard","meta":{"footnotes":""},"categories":[9587],"tags":[1111,11,1777,674,1011,27,12,5161,25,9590],"class_list":{"0":"post-663935","1":"post","2":"type-post","3":"status-publish","4":"format-standard","5":"has-post-thumbnail","7":"category-rouen","8":"tag-actu","9":"tag-actualites","10":"tag-eu","11":"tag-europe","12":"tag-fr","13":"tag-france","14":"tag-news","15":"tag-normandie","16":"tag-republique-francaise","17":"tag-rouen"},"share_on_mastodon":{"url":"https:\/\/pubeurope.com\/@fr\/115895823644845038","error":""},"_links":{"self":[{"href":"https:\/\/www.europesays.com\/fr\/wp-json\/wp\/v2\/posts\/663935","targetHints":{"allow":["GET"]}}],"collection":[{"href":"https:\/\/www.europesays.com\/fr\/wp-json\/wp\/v2\/posts"}],"about":[{"href":"https:\/\/www.europesays.com\/fr\/wp-json\/wp\/v2\/types\/post"}],"author":[{"embeddable":true,"href":"https:\/\/www.europesays.com\/fr\/wp-json\/wp\/v2\/users\/2"}],"replies":[{"embeddable":true,"href":"https:\/\/www.europesays.com\/fr\/wp-json\/wp\/v2\/comments?post=663935"}],"version-history":[{"count":0,"href":"https:\/\/www.europesays.com\/fr\/wp-json\/wp\/v2\/posts\/663935\/revisions"}],"wp:featuredmedia":[{"embeddable":true,"href":"https:\/\/www.europesays.com\/fr\/wp-json\/wp\/v2\/media\/663936"}],"wp:attachment":[{"href":"https:\/\/www.europesays.com\/fr\/wp-json\/wp\/v2\/media?parent=663935"}],"wp:term":[{"taxonomy":"category","embeddable":true,"href":"https:\/\/www.europesays.com\/fr\/wp-json\/wp\/v2\/categories?post=663935"},{"taxonomy":"post_tag","embeddable":true,"href":"https:\/\/www.europesays.com\/fr\/wp-json\/wp\/v2\/tags?post=663935"}],"curies":[{"name":"wp","href":"https:\/\/api.w.org\/{rel}","templated":true}]}}