{"id":663939,"date":"2026-01-14T22:32:11","date_gmt":"2026-01-14T22:32:11","guid":{"rendered":"https:\/\/www.europesays.com\/fr\/663939\/"},"modified":"2026-01-14T22:32:11","modified_gmt":"2026-01-14T22:32:11","slug":"un-rocher-chute-au-milieu-de-la-route","status":"publish","type":"post","link":"https:\/\/www.europesays.com\/fr\/663939\/","title":{"rendered":"un rocher chute au milieu de la route"},"content":{"rendered":"<p>Un rocher\u00a0s\u2019est d\u00e9croch\u00e9 de la montagne et a chut\u00e9 au milieu de la route, dans un virage, ce mercredi 14\u00a0janvier, sur la commune de Sassenage, au niveau de la RD6B ou ancienne route du Vercors.<\/p>\n<p>Des automobilistes surpris ont pr\u00e9venu les gendarmes en d\u00e9but de soir\u00e9e. Ces derniers se sont imm\u00e9diatement rendus sur place afin de s\u00e9curiser la zone, dans l\u2019attente de l\u2019enl\u00e8vement du rocher. Fort heureusement, cet \u00e9boulement n\u2019a pas entra\u00een\u00e9 de dommage.<\/p>\n","protected":false},"excerpt":{"rendered":"Un rocher\u00a0s\u2019est d\u00e9croch\u00e9 de la montagne et a chut\u00e9 au milieu de la route, dans un virage, ce&hellip;\n","protected":false},"author":2,"featured_media":663940,"comment_status":"","ping_status":"","sticky":false,"template":"","format":"standard","meta":{"footnotes":""},"categories":[9566],"tags":[119,1111,11,2430,112,1777,674,274,107,1011,27,2731,108,12278,12,25,16668],"class_list":{"0":"post-663939","1":"post","2":"type-post","3":"status-publish","4":"format-standard","5":"has-post-thumbnail","7":"category-grenoble","8":"tag-accident","9":"tag-actu","10":"tag-actualites","11":"tag-auvergne-rhone-alpes","12":"tag-edition-grenoble-agglomeration","13":"tag-eu","14":"tag-europe","15":"tag-faits-divers-justice","16":"tag-fil-info","17":"tag-fr","18":"tag-france","19":"tag-grenoble","20":"tag-isere","21":"tag-lagglomeration-et-le-vercors","22":"tag-news","23":"tag-republique-francaise","24":"tag-sassenage"},"share_on_mastodon":{"url":"https:\/\/pubeurope.com\/@fr\/115895831380175049","error":""},"_links":{"self":[{"href":"https:\/\/www.europesays.com\/fr\/wp-json\/wp\/v2\/posts\/663939","targetHints":{"allow":["GET"]}}],"collection":[{"href":"https:\/\/www.europesays.com\/fr\/wp-json\/wp\/v2\/posts"}],"about":[{"href":"https:\/\/www.europesays.com\/fr\/wp-json\/wp\/v2\/types\/post"}],"author":[{"embeddable":true,"href":"https:\/\/www.europesays.com\/fr\/wp-json\/wp\/v2\/users\/2"}],"replies":[{"embeddable":true,"href":"https:\/\/www.europesays.com\/fr\/wp-json\/wp\/v2\/comments?post=663939"}],"version-history":[{"count":0,"href":"https:\/\/www.europesays.com\/fr\/wp-json\/wp\/v2\/posts\/663939\/revisions"}],"wp:featuredmedia":[{"embeddable":true,"href":"https:\/\/www.europesays.com\/fr\/wp-json\/wp\/v2\/media\/663940"}],"wp:attachment":[{"href":"https:\/\/www.europesays.com\/fr\/wp-json\/wp\/v2\/media?parent=663939"}],"wp:term":[{"taxonomy":"category","embeddable":true,"href":"https:\/\/www.europesays.com\/fr\/wp-json\/wp\/v2\/categories?post=663939"},{"taxonomy":"post_tag","embeddable":true,"href":"https:\/\/www.europesays.com\/fr\/wp-json\/wp\/v2\/tags?post=663939"}],"curies":[{"name":"wp","href":"https:\/\/api.w.org\/{rel}","templated":true}]}}